{"id":1743,"date":"2016-10-01T12:34:59","date_gmt":"2016-10-01T10:34:59","guid":{"rendered":"http:\/\/lehrredaktion.wmk-karlsruhe.de\/?p=1743"},"modified":"2018-03-15T19:13:43","modified_gmt":"2018-03-15T18:13:43","slug":"magazine-abseits-des-mainstreams","status":"publish","type":"post","link":"https:\/\/medienplattform.wmk-karlsruhe.de\/wmk-karlsruhe-de-medienplattform\/magazine-abseits-des-mainstreams\/","title":{"rendered":"Magazine abseits des Mainstreams"},"content":{"rendered":"<h6>Von Johanna Sterrer und Kai Wieland &#8212; 28. August 2016<\/h6>\n<p><strong>Gro\u00dfe Zeitschriftenverlage klagen \u00fcber schwindenden Absatz. F\u00fcr manche<br \/>\nMagazine gilt dies jedoch nicht. Nie gab es ein gr\u00f6\u00dferes Angebot an<br \/>\nNischenzeitschriften. Bei ihnen z\u00e4hlen vor allem Originalit\u00e4t und Ideenvielfalt.<\/strong><\/p>\n<div style=\"display:block\">\n<!-- FlowPaper PDF flipbook plugin v.2.0.5 wordpress.org\/plugins\/flowpaper\/ -->\n<iframe title=\"FlowPaper flipbook pdf viewer\" width=\"100%\" height=\"500\" scrolling=\"no\" class=\"flowpaper-class\" frameborder=\"0\" allowFullScreen=\"true\" lightbox=\"false\" cover id src = \"https:\/\/flowpaper.com\/flipbook\/?pdf=http:\/\/medienplattform.wmk-karlsruhe.de\/wp-content\/uploads\/WMK-Printerest-Mainstream.pdf&title=&header=&theme=&singlepage=&thumbs=1&modified=180315713\" seamless=\"seamless\" style=\"margin-bottom:0;display:block;\">Your browser does not seem to support iframes. <a href=\"https:\/\/flowpaper.com\/flipbook\/?pdf=http:\/\/medienplattform.wmk-karlsruhe.de\/wp-content\/uploads\/WMK-Printerest-Mainstream.pdf\" target=\"_blank\">Click here to read this PDF<\/a>.<\/iframe>\n<div id=\"flowpaper-logo-bottom\" class=\"flowpaper-logo-bg\" style=\"background:linear-gradient(to right, rgba(0,0,0,0.65) 0%,rgba(0,0,0,0) 200px);width:100%;height:19px; padding-bottom: 1px; padding-left: 5px; padding-right: 10px; display: flex; align-items: center;z-index:9999\"><span style=\"height: 37px; padding-left: 6px;width:90%\"> <a id=\"flowpaper-link\" style=\"fill: #fff\" alt=\"FlowPaper logotype\" title=\"FlowPaper logotype\" href=\"https:\/\/flowpaper.com\" target=\"_blank\"> <img decoding=\"async\" alt=\"Publish PDF flipbooks online\" style=\"height:17px;width:auto;margin-top:11px;\" src=\"https:\/\/medienplattform.wmk-karlsruhe.de\/wmk-karlsruhe-de-medienplattform\/wp-content\/plugins\/flowpaper-lite-pdf-flipbook\/assets\/flowpaper-logo.png\" border=\"0\"> <\/a> <\/span><span style=\" float: right; right: 0; font-size: 10px; white-space: nowrap; opacity:0.8\"><a href=\"https:\/\/flowpaper.com\/flipbook-maker\/\" target=\"_new\" style=\"text-decoration:none;border-bottom:none;\">Created using FlowPaper Flipbook Maker &#8599;<\/a><\/span><\/div><\/div>\r\n                <script>\r\n                document.addEventListener(\"DOMContentLoaded\", function(){\r\n                    var target_element, iframe_element;\r\n                    iframe_element = document.querySelector(\"iframe.flowpaper-class\");\r\n                    target_element = document.querySelector(\"\");\r\n                    iframe_element.style.height = target_element.offsetHeight + \"px\";\r\n                });\r\n                <\/script>\r\n            \n<h6>Der kompletten Artikel als <a href=\"http:\/\/medienplattform.wmk-karlsruhe.de\/wp-content\/uploads\/WMK-Printerest-Mainstream.pdf\" target=\"_blank\" rel=\"noopener noreferrer\">PDF<\/a><\/h6>\n<h2>WALDEN<\/h2>\n<p><strong>Seit Mai 2015<br \/>\nErscheint zweimal j\u00e4hrlich<br \/>\nPreis: 7,50 Euro<br \/>\nVerkaufte Auflage: 25 000 Exemplare<\/strong><\/p>\n<p>\u00bbLass dich raus! Die Wildnis beginnt vor der<br \/>\nHaust\u00fcr\u00ab \u2013 ist auf dem Cover zu lesen. Mit<br \/>\ndem Titel Walden lehnt sich das Heft an das<br \/>\ngleichnamige Buch \u00bbWalden. Oder das Leben<br \/>\nin den W\u00e4ldern\u00ab von Henry David Thoreau<br \/>\nan, in dem er unter anderem sein einfaches<br \/>\nLeben in der Natur beschreibt. Publiziert wird<br \/>\nWalden vom Verlag Gruner und Jahr.<\/p>\n<p>Das Magazin richtet sich an Outdoor-<br \/>\nEnthusiasten, die Lust haben, Abenteuer in<br \/>\nheimischer Natur zu erleben. Dabei besticht<br \/>\ndas Cover mit einem kartonartigen Einband<br \/>\nund einem gelungenen maskulinen Design.<br \/>\nDer Outdoor-Look und die gedeckten Farben<br \/>\nsowie das Inhaltsverzeichnis in Form eines<br \/>\nWegweisers passen zum Zielpublikum.<br \/>\nEs gibt die Rubriken Entdecken, Wissen,<br \/>\nK\u00f6nnen und Kleinholz, um einen auf die Natur<br \/>\nvorzubereiten. Gro\u00dfformatige Bilder, auf<br \/>\nmattes 100-Gramm-Papier gedruckt, zeigen<br \/>\nbeeindruckende deutsche Landschaften gleich<br \/>\nzu Beginn des Heftes. Malerisch pr\u00e4sentieren<br \/>\nsich die Allg\u00e4uer Alpen, der Bayerische Wald<br \/>\noder die S\u00e4chsische Schweiz. Informativ sind<br \/>\ndie vielen Infografiken und das beiliegende<br \/>\nExtra-Heft Field-Guide, das einen im<br \/>\nFr\u00fchling und Sommer kein Naturereignis<br \/>\nmehr verpassen l\u00e4sst. Die aufwendigen<br \/>\nLandkarten und gezeichneten Tiere erinnern<br \/>\nan alte Bestimmungsb\u00fccher.<\/p>\n<p>Neben gr\u00f6\u00dferen Ausfl\u00fcgen, wie Camping im<br \/>\nGebirge, bietet das Magazin Tipps f\u00fcr den<br \/>\nAlltag: Wie lasse ich einen Stein \u00fcbers Wasser<br \/>\nh\u00fcpfen, wie kann ich das eigene Wohnviertel<br \/>\nmit anderen Augen betrachten und vieles<br \/>\nmehr. Doch scheint mancher Vorschlag auch<br \/>\netwas unrealistisch: Wer leiht sich einen<br \/>\nNeoprenanzug, um im n\u00e4chstgelegenen See<br \/>\nseine Abenteuerlust zu stillen?<br \/>\nF\u00fcr hartgesottene Outdoor-Abenteurer ist<br \/>\ndas Heft wohl eher nichts, daf\u00fcr sind die<br \/>\nVorschl\u00e4ge zu sehr auf den Komfort liebenden<br \/>\nStadtmenschen ausgelegt. Aber f\u00fcr den, der<br \/>\neinfach kleine Abenteuer in der Natur erleben<br \/>\nwill, ist das Heft sehr lesenswert und regt zur<br \/>\nUmsetzung in die Tat an. (JS)<\/p>\n<p style=\"text-align: right;\">Weiterlesen: <a href=\"http:\/\/walden-magazin.de\" target=\"_blank\" rel=\"noopener\">walden-magazin.de<\/a><\/p>\n<h2>flow<\/h2>\n<p><strong>Seit November 2013<br \/>\nErscheint im deutschsprachigen<br \/>\nRaum seit 2015 achtmal j\u00e4hrlich<br \/>\nPreis: 6,95 Euro<br \/>\nVerkaufte Auflage: 120<br \/>\n500 Exemplare<\/strong><\/p>\n<p>Das Magazin flow ist nach eigener<br \/>\nBeschreibung \u00bbdas Magazin f\u00fcr Achtsamkeit,<br \/>\nPositive Psychologie und Selbstgemachtes\u00ab<br \/>\nund schwimmt auf der aktuellen Nostalgiewelle<br \/>\nmit. Zielgruppe scheinen Frauen zu sein, die<br \/>\ntatkr\u00e4ftig und achtsam durchs Leben schreiten,<br \/>\nsich aber auch mal Zeit f\u00fcr sich selbst g\u00f6nnen.<br \/>\nDas besondere Layout sticht sofort ins<br \/>\nAuge: unterschiedliche Schriftarten,<br \/>\nviele verschiedene Papiersorten und ein<br \/>\nabwechslungsreiches Seitenlayout mit<br \/>\nzahlreichen grafischen Elementen sowie<br \/>\nZeichnungen und Fotos.<br \/>\nBeim Durchbl\u00e4ttern der Zeitschrift fallen vier<br \/>\nverschiedene Rubriken auf: feel connected, live<br \/>\nmindfully, spoil yourself und make it simple.<br \/>\nZitate, kleine Anekdoten, Produkte und vieles<br \/>\nmehr bilden jeweils einen erfrischend anderen<br \/>\nEinstieg in die Thematik.<br \/>\nMan lernt Menschen kennen, meist K\u00fcnstler,<br \/>\ndie sich ihre eigene kleine Oase geschaffen<br \/>\nhaben, und so versuchen, Arbeit und<br \/>\nSelbsterf\u00fcllung in Einklang zu bringen. An<br \/>\nAchtsamkeitsartikeln fehlt es nicht \u2013 immer<br \/>\nwieder hei\u00dft es, man soll den Moment<br \/>\ngenie\u00dfen, sich Zeit f\u00fcr sich selbst nehmen und<br \/>\nan kleinen Dingen erfreuen.<br \/>\nDer allgegenw\u00e4rtige Do-it-yourself-Trend<br \/>\nwird in dem Magazin ebenfalls aufgegriffen.<br \/>\nSo wird zum Beispiel beschrieben, wie man<br \/>\nGranny Squares, die ber\u00fchmten H\u00e4kelquadrate,<br \/>\nherstellt, einen Zimtschneckenkuchen backt<br \/>\noder selbst eine Wand tapeziert. Also viele<br \/>\nkleine Anregungen, die man tats\u00e4chlich im<br \/>\nAlltag umsetzen kann \u2013 wer gerne selbst t\u00e4tig<br \/>\nwird, kommt hier auf seine Kosten.<br \/>\nEine weitere Besonderheit ist das kleine<br \/>\nGeschenk, das sich in jedem flow-Heft<br \/>\nverbirgt, meistens etwas Kreatives aus Papier:<br \/>\nPostkarten zum Ausmalen, verschiedene<br \/>\nGeschenkpapiere, eine Wimpelkette oder ein<br \/>\nKalender zum Zusammenbasteln.<br \/>\nflow \u00fcberzeugt mit hochwertiger Qualit\u00e4t<br \/>\nund tollem Design und ist alles in allem ein<br \/>\nsehr gelungenes und abwechslungsreiches<br \/>\nHeft. Es hilft, dem Alltagsstress zeitweilig<br \/>\nzu entfliehen. Allerdings sind nicht alle<br \/>\nVorschl\u00e4ge umsetzbar, weil sie manchmal<br \/>\netwas zu idealistisch und realit\u00e4tsfremd sind \u2013<br \/>\nso zum Beispiel, jeden Tag ein Bild zu malen<br \/>\nund \u00c4hnliches mehr. (JS)<\/p>\n<p style=\"text-align: right;\">Weiterlesen: <a href=\"http:\/\/flow-magazin.de\" target=\"_blank\" rel=\"noopener\">flow-magazin.de<\/a><\/p>\n<h2>Offscreen<\/h2>\n<p><strong>Seit 2012<br \/>\nErscheint drei- bis viermal j\u00e4hrlich<br \/>\nPreis: 20 US Dollar (18,33 Euro)<br \/>\nAuf Englisch<br \/>\nAuflage: keine Angabe<\/strong><\/p>\n<p>Als der Designer Kai Brach die Zeitschrift<br \/>\nOffscreen ins Leben rief, wollte er ein Magazin<br \/>\nmachen, das sich in der hektischen digitalen<br \/>\nWelt Zeit nimmt. Zeit f\u00fcr die Geschichten<br \/>\nhinter den ganzen coolen Technologie-Start-<br \/>\nups. Zeit f\u00fcr die Menschen, die jeden Tag an<br \/>\nunserer digitalen Zukunft arbeiten. Bis heute<br \/>\nist es ein Ein-Mann-Projekt, obwohl viele<br \/>\ntausende Exemplare des englischsprachigen<br \/>\nMagazins auf der ganzen Welt verkauft<br \/>\nwerden. Es ist ein Offline-Magazin f\u00fcr und<br \/>\n\u00fcber Online-Leute.<br \/>\nEs ist gar nicht so leicht an eine Offscreen-<br \/>\nAusgabe zu kommen. Das Magazin erh\u00e4lt<br \/>\nman nicht am Zeitungskiosk, sondern nur<br \/>\nin hippen Indie-Buchgesch\u00e4ften oder eben<br \/>\nonline. Also kann man es sich online bestellen<br \/>\nund per Post zuschicken lassen, eine ePaper-<br \/>\nAusgabe zum Runterladen gibt es n\u00e4mlich<br \/>\naus Prinzip nicht.<br \/>\nWer dann mal eine Offscreen in der Hand<br \/>\nh\u00e4lt, wei\u00df auch wieso. Das Magazin l\u00e4dt<br \/>\nein zum Abschalten, zum Runterkommen,<br \/>\nzum Auf-die-Details-achten. Es ist in einem<br \/>\nau\u00dfergew\u00f6hnlichen Format gedruckt, kleiner<br \/>\nals ein klassisches Magazin und f\u00fchlt sich<br \/>\ndeshalb eher wie ein Buch an. Das Papier ist<br \/>\nfest und matt, das Logo in die feste Pappe<br \/>\ndes Covers gepr\u00e4gt. Es l\u00e4sst sich auch nicht<br \/>\ndurch Werbeanzeigen st\u00f6ren: Gesammelt gibt<br \/>\nes in der Mitte jeder Ausgabe einige dezente<br \/>\nSeiten, auf denen die Sponsoren wei\u00df auf<br \/>\nschwarz mit Logo vorgestellt werden.<br \/>\nBei dem detailverliebten Design werden die<br \/>\nInhalte fast zur Nebensache. Den Kern von<br \/>\nOffscreen bilden sechs gro\u00dfe Interviews, in<br \/>\ndenen Menschen aus der digitalen Welt \u2013<br \/>\ndas k\u00f6nnen Designer und Entwickler, aber<br \/>\nauch Architekten und Taxifahrer sein \u2013 aus<br \/>\nihrem Leben erz\u00e4hlen. Das bedeutet vor<br \/>\nallem, dass man erf\u00e4hrt, welche Smoothies<br \/>\nsie so trinken, und dass sie jeden Morgen<br \/>\nerstmal mit einem fitbit-getrackten Workout<br \/>\nbeginnen. Manchmal wird die Offscreen<br \/>\naber auch sehr hintergr\u00fcndig, etwa wenn<br \/>\nder Bestseller-Autor Scott Berkun die oft<br \/>\nbeklagte Informationsflut kritisch reflektiert.<br \/>\nGenau davon w\u00fcrde ich mir noch viel mehr<br \/>\nw\u00fcnschen.<br \/>\nDie Offscreen begeistert mich mit ihrem<br \/>\ntollen Design und dem mutigen Konzept. Sie<br \/>\nist ein internationales Magazin und geht damit<br \/>\nganz selbstverst\u00e4ndlich um. Ich w\u00fcnsche mir<br \/>\nmehr Magazine, die sich das trauen: Einfach<br \/>\nmal Zeit nehmen, eine starke Leitlinie, eine<br \/>\nkonsequente Umsetzung. (KW)<\/p>\n<p style=\"text-align: right;\">Weiterlesen: <a href=\"http:\/\/offscreenmag.com\" target=\"_blank\" rel=\"noopener\">offscreenmag.com<\/a><\/p>\n<h2>ECONORE Magazine #2<\/h2>\n<p><strong>Seit September 2010<br \/>\nErscheint unregelm\u00e4\u00dfig<br \/>\nPreis: kostenlos<br \/>\nAuflage: keine Angabe<\/strong><\/p>\n<p>Eine Rezension \u00fcber ein Fanzine soll ich<br \/>\nschreiben. Sehr lustig. Fanzines (eine<br \/>\nWortkreation aus \u00bbFan\u00ab und \u00bbMagazine\u00ab)<br \/>\nerscheinen in winzigen Auflagen und sind<br \/>\ndeshalb schwer zu bekommen. Sie werden oft<br \/>\nvon losen Kollektiven in der Freizeit gemacht.<br \/>\nDas macht sie unberechenbar. Keines ist wie<br \/>\ndas n\u00e4chste. Die Webseiten sind in der Regel<br \/>\nziemlich kaputt (das geh\u00f6rt wohl zum guten<br \/>\nTon). Na gut. N\u00fctzt ja nichts.<br \/>\nDas Econore Magazine #2 ist exemplarisch f\u00fcr<br \/>\neine ganze Klasse von Zines: Herausgegeben<br \/>\nvon einem Musikverlag, der sich auf<br \/>\nundergroundige Genres (meistens Punk,<br \/>\nHardcore, Noise, Experimental) spezialisiert.<br \/>\nMit spezialisiert meine ich, dass au\u00dferhalb<br \/>\nder Szene noch nie jemand davon geh\u00f6rt hat.<br \/>\nTrotzdem sind manche Zines in der Szene<br \/>\nsowas wie ein Zentralorgan. So ein bisschen<br \/>\nwie der Marktplatz, auf dem Newcomer<br \/>\naus der Region ihre Plattform finden und<br \/>\nTermine f\u00fcr Konzerte und Ver\u00f6ffentlichungen<br \/>\nangek\u00fcndigt werden. Viele Zines erscheinen<br \/>\ninzwischen auch online.<br \/>\nEconore ist jedenfalls ein Label f\u00fcr<br \/>\nexperimentelle Musik aus M\u00f6nchengladbach<br \/>\nund Berlin. In ihrem Magazin findet man<br \/>\neine bunte Mischung aus Interviews mit<br \/>\nszenigen Musikern und K\u00fcnstlern und<br \/>\nSeiten, die irgendwie Kunst sind. Auf gro\u00dfen,<br \/>\nquadratischen Seiten findet man Bilder,<br \/>\nKurzgeschichten und lyrische Texte, aber<br \/>\nauch abgedrehte Collagen. Die \u00c4sthetik ist<br \/>\ndigital und retro, auch wenn die Seiten beim<br \/>\nersten Bl\u00e4ttern total zusammengew\u00fcrfelt<br \/>\nund nach \u00bbDo it yourself\u00ab aussehen, ergibt<br \/>\nsich ein stimmiges Gesamtbild. Das gef\u00e4llt<br \/>\nmir wirklich gut! Es ist sehr anstrengend zu<br \/>\nlesen, aber genau das macht den Charme der<br \/>\nZines aus. Sie sind ein Platz f\u00fcr abgedrehte<br \/>\nExperimente, die nicht selten den Weg in den<br \/>\nMainstream finden.<br \/>\nJetzt sollte man bei einer Rezension ja eine<br \/>\nKaufempfehlung aussprechen. Das f\u00e4llt<br \/>\nmir schwer, denn ihr werdet das Econore<br \/>\nMagazine wahrscheinlich nie in die H\u00e4nde<br \/>\nbekommen. Trotzdem sind Zines eine total<br \/>\nuntersch\u00e4tzte Form \u2013 haltet mal die Augen<br \/>\noffen, nach Zines aus der Umgebung oder<br \/>\neinem \u00bbZinefest\u00ab. Vielleicht werdet ihr<br \/>\nbegeistert. (KW)<\/p>\n<p style=\"text-align: right;\">Weiterlesen: <a href=\"http:\/\/zinewiki.com\" target=\"_blank\" rel=\"noopener\">zinewiki.com<\/a><\/p>\n<p>Zines findet man auch digital auf: <a href=\"http:\/\/issuu.com\" target=\"_blank\" rel=\"noopener\">issuu.com<\/a><\/p>\n<blockquote><p>Wie entsteht eine Zeitschrift? Liest \u00fcberhaupt noch jemand Zeitschriften? Oder ist Print schon tot? Die 25 Studierenden der Lehrredaktion im Wintersemester 2015\/16 haben sich intensiv mit dem Thema Print auseinandergesetzt \u2013 indem sie selbst ein Printmagazin hergestellt haben und in ihren Beitr\u00e4gen verschiedene Aspekte beleuchtet haben von der Zeitschriftennutzung \u00fcber Nischenprodukte bis hin zu Umweltfragen. Eine Zeitschrift \u00fcber Zeitschriften also. Der Name \u201ePrinterest\u201c ist in Anlehnung an die Onlineplattform Pinterest entstanden, auf der Nutzer Bilder und Texte an eine virtuelle Pinnwand h\u00e4ngen k\u00f6nnen. Entsprechende gestalterische Elemente finden sind in unserer Zeitschrift wieder.<\/p>\n<p>Seminarleitung: <a href=\"http:\/\/www.geistsoz.kit.edu\/germanistik\/1320_1324.php\" target=\"_blank\" rel=\"noopener\">Cornelia Varwig<\/a>, <a href=\"http:\/\/www.geistsoz.kit.edu\/germanistik\/1320_1790.php\" target=\"_blank\" rel=\"noopener\">Nicolaz Groll<\/a><br \/>\nWintersemester 2015\/16<\/p><\/blockquote>\n<!-- The Grid Plugin Version 2.1.0 --><!-- The Grid Wrapper Start --><div class=\"tg-grid-wrapper tg-txt\" id=\"grid-1730\" data-version=\"2.1.0\"><!-- The Grid Styles --><style class=\"tg-grid-styles\" type=\"text\/css\" scoped>#grid-1730 .tg-nav-color:not(.dots):not(.tg-dropdown-value):not(.tg-dropdown-title):hover,#grid-1730 .tg-nav-color:hover .tg-nav-color,#grid-1730 .tg-page-number.tg-page-current,#grid-1730 .tg-filter.tg-filter-active span{color:#007bea}#grid-1730 .tg-filter:before,#grid-1730 .tg-filter.tg-filter-active:before{color:#000000}#grid-1730 .tg-dropdown-holder,#grid-1730 .tg-search-inner,#grid-1730 .tg-sorter-order{border:1px solid #AAAAAA}#grid-1730 .tg-search-clear,#grid-1730 .tg-search-clear:hover{border:none;border-left:1px solid #AAAAAA}.tg-txt .tg-nav-font,.tg-txt input[type=text].tg-search{font-size:14px;font-weight:600}.tg-txt .tg-search::-webkit-input-placeholder{font-size:14px}.tg-txt .tg-search::-moz-placeholder{font-size:14px}.tg-txt .tg-search:-ms-input-placeholder{font-size:14px}.tg-txt .tg-icon-left-arrow:before{content:\"\\e604\";font-size:32px;font-weight:100}.tg-txt .tg-icon-right-arrow:before{content:\"\\e602\";font-size:32px;font-weight:100}.tg-txt .tg-icon-dropdown-open:before,.tg-txt .tg-icon-sorter-down:before{content:\"\\e60a\"}.tg-txt .tg-icon-sorter-up:before{content:\"\\e609\"}.tg-txt .tg-search-clear:before{content:\"\\e611\";font-weight:300}.tg-txt .tg-search-icon:before{content:\"\\e62e\";font-size:16px;font-weight:600}#grid-1730 .tg-nav-color,#grid-1730 .tg-search-icon:hover:before,#grid-1730 .tg-search-icon:hover input,#grid-1730 .tg-disabled:hover .tg-icon-left-arrow,#grid-1730 .tg-disabled:hover .tg-icon-right-arrow,#grid-1730 .tg-dropdown-title.tg-nav-color:hover{color:#000000}#grid-1730 input.tg-search:hover{color:#000000 !important}#grid-1730 input.tg-search::-webkit-input-placeholder{color:#000000}#grid-1730 input.tg-search::-moz-placeholder{color:#000000;opacity:1}#grid-1730 input.tg-search:-ms-input-placeholder{color:#000000}.grid-1730 .tg-dropdown-item{color:#777777;background:#ffffff}.grid-1730 .tg-filter-active,.grid-1730 .tg-dropdown-item:hover{color:#444444;background:#f5f6fa}#grid-1730 .tg-slider-bullets li.tg-active-item span{background:#59585b}#grid-1730 .tg-slider-bullets li span{background:#DDDDDD}.lome a,.lome a:active,.lome a:focus,.lome .tg-cats-holder,.lome .tg-item-title{text-decoration:none;border:none;-webkit-box-shadow:none;box-shadow:none;-webkit-transition:opacity 0.25s ease,color 0.25s ease,-webkit-transform 0.3s ease-in-out;-moz-transition:opacity 0.25s ease,color 0.25s ease,-moz-transform 0.3s ease-in-out;-ms-transition:opacity 0.25s ease,color 0.25s ease,-ms-transform 0.3s ease-in-out;-o-transition:opacity 0.25s ease,color 0.25s ease,-o-transform 0.3s ease-in-out;transition:opacity 0.25s ease,color 0.25s ease,transform 0.3s ease-in-out}.lome.tg-item{overflow:hidden}.lome .tg-center-holder{text-align:center}.lome .tg-item-content,.lome .tg-item-media-holder,.lome .tg-item-overlay{position:absolute;display:block;top:0;left:0;bottom:0;right:0}.lome:hover .tg-item-overlay{opacity:0.1}.lome .tg-item-content{margin:22px}.lome .tg-item-link{position:absolute;display:block;top:-500%;left:-22px;right:-22px;height:1000%}.lome .tg-item-title,.lome .tg-item-title a{position:relative;display:block;font-size:20px;line-height:26px;font-weight:600;margin:0 !important;padding:0 !important;text-transform:uppercase}.tg-layout-justified .lome .tg-item-title,.tg-layout-justified .lome .tg-item-title a{font-size:14px;line-height:18px}.lome .tg-item-title{margin:10px 0 0 0!important}.lome .tg-item-date{position:relative;display:block;font-size:14px;line-height:16px;margin:0;padding:0;font-style:italic}.tg-layout-justified .lome .tg-item-date{font-size:12px;line-height:16px}.lome .tg-media-button{position:absolute;display:block;bottom:0;right:0;width:20px;height:20px;cursor:pointer;text-align:center}.lome .tg-cats-holder a:hover,.lome .tg-media-button:hover{opacity:0.75}.lome .tg-media-button i{position:relative;display:block;width:20px;height:20px;font-size:18px;line-height:20px;cursor:pointer}.lome .tg-media-button .tg-icon-add{font-size:28px}.lome .mejs-overlay-play{display:none !important}.tg-item .tg-dark div,.tg-item .tg-dark h1,.tg-item .tg-dark h1 a,.tg-item .tg-dark h2,.tg-item .tg-dark h2 a,.tg-item .tg-dark h3,.tg-item .tg-dark h3 a,.tg-item .tg-dark h4,.tg-item .tg-dark h4 a,.tg-item .tg-dark h5,.tg-item .tg-dark h5 a,.tg-item .tg-dark h6,.tg-item .tg-dark h6 a,.tg-item .tg-dark a,.tg-item .tg-dark a.tg-link-url,.tg-item .tg-dark i,.tg-item .tg-dark .tg-media-button,.tg-item .tg-dark .tg-item-price span{color:#444444;fill:#444444;stroke:#444444;border-color:#444444}.tg-item .tg-dark p,.tg-item .tg-dark ol,.tg-item .tg-dark ul,.tg-item .tg-dark li{color:#777777;fill:#777777;stroke:#777777;border-color:#777777}.tg-item .tg-dark span,.tg-item .tg-dark .no-liked .to-heart-icon path,.tg-item .tg-dark .empty-heart .to-heart-icon path,.tg-item .tg-dark .tg-item-comment i,.tg-item .tg-dark .tg-item-price del span{color:#999999;fill:#999999;stroke:#999999;border-color:#999999}.tg-item .tg-light div,.tg-item .tg-light h1,.tg-item .tg-light h1 a,.tg-item .tg-light h2,.tg-item .tg-light h2 a,.tg-item .tg-light h3,.tg-item .tg-light h3 a,.tg-item .tg-light h4,.tg-item .tg-light h4 a,.tg-item .tg-light h5,.tg-item .tg-light h5 a,.tg-item .tg-light h6,.tg-item .tg-light h6 a,.tg-item .tg-light a,.tg-item .tg-light a.tg-link-url,.tg-item .tg-light i,.tg-item .tg-light .tg-media-button,.tg-item .tg-light .tg-item-price span{color:#ffffff;fill:#ffffff;stroke:#ffffff;border-color:#ffffff}.tg-item .tg-light p,.tg-item .tg-light ol,.tg-item .tg-light ul,.tg-item .tg-light li{color:#f6f6f6;fill:#f6f6f6;stroke:#f6f6f6;border-color:#f6f6f6}.tg-item .tg-light span,.tg-item .tg-light .no-liked .to-heart-icon path,.tg-item .tg-light .empty-heart .to-heart-icon path,.tg-item .tg-light .tg-item-comment i,.tg-item .tg-light .tg-item-price del span{color:#f5f5f5;fill:#f5f5f5;stroke:#f5f5f5;border-color:#f5f5f5}#grid-1730 .tg-item-content-holder{background-color:#0a0a0a}#grid-1730 .tg-item-overlay{background-color:rgba(170,10,230,0.7)}.lome .tg-item-date{display:none}.tg-layout-justified .lome .tg-item-title,.tg-layout-justified .lome .tg-item-title a{letter-spacing:0.75px;font-size:16px;line-height:1.5;text-transform:none;font-weight:300}.tg-filter-name{padding:0px 5px 0px 10px}.tg-txt .tg-nav-font{text-transform:none;font-size:28px;font-weight:300;line-height:1.5}.flex-control-nav{bottom:-10px}.flex-control-nav a{display:block;width:10px;height:10px;background-color:#000000;border-radius:10em;opacity:0.4;-webkit-transition:opacity 0.3s ease;transition:opacity 0.3s ease}<\/style><!-- The Grid Item Sizer --><div class=\"tg-grid-sizer\"><\/div><!-- The Grid Gutter Sizer --><div class=\"tg-gutter-sizer\"><\/div><!-- The Grid Items Holder --><div class=\"tg-grid-holder tg-layout-justified\"  data-name=\"menu-printerest\"  data-style=\"justified\" data-row=\"1\" data-layout=\"vertical\" data-rtl=\"\" data-fitrows=\"\" data-filtercomb=\"\" data-filterlogic=\"AND\" data-filterload =\".f21\" data-sortbyload =\"\" data-orderload =\"true\" data-fullwidth=\"\" data-fullheight=\"null\" data-gutters=\"[[320,15],[480,10],[768,10],[980,10],[1280,10],[9999,10]]\" data-slider='{\"itemNav\":\"null\",\"swingSpeed\":0.1,\"cycleBy\":\"null\",\"cycle\":5000,\"startAt\":1}' data-ratio=\"1.00\" data-cols=\"[[320,&quot;1&quot;],[480,&quot;2&quot;],[768,&quot;3&quot;],[980,&quot;4&quot;],[1280,&quot;4&quot;],[9999,&quot;4&quot;]]\" data-rows=\"[[320,300],[480,220],[768,220],[980,220],[1280,240],[9999,240]]\" data-animation=\"{&quot;name&quot;:&quot;Fade in&quot;,&quot;visible&quot;:&quot;&quot;,&quot;hidden&quot;:&quot;&quot;}\" data-transition=\"450ms\" data-ajaxmethod=\"\" data-ajaxdelay=\"100\" data-preloader=\"\" data-itemdelay=\"100\" data-gallery=\"1\" data-ajax=\"\"><!-- The Grid item #1 --><article class=\"tg-item tg-post-3081 lome f1\" data-row=\"1\" data-col=\"1\"><div class=\"tg-item-inner\"><div class=\"tg-item-media-holder tg-light\"><div class=\"tg-item-media-inner\"><img loading=\"lazy\" decoding=\"async\" class=\"tg-item-image\" alt=\"\" width=\"436\" height=\"436\" src=\"https:\/\/medienplattform.wmk-karlsruhe.de\/wmk-karlsruhe-de-medienplattform\/wp-content\/uploads\/medienplattform-hoerbuch.png\"><\/div><div class=\"tg-item-overlay\"><\/div><div class=\"tg-item-content\"><div class=\"tg-center-holder\"><div class=\"tg-center-inner\"><a class=\"tg-item-link\" href=\"https:\/\/medienplattform.wmk-karlsruhe.de\/wmk-karlsruhe-de-medienplattform\/digitale-medienpraxis-familienhoerbuch-ggmbh\/\" target=\"_self\"><\/a><span class=\"tg-item-date\">13. Juni 2023<\/span><h2 class=\"tg-item-title\"><a href=\"https:\/\/medienplattform.wmk-karlsruhe.de\/wmk-karlsruhe-de-medienplattform\/digitale-medienpraxis-familienhoerbuch-ggmbh\/\" target=\"_self\">Digitale Medienpraxis Familienh\u00f6rbuch gGmbH<\/a><\/h2><\/div><\/div><\/div><\/div><\/div><\/article><!-- The Grid item #2 --><article class=\"tg-item tg-post-3077 lome f62\" data-row=\"1\" data-col=\"1\"><div class=\"tg-item-inner\"><div class=\"tg-item-media-holder tg-light\"><div class=\"tg-item-media-inner\"><img loading=\"lazy\" decoding=\"async\" class=\"tg-item-image\" alt=\"\" width=\"500\" height=\"500\" src=\"https:\/\/medienplattform.wmk-karlsruhe.de\/wmk-karlsruhe-de-medienplattform\/wp-content\/uploads\/software02-500x500.jpg\"><\/div><div class=\"tg-item-overlay\" style=\"background-color:rgba(0,100,224,0.8)\"><\/div><div class=\"tg-item-content\"><div class=\"tg-center-holder\"><div class=\"tg-center-inner\"><a class=\"tg-item-link\" href=\"https:\/\/podcasters.spotify.com\/pod\/show\/softwarekatastrophen\/episodes\/E-Mails-Not-Safe-For-Work-e1v2hs3\/a-a9bift8\" target=\"_blank\"><\/a><span class=\"tg-item-date\">16. M\u00e4rz 2023<\/span><h2 class=\"tg-item-title\"><a href=\"https:\/\/podcasters.spotify.com\/pod\/show\/softwarekatastrophen\/episodes\/E-Mails-Not-Safe-For-Work-e1v2hs3\/a-a9bift8\" target=\"_blank\">E-Mails: Not Safe For Work?<\/a><\/h2><\/div><\/div><\/div><\/div><\/div><\/article><!-- The Grid item #3 --><article class=\"tg-item tg-post-3063 lome f65\" data-row=\"1\" data-col=\"1\"><div class=\"tg-item-inner\"><div class=\"tg-item-media-holder tg-light\"><div class=\"tg-item-media-inner\"><img loading=\"lazy\" decoding=\"async\" class=\"tg-item-image\" alt=\"\" width=\"500\" height=\"500\" src=\"https:\/\/medienplattform.wmk-karlsruhe.de\/wmk-karlsruhe-de-medienplattform\/wp-content\/uploads\/J1001989-500x500.jpg\"><\/div><div class=\"tg-item-overlay\"><\/div><div class=\"tg-item-content\"><div class=\"tg-center-holder\"><div class=\"tg-center-inner\"><a class=\"tg-item-link\" href=\"https:\/\/blogs.helmholtz.de\/beamon\/2022\/04\/interview-auf-den-spuren-exotischer-atome\/\" target=\"_self\"><\/a><span class=\"tg-item-date\">12. Januar 2023<\/span><h2 class=\"tg-item-title\"><a href=\"https:\/\/blogs.helmholtz.de\/beamon\/2022\/04\/interview-auf-den-spuren-exotischer-atome\/\" target=\"_self\">Testbeitrag<\/a><\/h2><\/div><\/div><\/div><\/div><\/div><\/article><!-- The Grid item #4 --><article class=\"tg-item tg-post-3012 lome f62\" data-row=\"1\" data-col=\"1\"><div class=\"tg-item-inner\"><div class=\"tg-item-media-holder tg-light\"><div class=\"tg-item-media-inner\"><img loading=\"lazy\" decoding=\"async\" class=\"tg-item-image\" alt=\"\" width=\"500\" height=\"500\" src=\"https:\/\/medienplattform.wmk-karlsruhe.de\/wmk-karlsruhe-de-medienplattform\/wp-content\/uploads\/software02-500x500.jpg\"><\/div><div class=\"tg-item-overlay\" style=\"background-color:rgba(0,100,224,0.8)\"><\/div><div class=\"tg-item-content\"><div class=\"tg-center-holder\"><div class=\"tg-center-inner\"><a class=\"tg-item-link\" href=\"https:\/\/anchor.fm\/softwarekatastrophen\/episodes\/Sabotage-als-Weg-zur-Gerechtigkeit-e1sb7rm\" target=\"_blank\"><\/a><span class=\"tg-item-date\">27. Dezember 2022<\/span><h2 class=\"tg-item-title\"><a href=\"https:\/\/anchor.fm\/softwarekatastrophen\/episodes\/Sabotage-als-Weg-zur-Gerechtigkeit-e1sb7rm\" target=\"_blank\">Sabotage als Weg zur Gerechtigkeit?<\/a><\/h2><\/div><\/div><\/div><\/div><\/div><\/article><!-- The Grid item #5 --><article class=\"tg-item tg-post-3010 lome f62\" data-row=\"1\" data-col=\"1\"><div class=\"tg-item-inner\"><div class=\"tg-item-media-holder tg-light\"><div class=\"tg-item-media-inner\"><img loading=\"lazy\" decoding=\"async\" class=\"tg-item-image\" alt=\"\" width=\"500\" height=\"500\" src=\"https:\/\/medienplattform.wmk-karlsruhe.de\/wmk-karlsruhe-de-medienplattform\/wp-content\/uploads\/software02-500x500.jpg\"><\/div><div class=\"tg-item-overlay\" style=\"background-color:rgba(0,100,224,0.8)\"><\/div><div class=\"tg-item-content\"><div class=\"tg-center-holder\"><div class=\"tg-center-inner\"><a class=\"tg-item-link\" href=\"https:\/\/anchor.fm\/softwarekatastrophen\/episodes\/Katastrophales-Vergessen-e1pipf5\" target=\"_blank\"><\/a><span class=\"tg-item-date\">27. Dezember 2022<\/span><h2 class=\"tg-item-title\"><a href=\"https:\/\/anchor.fm\/softwarekatastrophen\/episodes\/Katastrophales-Vergessen-e1pipf5\" target=\"_blank\">Katastrophales Vergessen<\/a><\/h2><\/div><\/div><\/div><\/div><\/div><\/article><!-- The Grid item #6 --><article class=\"tg-item tg-post-3003 lome f62\" data-row=\"1\" data-col=\"1\"><div class=\"tg-item-inner\"><div class=\"tg-item-media-holder tg-light\"><div class=\"tg-item-media-inner\"><img loading=\"lazy\" decoding=\"async\" class=\"tg-item-image\" alt=\"\" width=\"500\" height=\"500\" src=\"https:\/\/medienplattform.wmk-karlsruhe.de\/wmk-karlsruhe-de-medienplattform\/wp-content\/uploads\/software02-500x500.jpg\"><\/div><div class=\"tg-item-overlay\" style=\"background-color:rgba(0,100,224,0.8)\"><\/div><div class=\"tg-item-content\"><div class=\"tg-center-holder\"><div class=\"tg-center-inner\"><a class=\"tg-item-link\" href=\"https:\/\/anchor.fm\/softwarekatastrophen\/episodes\/Lets-Go-Whaling-e1njdt3\/a-a8gid6c\" target=\"_blank\"><\/a><span class=\"tg-item-date\">19. Dezember 2022<\/span><h2 class=\"tg-item-title\"><a href=\"https:\/\/anchor.fm\/softwarekatastrophen\/episodes\/Lets-Go-Whaling-e1njdt3\/a-a8gid6c\" target=\"_blank\">Let\u2019s Go Whaling<\/a><\/h2><\/div><\/div><\/div><\/div><\/div><\/article><!-- The Grid item #7 --><article class=\"tg-item tg-post-2925 lome f62\" data-row=\"1\" data-col=\"1\"><div class=\"tg-item-inner\"><div class=\"tg-item-media-holder tg-light\"><div class=\"tg-item-media-inner\"><img loading=\"lazy\" decoding=\"async\" class=\"tg-item-image\" alt=\"\" width=\"500\" height=\"500\" src=\"https:\/\/medienplattform.wmk-karlsruhe.de\/wmk-karlsruhe-de-medienplattform\/wp-content\/uploads\/software02-500x500.jpg\"><\/div><div class=\"tg-item-overlay\"><\/div><div class=\"tg-item-content\"><div class=\"tg-center-holder\"><div class=\"tg-center-inner\"><a class=\"tg-item-link\" href=\"https:\/\/anchor.fm\/softwarekatastrophen\/episodes\/Drive-by-Wire--Mehr-Freiheit-beim-Fahren-eivd3e\" target=\"_blank\"><\/a><span class=\"tg-item-date\">3. November 2020<\/span><h2 class=\"tg-item-title\"><a href=\"https:\/\/anchor.fm\/softwarekatastrophen\/episodes\/Drive-by-Wire--Mehr-Freiheit-beim-Fahren-eivd3e\" target=\"_blank\">Drive-by-Wire \u2013 Mehr Freiheit beim Fahren?<\/a><\/h2><\/div><\/div><\/div><\/div><\/div><\/article><!-- The Grid item #8 --><article class=\"tg-item tg-post-2923 lome f62\" data-row=\"1\" data-col=\"1\"><div class=\"tg-item-inner\"><div class=\"tg-item-media-holder tg-light\"><div class=\"tg-item-media-inner\"><img loading=\"lazy\" decoding=\"async\" class=\"tg-item-image\" alt=\"\" width=\"500\" height=\"500\" src=\"https:\/\/medienplattform.wmk-karlsruhe.de\/wmk-karlsruhe-de-medienplattform\/wp-content\/uploads\/software02-500x500.jpg\"><\/div><div class=\"tg-item-overlay\"><\/div><div class=\"tg-item-content\"><div class=\"tg-center-holder\"><div class=\"tg-center-inner\"><a class=\"tg-item-link\" href=\"https:\/\/anchor.fm\/softwarekatastrophen\/episodes\/Faktor-Mensch-ejbno3\" target=\"_blank\"><\/a><span class=\"tg-item-date\">3. November 2020<\/span><h2 class=\"tg-item-title\"><a href=\"https:\/\/anchor.fm\/softwarekatastrophen\/episodes\/Faktor-Mensch-ejbno3\" target=\"_blank\">Faktor Mensch<\/a><\/h2><\/div><\/div><\/div><\/div><\/div><\/article><!-- The Grid item #9 --><article class=\"tg-item tg-post-2921 lome f62\" data-row=\"1\" data-col=\"1\"><div class=\"tg-item-inner\"><div class=\"tg-item-media-holder tg-light\"><div class=\"tg-item-media-inner\"><img loading=\"lazy\" decoding=\"async\" class=\"tg-item-image\" alt=\"\" width=\"500\" height=\"500\" src=\"https:\/\/medienplattform.wmk-karlsruhe.de\/wmk-karlsruhe-de-medienplattform\/wp-content\/uploads\/software02-500x500.jpg\"><\/div><div class=\"tg-item-overlay\"><\/div><div class=\"tg-item-content\"><div class=\"tg-center-holder\"><div class=\"tg-center-inner\"><a class=\"tg-item-link\" href=\"https:\/\/anchor.fm\/softwarekatastrophen\/episodes\/Wie-die-Software-dem-Piloten-zum-Verhngnis-wurde-ejnvn3\" target=\"_blank\"><\/a><span class=\"tg-item-date\">3. November 2020<\/span><h2 class=\"tg-item-title\"><a href=\"https:\/\/anchor.fm\/softwarekatastrophen\/episodes\/Wie-die-Software-dem-Piloten-zum-Verhngnis-wurde-ejnvn3\" target=\"_blank\">Wie die Software dem Piloten zum Verh\u00e4ngnis wurde<\/a><\/h2><\/div><\/div><\/div><\/div><\/div><\/article><!-- The Grid item #10 --><article class=\"tg-item tg-post-2919 lome f62\" data-row=\"1\" data-col=\"1\"><div class=\"tg-item-inner\"><div class=\"tg-item-media-holder tg-light\"><div class=\"tg-item-media-inner\"><img loading=\"lazy\" decoding=\"async\" class=\"tg-item-image\" alt=\"\" width=\"500\" height=\"500\" src=\"https:\/\/medienplattform.wmk-karlsruhe.de\/wmk-karlsruhe-de-medienplattform\/wp-content\/uploads\/software02-500x500.jpg\"><\/div><div class=\"tg-item-overlay\"><\/div><div class=\"tg-item-content\"><div class=\"tg-center-holder\"><div class=\"tg-center-inner\"><a class=\"tg-item-link\" href=\"https:\/\/anchor.fm\/softwarekatastrophen\/episodes\/WLAN-immer-verbunden--nie-ganz-sicher-ek0hb0\" target=\"_blank\"><\/a><span class=\"tg-item-date\">3. November 2020<\/span><h2 class=\"tg-item-title\"><a href=\"https:\/\/anchor.fm\/softwarekatastrophen\/episodes\/WLAN-immer-verbunden--nie-ganz-sicher-ek0hb0\" target=\"_blank\">WLAN: immer verbunden, nie ganz sicher<\/a><\/h2><\/div><\/div><\/div><\/div><\/div><\/article><!-- The Grid item #11 --><article class=\"tg-item tg-post-2917 lome f62\" data-row=\"1\" data-col=\"1\"><div class=\"tg-item-inner\"><div class=\"tg-item-media-holder tg-light\"><div class=\"tg-item-media-inner\"><img loading=\"lazy\" decoding=\"async\" class=\"tg-item-image\" alt=\"\" width=\"500\" height=\"500\" src=\"https:\/\/medienplattform.wmk-karlsruhe.de\/wmk-karlsruhe-de-medienplattform\/wp-content\/uploads\/software02-500x500.jpg\"><\/div><div class=\"tg-item-overlay\"><\/div><div class=\"tg-item-content\"><div class=\"tg-center-holder\"><div class=\"tg-center-inner\"><a class=\"tg-item-link\" href=\"https:\/\/anchor.fm\/softwarekatastrophen\/episodes\/Kopf-oder-Zahl-ekg6kp\" target=\"_blank\"><\/a><span class=\"tg-item-date\">3. November 2020<\/span><h2 class=\"tg-item-title\"><a href=\"https:\/\/anchor.fm\/softwarekatastrophen\/episodes\/Kopf-oder-Zahl-ekg6kp\" target=\"_blank\">Kopf oder Zahl?<\/a><\/h2><\/div><\/div><\/div><\/div><\/div><\/article><!-- The Grid item #12 --><article class=\"tg-item tg-post-2914 lome f62\" data-row=\"1\" data-col=\"1\"><div class=\"tg-item-inner\"><div class=\"tg-item-media-holder tg-light\"><div class=\"tg-item-media-inner\"><img loading=\"lazy\" decoding=\"async\" class=\"tg-item-image\" alt=\"\" width=\"500\" height=\"500\" src=\"https:\/\/medienplattform.wmk-karlsruhe.de\/wmk-karlsruhe-de-medienplattform\/wp-content\/uploads\/software02-500x500.jpg\"><\/div><div class=\"tg-item-overlay\"><\/div><div class=\"tg-item-content\"><div class=\"tg-center-holder\"><div class=\"tg-center-inner\"><a class=\"tg-item-link\" href=\"https:\/\/anchor.fm\/softwarekatastrophen\/episodes\/Heartbleed--Wenn-der-Server-Daten-blutet-ekmh87\" target=\"_blank\"><\/a><span class=\"tg-item-date\">3. November 2020<\/span><h2 class=\"tg-item-title\"><a href=\"https:\/\/anchor.fm\/softwarekatastrophen\/episodes\/Heartbleed--Wenn-der-Server-Daten-blutet-ekmh87\" target=\"_blank\">Heartbleed \u2013 Wenn der Server Daten blutet<\/a><\/h2><\/div><\/div><\/div><\/div><\/div><\/article><!-- The Grid item #13 --><article class=\"tg-item tg-post-2906 lome f62\" data-row=\"1\" data-col=\"1\"><div class=\"tg-item-inner\"><div class=\"tg-item-media-holder tg-light\"><div class=\"tg-item-media-inner\"><img loading=\"lazy\" decoding=\"async\" class=\"tg-item-image\" alt=\"\" width=\"500\" height=\"500\" src=\"https:\/\/medienplattform.wmk-karlsruhe.de\/wmk-karlsruhe-de-medienplattform\/wp-content\/uploads\/software02-500x500.jpg\"><\/div><div class=\"tg-item-overlay\"><\/div><div class=\"tg-item-content\"><div class=\"tg-center-holder\"><div class=\"tg-center-inner\"><a class=\"tg-item-link\" href=\"https:\/\/anchor.fm\/softwarekatastrophen\/episodes\/Flschen--Lokalisieren--Blockieren--Mitlesen-el6ff8\" target=\"_blank\"><\/a><span class=\"tg-item-date\">3. November 2020<\/span><h2 class=\"tg-item-title\"><a href=\"https:\/\/anchor.fm\/softwarekatastrophen\/episodes\/Flschen--Lokalisieren--Blockieren--Mitlesen-el6ff8\" target=\"_blank\">F\u00e4lschen, Lokalisieren, Blockieren, Mitlesen<\/a><\/h2><\/div><\/div><\/div><\/div><\/div><\/article><!-- The Grid item #14 --><article class=\"tg-item tg-post-2904 lome f62\" data-row=\"1\" data-col=\"1\"><div class=\"tg-item-inner\"><div class=\"tg-item-media-holder tg-light\"><div class=\"tg-item-media-inner\"><img loading=\"lazy\" decoding=\"async\" class=\"tg-item-image\" alt=\"\" width=\"500\" height=\"500\" src=\"https:\/\/medienplattform.wmk-karlsruhe.de\/wmk-karlsruhe-de-medienplattform\/wp-content\/uploads\/software02-500x500.jpg\"><\/div><div class=\"tg-item-overlay\"><\/div><div class=\"tg-item-content\"><div class=\"tg-center-holder\"><div class=\"tg-center-inner\"><a class=\"tg-item-link\" href=\"https:\/\/anchor.fm\/softwarekatastrophen\/episodes\/Vorsprung-durch-berwachungs-Technik-elmh45\" target=\"_blank\"><\/a><span class=\"tg-item-date\">3. November 2020<\/span><h2 class=\"tg-item-title\"><a href=\"https:\/\/anchor.fm\/softwarekatastrophen\/episodes\/Vorsprung-durch-berwachungs-Technik-elmh45\" target=\"_blank\">Vorsprung durch (\u00dcberwachungs-)Technik?<\/a><\/h2><\/div><\/div><\/div><\/div><\/div><\/article><!-- The Grid item #15 --><article class=\"tg-item tg-post-2902 lome f62\" data-row=\"1\" data-col=\"1\"><div class=\"tg-item-inner\"><div class=\"tg-item-media-holder tg-light\"><div class=\"tg-item-media-inner\"><img loading=\"lazy\" decoding=\"async\" class=\"tg-item-image\" alt=\"\" width=\"500\" height=\"500\" src=\"https:\/\/medienplattform.wmk-karlsruhe.de\/wmk-karlsruhe-de-medienplattform\/wp-content\/uploads\/software02-500x500.jpg\"><\/div><div class=\"tg-item-overlay\"><\/div><div class=\"tg-item-content\"><div class=\"tg-center-holder\"><div class=\"tg-center-inner\"><a class=\"tg-item-link\" href=\"https:\/\/anchor.fm\/softwarekatastrophen\/episodes\/Mailverschlsselung-is-key--oder-nicht-elmil2\" target=\"_blank\"><\/a><span class=\"tg-item-date\">3. November 2020<\/span><h2 class=\"tg-item-title\"><a href=\"https:\/\/anchor.fm\/softwarekatastrophen\/episodes\/Mailverschlsselung-is-key--oder-nicht-elmil2\" target=\"_blank\">Mailverschl\u00fcsselung is key \u2013 oder nicht?<\/a><\/h2><\/div><\/div><\/div><\/div><\/div><\/article><!-- The Grid item #16 --><article class=\"tg-item tg-post-2893 lome f61\" data-row=\"1\" data-col=\"1\"><div class=\"tg-item-inner\"><div class=\"tg-item-media-holder tg-light\"><div class=\"tg-item-media-inner\"><img loading=\"lazy\" decoding=\"async\" class=\"tg-item-image\" alt=\"\" width=\"500\" height=\"500\" src=\"https:\/\/medienplattform.wmk-karlsruhe.de\/wmk-karlsruhe-de-medienplattform\/wp-content\/uploads\/qz_podcast_cover_20200107_720-500x500.jpg\"><\/div><div class=\"tg-item-overlay\"><\/div><div class=\"tg-item-content\"><div class=\"tg-center-holder\"><div class=\"tg-center-inner\"><a class=\"tg-item-link\" href=\"https:\/\/anchor.fm\/labor-zukunft\/episodes\/Quartier-Zukunft-und-Nachhaltigkeit-eafan0\" target=\"_blank\"><\/a><span class=\"tg-item-date\">16. September 2020<\/span><h2 class=\"tg-item-title\"><a href=\"https:\/\/anchor.fm\/labor-zukunft\/episodes\/Quartier-Zukunft-und-Nachhaltigkeit-eafan0\" target=\"_blank\">Quartier Zukunft und Nachhaltigkeit<\/a><\/h2><\/div><\/div><\/div><\/div><\/div><\/article><!-- The Grid item #17 --><article class=\"tg-item tg-post-2891 lome f61\" data-row=\"1\" data-col=\"1\"><div class=\"tg-item-inner\"><div class=\"tg-item-media-holder tg-light\"><div class=\"tg-item-media-inner\"><img loading=\"lazy\" decoding=\"async\" class=\"tg-item-image\" alt=\"\" width=\"500\" height=\"500\" src=\"https:\/\/medienplattform.wmk-karlsruhe.de\/wmk-karlsruhe-de-medienplattform\/wp-content\/uploads\/qz_podcast_cover_20200107_720-500x500.jpg\"><\/div><div class=\"tg-item-overlay\"><\/div><div class=\"tg-item-content\"><div class=\"tg-center-holder\"><div class=\"tg-center-inner\"><a class=\"tg-item-link\" href=\"https:\/\/anchor.fm\/labor-zukunft\/episodes\/Nachhaltigkeit-Konzept-fr-ein-besseres-Morgen-eeph0j\" target=\"_blank\"><\/a><span class=\"tg-item-date\">16. September 2020<\/span><h2 class=\"tg-item-title\"><a href=\"https:\/\/anchor.fm\/labor-zukunft\/episodes\/Nachhaltigkeit-Konzept-fr-ein-besseres-Morgen-eeph0j\" target=\"_blank\">Nachhaltigkeit: Konzept f\u00fcr ein besseres Morgen<\/a><\/h2><\/div><\/div><\/div><\/div><\/div><\/article><!-- The Grid item #18 --><article class=\"tg-item tg-post-2889 lome f61\" data-row=\"1\" data-col=\"1\"><div class=\"tg-item-inner\"><div class=\"tg-item-media-holder tg-light\"><div class=\"tg-item-media-inner\"><img loading=\"lazy\" decoding=\"async\" class=\"tg-item-image\" alt=\"\" width=\"500\" height=\"500\" src=\"https:\/\/medienplattform.wmk-karlsruhe.de\/wmk-karlsruhe-de-medienplattform\/wp-content\/uploads\/qz_podcast_cover_20200107_720-500x500.jpg\"><\/div><div class=\"tg-item-overlay\"><\/div><div class=\"tg-item-content\"><div class=\"tg-center-holder\"><div class=\"tg-center-inner\"><a class=\"tg-item-link\" href=\"https:\/\/anchor.fm\/labor-zukunft\/episodes\/Energiewende-fr-alle-eg2vdv\" target=\"_blank\"><\/a><span class=\"tg-item-date\">16. September 2020<\/span><h2 class=\"tg-item-title\"><a href=\"https:\/\/anchor.fm\/labor-zukunft\/episodes\/Energiewende-fr-alle-eg2vdv\" target=\"_blank\">Energiewende f\u00fcr alle!<\/a><\/h2><\/div><\/div><\/div><\/div><\/div><\/article><!-- The Grid item #19 --><article class=\"tg-item tg-post-2887 lome f61\" data-row=\"1\" data-col=\"1\"><div class=\"tg-item-inner\"><div class=\"tg-item-media-holder tg-light\"><div class=\"tg-item-media-inner\"><img loading=\"lazy\" decoding=\"async\" class=\"tg-item-image\" alt=\"\" width=\"500\" height=\"500\" src=\"https:\/\/medienplattform.wmk-karlsruhe.de\/wmk-karlsruhe-de-medienplattform\/wp-content\/uploads\/qz_podcast_cover_20200107_720-500x500.jpg\"><\/div><div class=\"tg-item-overlay\"><\/div><div class=\"tg-item-content\"><div class=\"tg-center-holder\"><div class=\"tg-center-inner\"><a class=\"tg-item-link\" href=\"https:\/\/anchor.fm\/labor-zukunft\/episodes\/Reallabore-fr-eine-nachhaltigere-Zukunft-ehbkfm\" target=\"_blank\"><\/a><span class=\"tg-item-date\">16. September 2020<\/span><h2 class=\"tg-item-title\"><a href=\"https:\/\/anchor.fm\/labor-zukunft\/episodes\/Reallabore-fr-eine-nachhaltigere-Zukunft-ehbkfm\" target=\"_blank\">Reallabore f\u00fcr eine nachhaltigere Zukunft<\/a><\/h2><\/div><\/div><\/div><\/div><\/div><\/article><!-- The Grid item #20 --><article class=\"tg-item tg-post-2748 lome f60\" data-row=\"1\" data-col=\"1\"><div class=\"tg-item-inner\"><div class=\"tg-item-media-holder tg-light\"><div class=\"tg-item-media-inner\"><img loading=\"lazy\" decoding=\"async\" class=\"tg-item-image\" alt=\"\" width=\"500\" height=\"500\" src=\"https:\/\/medienplattform.wmk-karlsruhe.de\/wmk-karlsruhe-de-medienplattform\/wp-content\/uploads\/Dr.-Andreas-Sch\u00e4fer-500x500.jpeg\"><\/div><div class=\"tg-item-overlay\"><\/div><div class=\"tg-item-content\"><div class=\"tg-center-holder\"><div class=\"tg-center-inner\"><a class=\"tg-item-link\" href=\"https:\/\/medienplattform.wmk-karlsruhe.de\/wmk-karlsruhe-de-medienplattform\/wissenschaft-liefert-loesungen\/\" target=\"_self\"><\/a><span class=\"tg-item-date\">11. September 2019<\/span><h2 class=\"tg-item-title\"><a href=\"https:\/\/medienplattform.wmk-karlsruhe.de\/wmk-karlsruhe-de-medienplattform\/wissenschaft-liefert-loesungen\/\" target=\"_self\">Wissenschaft liefert L\u00f6sungen<\/a><\/h2><\/div><\/div><\/div><\/div><\/div><\/article><!-- The Grid item #21 --><article class=\"tg-item tg-post-2746 lome f60\" data-row=\"1\" data-col=\"1\"><div class=\"tg-item-inner\"><div class=\"tg-item-media-holder tg-light\"><div class=\"tg-item-media-inner\"><img loading=\"lazy\" decoding=\"async\" class=\"tg-item-image\" alt=\"\" width=\"500\" height=\"500\" src=\"https:\/\/medienplattform.wmk-karlsruhe.de\/wmk-karlsruhe-de-medienplattform\/wp-content\/uploads\/Bild-500x500.jpg\"><\/div><div class=\"tg-item-overlay\"><\/div><div class=\"tg-item-content\"><div class=\"tg-center-holder\"><div class=\"tg-center-inner\"><a class=\"tg-item-link\" href=\"https:\/\/medienplattform.wmk-karlsruhe.de\/wmk-karlsruhe-de-medienplattform\/hitzeschlacht-im-schlafzimmer\/\" target=\"_self\"><\/a><span class=\"tg-item-date\">11. September 2019<\/span><h2 class=\"tg-item-title\"><a href=\"https:\/\/medienplattform.wmk-karlsruhe.de\/wmk-karlsruhe-de-medienplattform\/hitzeschlacht-im-schlafzimmer\/\" target=\"_self\">Hitzeschlacht im Schlafzimmer<\/a><\/h2><\/div><\/div><\/div><\/div><\/div><\/article><!-- The Grid item #22 --><article class=\"tg-item tg-post-2744 lome f60\" data-row=\"1\" data-col=\"1\"><div class=\"tg-item-inner\"><div class=\"tg-item-media-holder tg-light\"><div class=\"tg-item-media-inner\"><img loading=\"lazy\" decoding=\"async\" class=\"tg-item-image\" alt=\"\" width=\"500\" height=\"500\" src=\"https:\/\/medienplattform.wmk-karlsruhe.de\/wmk-karlsruhe-de-medienplattform\/wp-content\/uploads\/Vertikale-Begr\u00fcnung-Paris-500x500.jpg\"><\/div><div class=\"tg-item-overlay\"><\/div><div class=\"tg-item-content\"><div class=\"tg-center-holder\"><div class=\"tg-center-inner\"><a class=\"tg-item-link\" href=\"https:\/\/medienplattform.wmk-karlsruhe.de\/wmk-karlsruhe-de-medienplattform\/noch-luft-nach-oben\/\" target=\"_self\"><\/a><span class=\"tg-item-date\">11. September 2019<\/span><h2 class=\"tg-item-title\"><a href=\"https:\/\/medienplattform.wmk-karlsruhe.de\/wmk-karlsruhe-de-medienplattform\/noch-luft-nach-oben\/\" target=\"_self\">Noch Luft nach oben<\/a><\/h2><\/div><\/div><\/div><\/div><\/div><\/article><!-- The Grid item #23 --><article class=\"tg-item tg-post-2742 lome f60\" data-row=\"1\" data-col=\"1\"><div class=\"tg-item-inner\"><div class=\"tg-item-media-holder tg-light\"><div class=\"tg-item-media-inner\"><img loading=\"lazy\" decoding=\"async\" class=\"tg-item-image\" alt=\"\" width=\"500\" height=\"500\" src=\"https:\/\/medienplattform.wmk-karlsruhe.de\/wmk-karlsruhe-de-medienplattform\/wp-content\/uploads\/sophienstra\u00dfe-500x500.jpg\"><\/div><div class=\"tg-item-overlay\"><\/div><div class=\"tg-item-content\"><div class=\"tg-center-holder\"><div class=\"tg-center-inner\"><a class=\"tg-item-link\" href=\"https:\/\/medienplattform.wmk-karlsruhe.de\/wmk-karlsruhe-de-medienplattform\/karlsruher-stadtplanung\/\" target=\"_self\"><\/a><span class=\"tg-item-date\">11. September 2019<\/span><h2 class=\"tg-item-title\"><a href=\"https:\/\/medienplattform.wmk-karlsruhe.de\/wmk-karlsruhe-de-medienplattform\/karlsruher-stadtplanung\/\" target=\"_self\">Karlsruher Stadtplanung<\/a><\/h2><\/div><\/div><\/div><\/div><\/div><\/article><!-- The Grid item #24 --><article class=\"tg-item tg-post-2740 lome f60\" data-row=\"1\" data-col=\"1\"><div class=\"tg-item-inner\"><div class=\"tg-item-media-holder tg-light\"><div class=\"tg-item-media-inner\"><img loading=\"lazy\" decoding=\"async\" class=\"tg-item-image\" alt=\"\" width=\"500\" height=\"500\" src=\"https:\/\/medienplattform.wmk-karlsruhe.de\/wmk-karlsruhe-de-medienplattform\/wp-content\/uploads\/Kalikokrebs-Adam-Schnabler-500x500.jpg\"><\/div><div class=\"tg-item-overlay\"><\/div><div class=\"tg-item-content\"><div class=\"tg-center-holder\"><div class=\"tg-center-inner\"><a class=\"tg-item-link\" href=\"https:\/\/medienplattform.wmk-karlsruhe.de\/wmk-karlsruhe-de-medienplattform\/aggressiv-schnell-und-fremd\/\" target=\"_self\"><\/a><span class=\"tg-item-date\">11. September 2019<\/span><h2 class=\"tg-item-title\"><a href=\"https:\/\/medienplattform.wmk-karlsruhe.de\/wmk-karlsruhe-de-medienplattform\/aggressiv-schnell-und-fremd\/\" target=\"_self\">Aggressiv, schnell und fremd<\/a><\/h2><\/div><\/div><\/div><\/div><\/div><\/article><!-- The Grid item #25 --><article class=\"tg-item tg-post-2738 lome f60\" data-row=\"1\" data-col=\"1\"><div class=\"tg-item-inner\"><div class=\"tg-item-media-holder tg-light\"><div class=\"tg-item-media-inner\"><img loading=\"lazy\" decoding=\"async\" class=\"tg-item-image\" alt=\"\" width=\"500\" height=\"500\" src=\"https:\/\/medienplattform.wmk-karlsruhe.de\/wmk-karlsruhe-de-medienplattform\/wp-content\/uploads\/42583894725_5ed325ba93_o-500x500.jpg\"><\/div><div class=\"tg-item-overlay\"><\/div><div class=\"tg-item-content\"><div class=\"tg-center-holder\"><div class=\"tg-center-inner\"><a class=\"tg-item-link\" href=\"https:\/\/medienplattform.wmk-karlsruhe.de\/wmk-karlsruhe-de-medienplattform\/schwindende-fluesse\/\" target=\"_self\"><\/a><span class=\"tg-item-date\">11. September 2019<\/span><h2 class=\"tg-item-title\"><a href=\"https:\/\/medienplattform.wmk-karlsruhe.de\/wmk-karlsruhe-de-medienplattform\/schwindende-fluesse\/\" target=\"_self\">Schwindende Fl\u00fcsse<\/a><\/h2><\/div><\/div><\/div><\/div><\/div><\/article><!-- The Grid item #26 --><article class=\"tg-item tg-post-2736 lome f60\" data-row=\"1\" data-col=\"1\"><div class=\"tg-item-inner\"><div class=\"tg-item-media-holder tg-light\"><div class=\"tg-item-media-inner\"><img loading=\"lazy\" decoding=\"async\" class=\"tg-item-image\" alt=\"\" width=\"500\" height=\"500\" src=\"https:\/\/medienplattform.wmk-karlsruhe.de\/wmk-karlsruhe-de-medienplattform\/wp-content\/uploads\/IMG_4913-500x500.jpg\"><\/div><div class=\"tg-item-overlay\"><\/div><div class=\"tg-item-content\"><div class=\"tg-center-holder\"><div class=\"tg-center-inner\"><a class=\"tg-item-link\" href=\"https:\/\/medienplattform.wmk-karlsruhe.de\/wmk-karlsruhe-de-medienplattform\/herausforderung-hochwasser\/\" target=\"_self\"><\/a><span class=\"tg-item-date\">11. September 2019<\/span><h2 class=\"tg-item-title\"><a href=\"https:\/\/medienplattform.wmk-karlsruhe.de\/wmk-karlsruhe-de-medienplattform\/herausforderung-hochwasser\/\" target=\"_self\">Herausforderung Hochwasser<\/a><\/h2><\/div><\/div><\/div><\/div><\/div><\/article><!-- The Grid item #27 --><article class=\"tg-item tg-post-2732 lome f60\" data-row=\"1\" data-col=\"1\"><div class=\"tg-item-inner\"><div class=\"tg-item-media-holder tg-light\"><div class=\"tg-item-media-inner\"><img loading=\"lazy\" decoding=\"async\" class=\"tg-item-image\" alt=\"\" width=\"500\" height=\"500\" src=\"https:\/\/medienplattform.wmk-karlsruhe.de\/wmk-karlsruhe-de-medienplattform\/wp-content\/uploads\/IMG_1462-500x500.jpg\"><\/div><div class=\"tg-item-overlay\"><\/div><div class=\"tg-item-content\"><div class=\"tg-center-holder\"><div class=\"tg-center-inner\"><a class=\"tg-item-link\" href=\"https:\/\/medienplattform.wmk-karlsruhe.de\/wmk-karlsruhe-de-medienplattform\/starkregen\/\" target=\"_self\"><\/a><span class=\"tg-item-date\">5. September 2019<\/span><h2 class=\"tg-item-title\"><a href=\"https:\/\/medienplattform.wmk-karlsruhe.de\/wmk-karlsruhe-de-medienplattform\/starkregen\/\" target=\"_self\">Starkregen<\/a><\/h2><\/div><\/div><\/div><\/div><\/div><\/article><!-- The Grid item #28 --><article class=\"tg-item tg-post-2662 lome f59\" data-row=\"1\" data-col=\"1\"><div class=\"tg-item-inner\"><div class=\"tg-item-media-holder tg-light\"><div class=\"tg-item-media-inner\"><img loading=\"lazy\" decoding=\"async\" class=\"tg-item-image\" alt=\"\" width=\"500\" height=\"500\" src=\"https:\/\/medienplattform.wmk-karlsruhe.de\/wmk-karlsruhe-de-medienplattform\/wp-content\/uploads\/campusgefl\u00fcster11-1024x683-e1695821999576-500x500.jpg\"><\/div><div class=\"tg-item-overlay\"><\/div><div class=\"tg-item-content\"><div class=\"tg-center-holder\"><div class=\"tg-center-inner\"><a class=\"tg-item-link\" href=\"https:\/\/www.campusradio-karlsruhe.de\/2018\/12\/31\/naturwissenschaften-vs-geisteswissenschaften\/\" target=\"_blank\"><\/a><span class=\"tg-item-date\">24. Mai 2019<\/span><h2 class=\"tg-item-title\"><a href=\"https:\/\/www.campusradio-karlsruhe.de\/2018\/12\/31\/naturwissenschaften-vs-geisteswissenschaften\/\" target=\"_blank\">Naturwissenschaften vs. Geisteswissenschaften<\/a><\/h2><\/div><\/div><\/div><\/div><\/div><\/article><!-- The Grid item #29 --><article class=\"tg-item tg-post-2659 lome f59\" data-row=\"1\" data-col=\"1\"><div class=\"tg-item-inner\"><div class=\"tg-item-media-holder tg-light\"><div class=\"tg-item-media-inner\"><img loading=\"lazy\" decoding=\"async\" class=\"tg-item-image\" alt=\"\" width=\"409\" height=\"500\" src=\"https:\/\/medienplattform.wmk-karlsruhe.de\/wmk-karlsruhe-de-medienplattform\/wp-content\/uploads\/Lehrredaktion_Dokumentation_MadeleineHeiler--409x500.jpg\"><\/div><div class=\"tg-item-overlay\"><\/div><div class=\"tg-item-content\"><div class=\"tg-center-holder\"><div class=\"tg-center-inner\"><a class=\"tg-item-link\" href=\"https:\/\/www.campusradio-karlsruhe.de\/2018\/11\/26\/wie-finanziere-ich-mein-studium\/\" target=\"_blank\"><\/a><span class=\"tg-item-date\">24. Mai 2019<\/span><h2 class=\"tg-item-title\"><a href=\"https:\/\/www.campusradio-karlsruhe.de\/2018\/11\/26\/wie-finanziere-ich-mein-studium\/\" target=\"_blank\">Wie finanziere ich mein Studium?<\/a><\/h2><\/div><\/div><\/div><\/div><\/div><\/article><!-- The Grid item #30 --><article class=\"tg-item tg-post-2656 lome f59\" data-row=\"1\" data-col=\"1\"><div class=\"tg-item-inner\"><div class=\"tg-item-media-holder tg-light\"><div class=\"tg-item-media-inner\"><img loading=\"lazy\" decoding=\"async\" class=\"tg-item-image\" alt=\"\" width=\"500\" height=\"500\" src=\"https:\/\/medienplattform.wmk-karlsruhe.de\/wmk-karlsruhe-de-medienplattform\/wp-content\/uploads\/BildRadio-1024x577-500x500.jpg\"><\/div><div class=\"tg-item-overlay\"><\/div><div class=\"tg-item-content\"><div class=\"tg-center-holder\"><div class=\"tg-center-inner\"><a class=\"tg-item-link\" href=\"https:\/\/www.campusradio-karlsruhe.de\/2018\/08\/16\/ich-kann-nicht-mehr\/\" target=\"_blank\"><\/a><span class=\"tg-item-date\">24. Mai 2019<\/span><h2 class=\"tg-item-title\"><a href=\"https:\/\/www.campusradio-karlsruhe.de\/2018\/08\/16\/ich-kann-nicht-mehr\/\" target=\"_blank\">Ich.kann.nicht.mehr<\/a><\/h2><\/div><\/div><\/div><\/div><\/div><\/article><!-- The Grid item #31 --><article class=\"tg-item tg-post-2652 lome f59\" data-row=\"1\" data-col=\"1\"><div class=\"tg-item-inner\"><div class=\"tg-item-media-holder tg-light\"><div class=\"tg-item-media-inner\"><img loading=\"lazy\" decoding=\"async\" class=\"tg-item-image\" alt=\"\" width=\"500\" height=\"500\" src=\"https:\/\/medienplattform.wmk-karlsruhe.de\/wmk-karlsruhe-de-medienplattform\/wp-content\/uploads\/Foto-1-1024x768-500x500.jpg\"><\/div><div class=\"tg-item-overlay\"><\/div><div class=\"tg-item-content\"><div class=\"tg-center-holder\"><div class=\"tg-center-inner\"><a class=\"tg-item-link\" href=\"https:\/\/www.campusradio-karlsruhe.de\/2018\/08\/03\/reparieren-statt-wegwerfen\/\" target=\"_blank\"><\/a><span class=\"tg-item-date\">24. Mai 2019<\/span><h2 class=\"tg-item-title\"><a href=\"https:\/\/www.campusradio-karlsruhe.de\/2018\/08\/03\/reparieren-statt-wegwerfen\/\" target=\"_blank\">Reparieren statt wegwerfen<\/a><\/h2><\/div><\/div><\/div><\/div><\/div><\/article><!-- The Grid item #32 --><article class=\"tg-item tg-post-2648 lome f59\" data-row=\"1\" data-col=\"1\"><div class=\"tg-item-inner\"><div class=\"tg-item-media-holder tg-light\"><div class=\"tg-item-media-inner\"><img loading=\"lazy\" decoding=\"async\" class=\"tg-item-image\" alt=\"\" width=\"500\" height=\"500\" src=\"https:\/\/medienplattform.wmk-karlsruhe.de\/wmk-karlsruhe-de-medienplattform\/wp-content\/uploads\/20180612_134747-1024x768-500x500.jpg\"><\/div><div class=\"tg-item-overlay\"><\/div><div class=\"tg-item-content\"><div class=\"tg-center-holder\"><div class=\"tg-center-inner\"><a class=\"tg-item-link\" href=\"https:\/\/www.campusradio-karlsruhe.de\/2018\/07\/29\/campusradio-zu-gast-bei-service-design-thinking\/\" target=\"_blank\"><\/a><span class=\"tg-item-date\">24. Mai 2019<\/span><h2 class=\"tg-item-title\"><a href=\"https:\/\/www.campusradio-karlsruhe.de\/2018\/07\/29\/campusradio-zu-gast-bei-service-design-thinking\/\" target=\"_blank\">Campusradio zu Gast bei Service Design Thinking<\/a><\/h2><\/div><\/div><\/div><\/div><\/div><\/article><!-- The Grid item #33 --><article class=\"tg-item tg-post-2549 lome f54\" data-row=\"1\" data-col=\"1\"><div class=\"tg-item-inner\"><div class=\"tg-item-media-holder tg-light\"><div class=\"tg-item-media-inner\"><div class=\"tg-item-gallery-holder\"><img loading=\"lazy\" decoding=\"async\" class=\"tg-item-image first-image show\" alt=\"\" width=\"500\" height=\"500\" src=\"https:\/\/medienplattform.wmk-karlsruhe.de\/wmk-karlsruhe-de-medienplattform\/wp-content\/uploads\/corinna-wiebusch-05-500x500.jpg\"><div class=\"tg-item-image\" style=\"background-image: url(https:\/\/medienplattform.wmk-karlsruhe.de\/wmk-karlsruhe-de-medienplattform\/wp-content\/uploads\/daria-morosow-06-500x500.jpg)\"><\/div><div class=\"tg-item-image\" style=\"background-image: url(https:\/\/medienplattform.wmk-karlsruhe.de\/wmk-karlsruhe-de-medienplattform\/wp-content\/uploads\/hannah-dannereder-13-lennard-500x500.jpg)\"><\/div><div class=\"tg-item-image\" style=\"background-image: url(https:\/\/medienplattform.wmk-karlsruhe.de\/wmk-karlsruhe-de-medienplattform\/wp-content\/uploads\/katrin-tebrocke-01-500x500.jpg)\"><\/div><div class=\"tg-item-image\" style=\"background-image: url(https:\/\/medienplattform.wmk-karlsruhe.de\/wmk-karlsruhe-de-medienplattform\/wp-content\/uploads\/lea-auerbach-06-500x500.jpg)\"><\/div><div class=\"tg-item-image\" style=\"background-image: url(https:\/\/medienplattform.wmk-karlsruhe.de\/wmk-karlsruhe-de-medienplattform\/wp-content\/uploads\/patrizia-attar-01-500x500.jpg)\"><\/div><div class=\"tg-item-image\" style=\"background-image: url(https:\/\/medienplattform.wmk-karlsruhe.de\/wmk-karlsruhe-de-medienplattform\/wp-content\/uploads\/alina-burlakov-02-1-500x500.jpg)\"><\/div><div class=\"tg-item-image\" style=\"background-image: url(https:\/\/medienplattform.wmk-karlsruhe.de\/wmk-karlsruhe-de-medienplattform\/wp-content\/uploads\/susanna-ketterer-03-500x500.jpg)\"><\/div><div class=\"tg-item-image\" style=\"background-image: url(https:\/\/medienplattform.wmk-karlsruhe.de\/wmk-karlsruhe-de-medienplattform\/wp-content\/uploads\/pia-stejskal-06-500x500.jpg)\"><\/div><\/div><\/div><div class=\"tg-item-overlay\"><\/div><div class=\"tg-item-content\"><div class=\"tg-center-holder\"><div class=\"tg-center-inner\"><a class=\"tg-item-link\" href=\"https:\/\/digitalebilder.wmk-karlsruhe.de\/masterklasse4\/\" target=\"_blank\"><\/a><span class=\"tg-item-date\">11. Mai 2019<\/span><h2 class=\"tg-item-title\"><a href=\"https:\/\/digitalebilder.wmk-karlsruhe.de\/masterklasse4\/\" target=\"_blank\">Masterklasse IV (2018\/19)<\/a><\/h2><\/div><\/div><\/div><\/div><\/div><\/article><!-- The Grid item #34 --><article class=\"tg-item tg-post-2595 lome f58\" data-row=\"1\" data-col=\"1\"><div class=\"tg-item-inner\"><div class=\"tg-item-media-holder tg-light\"><div class=\"tg-item-media-inner\"><img loading=\"lazy\" decoding=\"async\" class=\"tg-item-image\" alt=\"\" width=\"500\" height=\"500\" src=\"https:\/\/medienplattform.wmk-karlsruhe.de\/wmk-karlsruhe-de-medienplattform\/wp-content\/uploads\/Gesundheitssystem-500x500.jpg\"><\/div><div class=\"tg-item-overlay\"><\/div><div class=\"tg-item-content\"><div class=\"tg-center-holder\"><div class=\"tg-center-inner\"><a class=\"tg-item-link\" href=\"https:\/\/medienplattform.wmk-karlsruhe.de\/wmk-karlsruhe-de-medienplattform\/1-status-quo-wie-ist-unser-gesundheitssystem-aufgestellt\/\" target=\"_self\"><\/a><span class=\"tg-item-date\">15. September 2018<\/span><h2 class=\"tg-item-title\"><a href=\"https:\/\/medienplattform.wmk-karlsruhe.de\/wmk-karlsruhe-de-medienplattform\/1-status-quo-wie-ist-unser-gesundheitssystem-aufgestellt\/\" target=\"_self\">1. Status quo \u2013 wie ist unser Gesundheitssystem aufgestellt?<\/a><\/h2><\/div><\/div><\/div><\/div><\/div><\/article><!-- The Grid item #35 --><article class=\"tg-item tg-post-2611 lome f58\" data-row=\"1\" data-col=\"1\"><div class=\"tg-item-inner\"><div class=\"tg-item-media-holder tg-light\"><div class=\"tg-item-media-inner\"><img loading=\"lazy\" decoding=\"async\" class=\"tg-item-image\" alt=\"\" width=\"500\" height=\"500\" src=\"https:\/\/medienplattform.wmk-karlsruhe.de\/wmk-karlsruhe-de-medienplattform\/wp-content\/uploads\/WMK-DeutschesGesundheitssystem-02-500x500.jpg\"><\/div><div class=\"tg-item-overlay\"><\/div><div class=\"tg-item-content\"><div class=\"tg-center-holder\"><div class=\"tg-center-inner\"><a class=\"tg-item-link\" href=\"https:\/\/medienplattform.wmk-karlsruhe.de\/wmk-karlsruhe-de-medienplattform\/2-was-bedeutet-uns-gesundheit-persoenlich\/\" target=\"_self\"><\/a><span class=\"tg-item-date\">15. September 2018<\/span><h2 class=\"tg-item-title\"><a href=\"https:\/\/medienplattform.wmk-karlsruhe.de\/wmk-karlsruhe-de-medienplattform\/2-was-bedeutet-uns-gesundheit-persoenlich\/\" target=\"_self\">2. Was bedeutet uns Gesundheit pers\u00f6nlich?<\/a><\/h2><\/div><\/div><\/div><\/div><\/div><\/article><!-- The Grid item #36 --><article class=\"tg-item tg-post-2614 lome f58\" data-row=\"1\" data-col=\"1\"><div class=\"tg-item-inner\"><div class=\"tg-item-media-holder tg-light\"><div class=\"tg-item-media-inner\"><img loading=\"lazy\" decoding=\"async\" class=\"tg-item-image\" alt=\"\" width=\"500\" height=\"500\" src=\"https:\/\/medienplattform.wmk-karlsruhe.de\/wmk-karlsruhe-de-medienplattform\/wp-content\/uploads\/WMK-DeutschesGesundheitssystem-03-500x500.jpg\"><\/div><div class=\"tg-item-overlay\"><\/div><div class=\"tg-item-content\"><div class=\"tg-center-holder\"><div class=\"tg-center-inner\"><a class=\"tg-item-link\" href=\"https:\/\/medienplattform.wmk-karlsruhe.de\/wmk-karlsruhe-de-medienplattform\/3-an-was-krankt-unser-gesundheitssystem\/\" target=\"_self\"><\/a><span class=\"tg-item-date\">15. September 2018<\/span><h2 class=\"tg-item-title\"><a href=\"https:\/\/medienplattform.wmk-karlsruhe.de\/wmk-karlsruhe-de-medienplattform\/3-an-was-krankt-unser-gesundheitssystem\/\" target=\"_self\">3. An was krankt unser Gesundheitssystem?<\/a><\/h2><\/div><\/div><\/div><\/div><\/div><\/article><!-- The Grid item #37 --><article class=\"tg-item tg-post-2619 lome f58\" data-row=\"1\" data-col=\"1\"><div class=\"tg-item-inner\"><div class=\"tg-item-media-holder tg-light\"><div class=\"tg-item-media-inner\"><img loading=\"lazy\" decoding=\"async\" class=\"tg-item-image\" alt=\"\" width=\"500\" height=\"500\" src=\"https:\/\/medienplattform.wmk-karlsruhe.de\/wmk-karlsruhe-de-medienplattform\/wp-content\/uploads\/WMK-DeutschesGesundheitssystem-04-500x500.jpg\"><\/div><div class=\"tg-item-overlay\"><\/div><div class=\"tg-item-content\"><div class=\"tg-center-holder\"><div class=\"tg-center-inner\"><a class=\"tg-item-link\" href=\"https:\/\/medienplattform.wmk-karlsruhe.de\/wmk-karlsruhe-de-medienplattform\/4-was-verbessert-unsere-gesundheit\/\" target=\"_self\"><\/a><span class=\"tg-item-date\">15. September 2018<\/span><h2 class=\"tg-item-title\"><a href=\"https:\/\/medienplattform.wmk-karlsruhe.de\/wmk-karlsruhe-de-medienplattform\/4-was-verbessert-unsere-gesundheit\/\" target=\"_self\">4. Was verbessert unsere Gesundheit?<\/a><\/h2><\/div><\/div><\/div><\/div><\/div><\/article><!-- The Grid item #38 --><article class=\"tg-item tg-post-2625 lome f58\" data-row=\"1\" data-col=\"1\"><div class=\"tg-item-inner\"><div class=\"tg-item-media-holder tg-light\"><div class=\"tg-item-media-inner\"><img loading=\"lazy\" decoding=\"async\" class=\"tg-item-image\" alt=\"\" width=\"500\" height=\"500\" src=\"https:\/\/medienplattform.wmk-karlsruhe.de\/wmk-karlsruhe-de-medienplattform\/wp-content\/uploads\/WMK-DeutschesGesundheitssystem-05-500x500.jpg\"><\/div><div class=\"tg-item-overlay\"><\/div><div class=\"tg-item-content\"><div class=\"tg-center-holder\"><div class=\"tg-center-inner\"><a class=\"tg-item-link\" href=\"https:\/\/medienplattform.wmk-karlsruhe.de\/wmk-karlsruhe-de-medienplattform\/5-wie-modern-ist-unser-system\/\" target=\"_self\"><\/a><span class=\"tg-item-date\">15. September 2018<\/span><h2 class=\"tg-item-title\"><a href=\"https:\/\/medienplattform.wmk-karlsruhe.de\/wmk-karlsruhe-de-medienplattform\/5-wie-modern-ist-unser-system\/\" target=\"_self\">5. Wie modern ist unser System?<\/a><\/h2><\/div><\/div><\/div><\/div><\/div><\/article><!-- The Grid item #39 --><article class=\"tg-item tg-post-2435 lome f56\" data-row=\"1\" data-col=\"1\"><div class=\"tg-item-inner\"><div class=\"tg-item-media-holder tg-light\"><div class=\"tg-item-media-inner\"><img loading=\"lazy\" decoding=\"async\" class=\"tg-item-image\" alt=\"\" width=\"500\" height=\"500\" src=\"https:\/\/medienplattform.wmk-karlsruhe.de\/wmk-karlsruhe-de-medienplattform\/wp-content\/uploads\/WMK-Teaser-Multiple-Sklerose-500x500.jpg\"><\/div><div class=\"tg-item-overlay\"><\/div><div class=\"tg-item-content\"><div class=\"tg-center-holder\"><div class=\"tg-center-inner\"><a class=\"tg-item-link\" href=\"http:\/\/multiple-sklerose.pageflow.io\/multiple-sklerose-9c188741-d0b2-4e44-bb8d-565d6d53652a\" target=\"_blank\"><\/a><span class=\"tg-item-date\">19. M\u00e4rz 2018<\/span><h2 class=\"tg-item-title\"><a href=\"http:\/\/multiple-sklerose.pageflow.io\/multiple-sklerose-9c188741-d0b2-4e44-bb8d-565d6d53652a\" target=\"_blank\">Die Krankheit der 1000 Gesichter<\/a><\/h2><\/div><\/div><\/div><\/div><\/div><\/article><!-- The Grid item #40 --><article class=\"tg-item tg-post-1614 lome f54\" data-row=\"1\" data-col=\"1\"><div class=\"tg-item-inner\"><div class=\"tg-item-media-holder tg-light\"><div class=\"tg-item-media-inner\"><div class=\"tg-item-gallery-holder\"><img loading=\"lazy\" decoding=\"async\" class=\"tg-item-image first-image show\" alt=\"\" width=\"400\" height=\"400\" src=\"https:\/\/medienplattform.wmk-karlsruhe.de\/wmk-karlsruhe-de-medienplattform\/wp-content\/uploads\/beitragsbild-digitale-bilder.jpg\"><div class=\"tg-item-image\" style=\"background-image: url(https:\/\/medienplattform.wmk-karlsruhe.de\/wmk-karlsruhe-de-medienplattform\/wp-content\/uploads\/WMK-DB-dominik-palluch-KWS-500x400.jpg)\"><\/div><div class=\"tg-item-image\" style=\"background-image: url(https:\/\/medienplattform.wmk-karlsruhe.de\/wmk-karlsruhe-de-medienplattform\/wp-content\/uploads\/WMK-DB-celine-haas-500x400.jpg)\"><\/div><div class=\"tg-item-image\" style=\"background-image: url(https:\/\/medienplattform.wmk-karlsruhe.de\/wmk-karlsruhe-de-medienplattform\/wp-content\/uploads\/WMK-DB-nikolai-promies2-500x400.jpg)\"><\/div><div class=\"tg-item-image\" style=\"background-image: url(https:\/\/medienplattform.wmk-karlsruhe.de\/wmk-karlsruhe-de-medienplattform\/wp-content\/uploads\/WMK-DB-kay-koch-500x400.jpg)\"><\/div><div class=\"tg-item-image\" style=\"background-image: url(https:\/\/medienplattform.wmk-karlsruhe.de\/wmk-karlsruhe-de-medienplattform\/wp-content\/uploads\/WMK-DB-larissa-berlinghof-500x400.jpg)\"><\/div><div class=\"tg-item-image\" style=\"background-image: url(https:\/\/medienplattform.wmk-karlsruhe.de\/wmk-karlsruhe-de-medienplattform\/wp-content\/uploads\/WMK-DB-nikolai-promies-500x400.jpg)\"><\/div><div class=\"tg-item-image\" style=\"background-image: url(https:\/\/medienplattform.wmk-karlsruhe.de\/wmk-karlsruhe-de-medienplattform\/wp-content\/uploads\/WMK-DB-tim-bornkessel-500x400.jpg)\"><\/div><div class=\"tg-item-image\" style=\"background-image: url(https:\/\/medienplattform.wmk-karlsruhe.de\/wmk-karlsruhe-de-medienplattform\/wp-content\/uploads\/WMK-DB-sven-roehricht-500x400.jpg)\"><\/div><div class=\"tg-item-image\" style=\"background-image: url(https:\/\/medienplattform.wmk-karlsruhe.de\/wmk-karlsruhe-de-medienplattform\/wp-content\/uploads\/WMK-DB-franziska-becker-500x400.jpg)\"><\/div><div class=\"tg-item-image\" style=\"background-image: url(https:\/\/medienplattform.wmk-karlsruhe.de\/wmk-karlsruhe-de-medienplattform\/wp-content\/uploads\/WMK-DB-joshua-wurm-500x400.jpg)\"><\/div><div class=\"tg-item-image\" style=\"background-image: url(https:\/\/medienplattform.wmk-karlsruhe.de\/wmk-karlsruhe-de-medienplattform\/wp-content\/uploads\/WMK-DB-kay-koch2-500x400.jpg)\"><\/div><div class=\"tg-item-image\" style=\"background-image: url(https:\/\/medienplattform.wmk-karlsruhe.de\/wmk-karlsruhe-de-medienplattform\/wp-content\/uploads\/WMK-DB-mariya-grygoryan3-500x400.jpg)\"><\/div><\/div><\/div><div class=\"tg-item-overlay\"><\/div><div class=\"tg-item-content\"><div class=\"tg-center-holder\"><div class=\"tg-center-inner\"><a class=\"tg-item-link\" href=\"http:\/\/digitalebilder.wmk-karlsruhe.de\/masterklasse3\/\" target=\"_blank\"><\/a><span class=\"tg-item-date\">1. M\u00e4rz 2018<\/span><h2 class=\"tg-item-title\"><a href=\"http:\/\/digitalebilder.wmk-karlsruhe.de\/masterklasse3\/\" target=\"_blank\">Masterklasse III (2017\/18)<\/a><\/h2><\/div><\/div><\/div><\/div><\/div><\/article><!-- The Grid item #41 --><article class=\"tg-item tg-post-2486 lome f57\" data-row=\"1\" data-col=\"1\"><div class=\"tg-item-inner\"><div class=\"tg-item-media-holder tg-light\"><div class=\"tg-item-media-inner\"><img loading=\"lazy\" decoding=\"async\" class=\"tg-item-image\" alt=\"\" width=\"500\" height=\"500\" src=\"https:\/\/medienplattform.wmk-karlsruhe.de\/wmk-karlsruhe-de-medienplattform\/wp-content\/uploads\/wmk-mp-ev-radioaktivitaet-500x500.jpg\"><\/div><div class=\"tg-item-overlay\"><\/div><div class=\"tg-item-content\"><div class=\"tg-center-holder\"><div class=\"tg-center-inner\"><a class=\"tg-item-link\" href=\"https:\/\/medienplattform.wmk-karlsruhe.de\/wmk-karlsruhe-de-medienplattform\/radioaktivitaet\/\" target=\"_self\"><\/a><span class=\"tg-item-date\">5. M\u00e4rz 2017<\/span><h2 class=\"tg-item-title\"><a href=\"https:\/\/medienplattform.wmk-karlsruhe.de\/wmk-karlsruhe-de-medienplattform\/radioaktivitaet\/\" target=\"_self\">Radioaktivit\u00e4t<\/a><\/h2><\/div><\/div><\/div><\/div><\/div><\/article><!-- The Grid item #42 --><article class=\"tg-item tg-post-2484 lome f57\" data-row=\"1\" data-col=\"1\"><div class=\"tg-item-inner\"><div class=\"tg-item-media-holder tg-light\"><div class=\"tg-item-media-inner\"><img loading=\"lazy\" decoding=\"async\" class=\"tg-item-image\" alt=\"\" width=\"500\" height=\"500\" src=\"https:\/\/medienplattform.wmk-karlsruhe.de\/wmk-karlsruhe-de-medienplattform\/wp-content\/uploads\/wmk-mp-ev-muskelkater-500x500.jpg\"><\/div><div class=\"tg-item-overlay\"><\/div><div class=\"tg-item-content\"><div class=\"tg-center-holder\"><div class=\"tg-center-inner\"><a class=\"tg-item-link\" href=\"https:\/\/medienplattform.wmk-karlsruhe.de\/wmk-karlsruhe-de-medienplattform\/muskelkater\/\" target=\"_self\"><\/a><span class=\"tg-item-date\">5. M\u00e4rz 2017<\/span><h2 class=\"tg-item-title\"><a href=\"https:\/\/medienplattform.wmk-karlsruhe.de\/wmk-karlsruhe-de-medienplattform\/muskelkater\/\" target=\"_self\">Muskelkater<\/a><\/h2><\/div><\/div><\/div><\/div><\/div><\/article><!-- The Grid item #43 --><article class=\"tg-item tg-post-2478 lome f57\" data-row=\"1\" data-col=\"1\"><div class=\"tg-item-inner\"><div class=\"tg-item-media-holder tg-light\"><div class=\"tg-item-media-inner\"><img loading=\"lazy\" decoding=\"async\" class=\"tg-item-image\" alt=\"\" width=\"500\" height=\"500\" src=\"https:\/\/medienplattform.wmk-karlsruhe.de\/wmk-karlsruhe-de-medienplattform\/wp-content\/uploads\/wmk-mp-ev-herbst-500x500.jpg\"><\/div><div class=\"tg-item-overlay\"><\/div><div class=\"tg-item-content\"><div class=\"tg-center-holder\"><div class=\"tg-center-inner\"><a class=\"tg-item-link\" href=\"https:\/\/medienplattform.wmk-karlsruhe.de\/wmk-karlsruhe-de-medienplattform\/herbst\/\" target=\"_self\"><\/a><span class=\"tg-item-date\">5. M\u00e4rz 2017<\/span><h2 class=\"tg-item-title\"><a href=\"https:\/\/medienplattform.wmk-karlsruhe.de\/wmk-karlsruhe-de-medienplattform\/herbst\/\" target=\"_self\">Herbst<\/a><\/h2><\/div><\/div><\/div><\/div><\/div><\/article><!-- The Grid item #44 --><article class=\"tg-item tg-post-1612 lome f54\" data-row=\"1\" data-col=\"1\"><div class=\"tg-item-inner\"><div class=\"tg-item-media-holder tg-light\"><div class=\"tg-item-media-inner\"><div class=\"tg-item-gallery-holder\"><img loading=\"lazy\" decoding=\"async\" class=\"tg-item-image first-image show\" alt=\"\" width=\"500\" height=\"500\" src=\"https:\/\/medienplattform.wmk-karlsruhe.de\/wmk-karlsruhe-de-medienplattform\/wp-content\/uploads\/anna-danisch-02-500x500.jpg\"><div class=\"tg-item-image\" style=\"background-image: url(https:\/\/medienplattform.wmk-karlsruhe.de\/wmk-karlsruhe-de-medienplattform\/wp-content\/uploads\/daniel-heinold-12-feuerkreisel-2-500x500.jpg)\"><\/div><div class=\"tg-item-image\" style=\"background-image: url(https:\/\/medienplattform.wmk-karlsruhe.de\/wmk-karlsruhe-de-medienplattform\/wp-content\/uploads\/fabian-oswald-zweizehen2-500x500.jpg)\"><\/div><div class=\"tg-item-image\" style=\"background-image: url(https:\/\/medienplattform.wmk-karlsruhe.de\/wmk-karlsruhe-de-medienplattform\/wp-content\/uploads\/florian-fertig-22-500x500.jpg)\"><\/div><div class=\"tg-item-image\" style=\"background-image: url(https:\/\/medienplattform.wmk-karlsruhe.de\/wmk-karlsruhe-de-medienplattform\/wp-content\/uploads\/julia-goldstein-05-500x500.jpg)\"><\/div><div class=\"tg-item-image\" style=\"background-image: url(https:\/\/medienplattform.wmk-karlsruhe.de\/wmk-karlsruhe-de-medienplattform\/wp-content\/uploads\/nina-kneule-06-mammutbaum2-500x500.jpg)\"><\/div><div class=\"tg-item-image\" style=\"background-image: url(https:\/\/medienplattform.wmk-karlsruhe.de\/wmk-karlsruhe-de-medienplattform\/wp-content\/uploads\/sultan-birhimeoglu-04-500x500.jpg)\"><\/div><\/div><\/div><div class=\"tg-item-overlay\"><\/div><div class=\"tg-item-content\"><div class=\"tg-center-holder\"><div class=\"tg-center-inner\"><a class=\"tg-item-link\" href=\"http:\/\/digitalebilder.wmk-karlsruhe.de\/masterklasse2\" target=\"_blank\"><\/a><span class=\"tg-item-date\">1. M\u00e4rz 2017<\/span><h2 class=\"tg-item-title\"><a href=\"http:\/\/digitalebilder.wmk-karlsruhe.de\/masterklasse2\" target=\"_blank\">Masterklasse II (2016\/17)<\/a><\/h2><\/div><\/div><\/div><\/div><\/div><\/article><!-- The Grid item #45 --><article class=\"tg-item tg-post-389 lome f21\" data-row=\"1\" data-col=\"1\"><div class=\"tg-item-inner\"><div class=\"tg-item-media-holder tg-light\"><div class=\"tg-item-media-inner\"><div class=\"tg-item-gallery-holder\"><img loading=\"lazy\" decoding=\"async\" class=\"tg-item-image first-image show\" alt=\"\" width=\"500\" height=\"500\" src=\"https:\/\/medienplattform.wmk-karlsruhe.de\/wmk-karlsruhe-de-medienplattform\/wp-content\/uploads\/MG_5378-500x500.jpg\"><div class=\"tg-item-image\" style=\"background-image: url(https:\/\/medienplattform.wmk-karlsruhe.de\/wmk-karlsruhe-de-medienplattform\/wp-content\/uploads\/MG_5383-500x500.jpg)\"><\/div><div class=\"tg-item-image\" style=\"background-image: url(https:\/\/medienplattform.wmk-karlsruhe.de\/wmk-karlsruhe-de-medienplattform\/wp-content\/uploads\/MG_5384-500x500.jpg)\"><\/div><div class=\"tg-item-image\" style=\"background-image: url(https:\/\/medienplattform.wmk-karlsruhe.de\/wmk-karlsruhe-de-medienplattform\/wp-content\/uploads\/MG_5385-500x500.jpg)\"><\/div><div class=\"tg-item-image\" style=\"background-image: url(https:\/\/medienplattform.wmk-karlsruhe.de\/wmk-karlsruhe-de-medienplattform\/wp-content\/uploads\/MG_5392-500x500.jpg)\"><\/div><div class=\"tg-item-image\" style=\"background-image: url(https:\/\/medienplattform.wmk-karlsruhe.de\/wmk-karlsruhe-de-medienplattform\/wp-content\/uploads\/MG_5387-500x500.jpg)\"><\/div><\/div><\/div><div class=\"tg-item-overlay\"><\/div><div class=\"tg-item-content\"><div class=\"tg-center-holder\"><div class=\"tg-center-inner\"><a class=\"tg-item-link\" href=\"https:\/\/medienplattform.wmk-karlsruhe.de\/wmk-karlsruhe-de-medienplattform\/printerest-die-zeitschrift\/\" target=\"_self\"><\/a><span class=\"tg-item-date\">5. Oktober 2016<\/span><h2 class=\"tg-item-title\"><a href=\"https:\/\/medienplattform.wmk-karlsruhe.de\/wmk-karlsruhe-de-medienplattform\/printerest-die-zeitschrift\/\" target=\"_self\">Editorial: Printerest \u2013 Die Zeitschrift!<\/a><\/h2><\/div><\/div><\/div><\/div><\/div><\/article><!-- The Grid item #46 --><article class=\"tg-item tg-post-1736 lome f21\" data-row=\"1\" data-col=\"1\"><div class=\"tg-item-inner\"><div class=\"tg-item-media-holder tg-light\"><div class=\"tg-item-media-inner\"><div class=\"tg-item-gallery-holder\"><img loading=\"lazy\" decoding=\"async\" class=\"tg-item-image first-image show\" alt=\"\" width=\"500\" height=\"500\" src=\"https:\/\/medienplattform.wmk-karlsruhe.de\/wmk-karlsruhe-de-medienplattform\/wp-content\/uploads\/MG_5393-1-500x500.jpg\"><div class=\"tg-item-image\" style=\"background-image: url(https:\/\/medienplattform.wmk-karlsruhe.de\/wmk-karlsruhe-de-medienplattform\/wp-content\/uploads\/MG_5392-1-500x500.jpg)\"><\/div><div class=\"tg-item-image\" style=\"background-image: url(https:\/\/medienplattform.wmk-karlsruhe.de\/wmk-karlsruhe-de-medienplattform\/wp-content\/uploads\/MG_5390-1-500x500.jpg)\"><\/div><div class=\"tg-item-image\" style=\"background-image: url(https:\/\/medienplattform.wmk-karlsruhe.de\/wmk-karlsruhe-de-medienplattform\/wp-content\/uploads\/MG_5389-1-500x500.jpg)\"><\/div><div class=\"tg-item-image\" style=\"background-image: url(https:\/\/medienplattform.wmk-karlsruhe.de\/wmk-karlsruhe-de-medienplattform\/wp-content\/uploads\/MG_5378-1-500x500.jpg)\"><\/div><div class=\"tg-item-image\" style=\"background-image: url(https:\/\/medienplattform.wmk-karlsruhe.de\/wmk-karlsruhe-de-medienplattform\/wp-content\/uploads\/MG_5388-1-500x500.jpg)\"><\/div><div class=\"tg-item-image\" style=\"background-image: url(https:\/\/medienplattform.wmk-karlsruhe.de\/wmk-karlsruhe-de-medienplattform\/wp-content\/uploads\/MG_5387-1-500x500.jpg)\"><\/div><div class=\"tg-item-image\" style=\"background-image: url(https:\/\/medienplattform.wmk-karlsruhe.de\/wmk-karlsruhe-de-medienplattform\/wp-content\/uploads\/MG_5385-1-500x500.jpg)\"><\/div><div class=\"tg-item-image\" style=\"background-image: url(https:\/\/medienplattform.wmk-karlsruhe.de\/wmk-karlsruhe-de-medienplattform\/wp-content\/uploads\/MG_5384-1-500x500.jpg)\"><\/div><div class=\"tg-item-image\" style=\"background-image: url(https:\/\/medienplattform.wmk-karlsruhe.de\/wmk-karlsruhe-de-medienplattform\/wp-content\/uploads\/MG_5383-1-500x500.jpg)\"><\/div><\/div><\/div><div class=\"tg-item-overlay\"><\/div><div class=\"tg-item-content\"><div class=\"tg-center-holder\"><div class=\"tg-center-inner\"><a class=\"tg-item-link\" href=\"https:\/\/medienplattform.wmk-karlsruhe.de\/wmk-karlsruhe-de-medienplattform\/print-und-kontra\/\" target=\"_self\"><\/a><span class=\"tg-item-date\">4. Oktober 2016<\/span><h2 class=\"tg-item-title\"><a href=\"https:\/\/medienplattform.wmk-karlsruhe.de\/wmk-karlsruhe-de-medienplattform\/print-und-kontra\/\" target=\"_self\">Print und Kontra<\/a><\/h2><\/div><\/div><\/div><\/div><\/div><\/article><!-- The Grid item #47 --><article class=\"tg-item tg-post-1738 lome f21\" data-row=\"1\" data-col=\"1\"><div class=\"tg-item-inner\"><div class=\"tg-item-media-holder tg-light\"><div class=\"tg-item-media-inner\"><div class=\"tg-item-gallery-holder\"><img loading=\"lazy\" decoding=\"async\" class=\"tg-item-image first-image show\" alt=\"\" width=\"500\" height=\"500\" src=\"https:\/\/medienplattform.wmk-karlsruhe.de\/wmk-karlsruhe-de-medienplattform\/wp-content\/uploads\/MG_5383-1-500x500.jpg\"><div class=\"tg-item-image\" style=\"background-image: url(https:\/\/medienplattform.wmk-karlsruhe.de\/wmk-karlsruhe-de-medienplattform\/wp-content\/uploads\/MG_5384-1-500x500.jpg)\"><\/div><div class=\"tg-item-image\" style=\"background-image: url(https:\/\/medienplattform.wmk-karlsruhe.de\/wmk-karlsruhe-de-medienplattform\/wp-content\/uploads\/MG_5389-1-500x500.jpg)\"><\/div><div class=\"tg-item-image\" style=\"background-image: url(https:\/\/medienplattform.wmk-karlsruhe.de\/wmk-karlsruhe-de-medienplattform\/wp-content\/uploads\/MG_5388-1-500x500.jpg)\"><\/div><div class=\"tg-item-image\" style=\"background-image: url(https:\/\/medienplattform.wmk-karlsruhe.de\/wmk-karlsruhe-de-medienplattform\/wp-content\/uploads\/MG_5392-1-500x500.jpg)\"><\/div><div class=\"tg-item-image\" style=\"background-image: url(https:\/\/medienplattform.wmk-karlsruhe.de\/wmk-karlsruhe-de-medienplattform\/wp-content\/uploads\/MG_5387-1-500x500.jpg)\"><\/div><div class=\"tg-item-image\" style=\"background-image: url(https:\/\/medienplattform.wmk-karlsruhe.de\/wmk-karlsruhe-de-medienplattform\/wp-content\/uploads\/MG_5393-1-500x500.jpg)\"><\/div><div class=\"tg-item-image\" style=\"background-image: url(https:\/\/medienplattform.wmk-karlsruhe.de\/wmk-karlsruhe-de-medienplattform\/wp-content\/uploads\/MG_5385-1-500x500.jpg)\"><\/div><div class=\"tg-item-image\" style=\"background-image: url(https:\/\/medienplattform.wmk-karlsruhe.de\/wmk-karlsruhe-de-medienplattform\/wp-content\/uploads\/MG_5390-1-500x500.jpg)\"><\/div><div class=\"tg-item-image\" style=\"background-image: url(https:\/\/medienplattform.wmk-karlsruhe.de\/wmk-karlsruhe-de-medienplattform\/wp-content\/uploads\/MG_5378-1-500x500.jpg)\"><\/div><\/div><\/div><div class=\"tg-item-overlay\"><\/div><div class=\"tg-item-content\"><div class=\"tg-center-holder\"><div class=\"tg-center-inner\"><a class=\"tg-item-link\" href=\"https:\/\/medienplattform.wmk-karlsruhe.de\/wmk-karlsruhe-de-medienplattform\/ausgeschoepftes-papier-alternativen-fuer-den-wald\/\" target=\"_self\"><\/a><span class=\"tg-item-date\">3. Oktober 2016<\/span><h2 class=\"tg-item-title\"><a href=\"https:\/\/medienplattform.wmk-karlsruhe.de\/wmk-karlsruhe-de-medienplattform\/ausgeschoepftes-papier-alternativen-fuer-den-wald\/\" target=\"_self\">Ausgesch\u00f6pftes Papier \u2013 Alternativen f\u00fcr den Wald<\/a><\/h2><\/div><\/div><\/div><\/div><\/div><\/article><!-- The Grid item #48 --><article class=\"tg-item tg-post-1741 lome f21\" data-row=\"1\" data-col=\"1\"><div class=\"tg-item-inner\"><div class=\"tg-item-media-holder tg-light\"><div class=\"tg-item-media-inner\"><div class=\"tg-item-gallery-holder\"><img loading=\"lazy\" decoding=\"async\" class=\"tg-item-image first-image show\" alt=\"\" width=\"500\" height=\"500\" src=\"https:\/\/medienplattform.wmk-karlsruhe.de\/wmk-karlsruhe-de-medienplattform\/wp-content\/uploads\/MG_5390-1-500x500.jpg\"><div class=\"tg-item-image\" style=\"background-image: url(https:\/\/medienplattform.wmk-karlsruhe.de\/wmk-karlsruhe-de-medienplattform\/wp-content\/uploads\/MG_5392-1-500x500.jpg)\"><\/div><div class=\"tg-item-image\" style=\"background-image: url(https:\/\/medienplattform.wmk-karlsruhe.de\/wmk-karlsruhe-de-medienplattform\/wp-content\/uploads\/MG_5389-1-500x500.jpg)\"><\/div><div class=\"tg-item-image\" style=\"background-image: url(https:\/\/medienplattform.wmk-karlsruhe.de\/wmk-karlsruhe-de-medienplattform\/wp-content\/uploads\/MG_5393-1-500x500.jpg)\"><\/div><div class=\"tg-item-image\" style=\"background-image: url(https:\/\/medienplattform.wmk-karlsruhe.de\/wmk-karlsruhe-de-medienplattform\/wp-content\/uploads\/MG_5388-1-500x500.jpg)\"><\/div><div class=\"tg-item-image\" style=\"background-image: url(https:\/\/medienplattform.wmk-karlsruhe.de\/wmk-karlsruhe-de-medienplattform\/wp-content\/uploads\/MG_5378-1-500x500.jpg)\"><\/div><div class=\"tg-item-image\" style=\"background-image: url(https:\/\/medienplattform.wmk-karlsruhe.de\/wmk-karlsruhe-de-medienplattform\/wp-content\/uploads\/MG_5387-1-500x500.jpg)\"><\/div><div class=\"tg-item-image\" style=\"background-image: url(https:\/\/medienplattform.wmk-karlsruhe.de\/wmk-karlsruhe-de-medienplattform\/wp-content\/uploads\/MG_5385-1-500x500.jpg)\"><\/div><div class=\"tg-item-image\" style=\"background-image: url(https:\/\/medienplattform.wmk-karlsruhe.de\/wmk-karlsruhe-de-medienplattform\/wp-content\/uploads\/MG_5384-1-500x500.jpg)\"><\/div><div class=\"tg-item-image\" style=\"background-image: url(https:\/\/medienplattform.wmk-karlsruhe.de\/wmk-karlsruhe-de-medienplattform\/wp-content\/uploads\/MG_5383-1-500x500.jpg)\"><\/div><\/div><\/div><div class=\"tg-item-overlay\"><\/div><div class=\"tg-item-content\"><div class=\"tg-center-holder\"><div class=\"tg-center-inner\"><a class=\"tg-item-link\" href=\"https:\/\/medienplattform.wmk-karlsruhe.de\/wmk-karlsruhe-de-medienplattform\/wichtig-ist-es-wieder-aufzustehen\/\" target=\"_self\"><\/a><span class=\"tg-item-date\">2. Oktober 2016<\/span><h2 class=\"tg-item-title\"><a href=\"https:\/\/medienplattform.wmk-karlsruhe.de\/wmk-karlsruhe-de-medienplattform\/wichtig-ist-es-wieder-aufzustehen\/\" target=\"_self\">Wichtig ist es, wieder aufzustehen<\/a><\/h2><\/div><\/div><\/div><\/div><\/div><\/article><!-- The Grid item #49 --><article class=\"tg-item tg-post-1743 lome f21\" data-row=\"1\" data-col=\"1\"><div class=\"tg-item-inner\"><div class=\"tg-item-media-holder tg-light\"><div class=\"tg-item-media-inner\"><div class=\"tg-item-gallery-holder\"><img loading=\"lazy\" decoding=\"async\" class=\"tg-item-image first-image show\" alt=\"\" width=\"500\" height=\"500\" src=\"https:\/\/medienplattform.wmk-karlsruhe.de\/wmk-karlsruhe-de-medienplattform\/wp-content\/uploads\/MG_5389-1-500x500.jpg\"><div class=\"tg-item-image\" style=\"background-image: url(https:\/\/medienplattform.wmk-karlsruhe.de\/wmk-karlsruhe-de-medienplattform\/wp-content\/uploads\/MG_5392-1-500x500.jpg)\"><\/div><div class=\"tg-item-image\" style=\"background-image: url(https:\/\/medienplattform.wmk-karlsruhe.de\/wmk-karlsruhe-de-medienplattform\/wp-content\/uploads\/MG_5378-1-500x500.jpg)\"><\/div><div class=\"tg-item-image\" style=\"background-image: url(https:\/\/medienplattform.wmk-karlsruhe.de\/wmk-karlsruhe-de-medienplattform\/wp-content\/uploads\/MG_5385-1-500x500.jpg)\"><\/div><div class=\"tg-item-image\" style=\"background-image: url(https:\/\/medienplattform.wmk-karlsruhe.de\/wmk-karlsruhe-de-medienplattform\/wp-content\/uploads\/MG_5388-1-500x500.jpg)\"><\/div><div class=\"tg-item-image\" style=\"background-image: url(https:\/\/medienplattform.wmk-karlsruhe.de\/wmk-karlsruhe-de-medienplattform\/wp-content\/uploads\/MG_5384-1-500x500.jpg)\"><\/div><div class=\"tg-item-image\" style=\"background-image: url(https:\/\/medienplattform.wmk-karlsruhe.de\/wmk-karlsruhe-de-medienplattform\/wp-content\/uploads\/MG_5387-1-500x500.jpg)\"><\/div><\/div><\/div><div class=\"tg-item-overlay\"><\/div><div class=\"tg-item-content\"><div class=\"tg-center-holder\"><div class=\"tg-center-inner\"><a class=\"tg-item-link\" href=\"https:\/\/medienplattform.wmk-karlsruhe.de\/wmk-karlsruhe-de-medienplattform\/magazine-abseits-des-mainstreams\/\" target=\"_self\"><\/a><span class=\"tg-item-date\">1. Oktober 2016<\/span><h2 class=\"tg-item-title\"><a href=\"https:\/\/medienplattform.wmk-karlsruhe.de\/wmk-karlsruhe-de-medienplattform\/magazine-abseits-des-mainstreams\/\" target=\"_self\">Magazine abseits des Mainstreams<\/a><\/h2><\/div><\/div><\/div><\/div><\/div><\/article><!-- The Grid item #50 --><article class=\"tg-item tg-post-1342 lome f22\" data-row=\"1\" data-col=\"1\"><div class=\"tg-item-inner\"><div class=\"tg-item-media-holder tg-light\"><div class=\"tg-item-media-inner\"><img loading=\"lazy\" decoding=\"async\" class=\"tg-item-image\" alt=\"\" width=\"500\" height=\"500\" src=\"https:\/\/medienplattform.wmk-karlsruhe.de\/wmk-karlsruhe-de-medienplattform\/wp-content\/uploads\/WMK-WAS-1-500x500.jpg\"><\/div><div class=\"tg-item-overlay\"><\/div><div class=\"tg-item-content\"><div class=\"tg-center-holder\"><div class=\"tg-center-inner\"><a class=\"tg-item-link\" href=\"https:\/\/medienplattform.wmk-karlsruhe.de\/wmk-karlsruhe-de-medienplattform\/ist-der-laaaaaaaag\/\" target=\"_self\"><\/a><span class=\"tg-item-date\">4. August 2016<\/span><h2 class=\"tg-item-title\"><a href=\"https:\/\/medienplattform.wmk-karlsruhe.de\/wmk-karlsruhe-de-medienplattform\/ist-der-laaaaaaaag\/\" target=\"_self\">Ist der laaaaaaaag!<\/a><\/h2><\/div><\/div><\/div><\/div><\/div><\/article><!-- The Grid item #51 --><article class=\"tg-item tg-post-477 lome f22\" data-row=\"1\" data-col=\"1\"><div class=\"tg-item-inner\"><div class=\"tg-item-media-holder tg-light\"><div class=\"tg-item-media-inner\"><img loading=\"lazy\" decoding=\"async\" class=\"tg-item-image\" alt=\"\" width=\"500\" height=\"500\" src=\"https:\/\/medienplattform.wmk-karlsruhe.de\/wmk-karlsruhe-de-medienplattform\/wp-content\/uploads\/WMK-WAS-3-500x500.jpg\"><\/div><div class=\"tg-item-overlay\"><\/div><div class=\"tg-item-content\"><div class=\"tg-center-holder\"><div class=\"tg-center-inner\"><a class=\"tg-item-link\" href=\"https:\/\/medienplattform.wmk-karlsruhe.de\/wmk-karlsruhe-de-medienplattform\/aus-einar-wird-lili\/\" target=\"_self\"><\/a><span class=\"tg-item-date\">4. August 2016<\/span><h2 class=\"tg-item-title\"><a href=\"https:\/\/medienplattform.wmk-karlsruhe.de\/wmk-karlsruhe-de-medienplattform\/aus-einar-wird-lili\/\" target=\"_self\">Aus Einar wird Lili<\/a><\/h2><\/div><\/div><\/div><\/div><\/div><\/article><!-- The Grid item #52 --><article class=\"tg-item tg-post-1359 lome f22\" data-row=\"1\" data-col=\"1\"><div class=\"tg-item-inner\"><div class=\"tg-item-media-holder tg-light\"><div class=\"tg-item-media-inner\"><img loading=\"lazy\" decoding=\"async\" class=\"tg-item-image\" alt=\"\" width=\"500\" height=\"500\" src=\"https:\/\/medienplattform.wmk-karlsruhe.de\/wmk-karlsruhe-de-medienplattform\/wp-content\/uploads\/WMK-WAS-4-500x500.jpg\"><\/div><div class=\"tg-item-overlay\"><\/div><div class=\"tg-item-content\"><div class=\"tg-center-holder\"><div class=\"tg-center-inner\"><a class=\"tg-item-link\" href=\"https:\/\/medienplattform.wmk-karlsruhe.de\/wmk-karlsruhe-de-medienplattform\/die-obergrenzen-respektieren\/\" target=\"_self\"><\/a><span class=\"tg-item-date\">4. August 2016<\/span><h2 class=\"tg-item-title\"><a href=\"https:\/\/medienplattform.wmk-karlsruhe.de\/wmk-karlsruhe-de-medienplattform\/die-obergrenzen-respektieren\/\" target=\"_self\">Die Obergrenzen respektieren \u2026<\/a><\/h2><\/div><\/div><\/div><\/div><\/div><\/article><!-- The Grid item #53 --><article class=\"tg-item tg-post-2018 lome f22\" data-row=\"1\" data-col=\"1\"><div class=\"tg-item-inner\"><div class=\"tg-item-media-holder tg-light\"><div class=\"tg-item-media-inner\"><img loading=\"lazy\" decoding=\"async\" class=\"tg-item-image\" alt=\"\" width=\"500\" height=\"500\" src=\"https:\/\/medienplattform.wmk-karlsruhe.de\/wmk-karlsruhe-de-medienplattform\/wp-content\/uploads\/WMK-WAS-4-500x500.jpg\"><\/div><div class=\"tg-item-overlay\"><\/div><div class=\"tg-item-content\"><div class=\"tg-center-holder\"><div class=\"tg-center-inner\"><a class=\"tg-item-link\" href=\"https:\/\/medienplattform.wmk-karlsruhe.de\/wmk-karlsruhe-de-medienplattform\/und-mit-der-untergrenze-die-sau-rauslassen\/\" target=\"_self\"><\/a><span class=\"tg-item-date\">4. August 2016<\/span><h2 class=\"tg-item-title\"><a href=\"https:\/\/medienplattform.wmk-karlsruhe.de\/wmk-karlsruhe-de-medienplattform\/und-mit-der-untergrenze-die-sau-rauslassen\/\" target=\"_self\">\u2026 und mit der Untergrenze die Sau rauslassen<\/a><\/h2><\/div><\/div><\/div><\/div><\/div><\/article><!-- The Grid item #54 --><article class=\"tg-item tg-post-1361 lome f22\" data-row=\"1\" data-col=\"1\"><div class=\"tg-item-inner\"><div class=\"tg-item-media-holder tg-light\"><div class=\"tg-item-media-inner\"><img loading=\"lazy\" decoding=\"async\" class=\"tg-item-image\" alt=\"\" width=\"500\" height=\"500\" src=\"https:\/\/medienplattform.wmk-karlsruhe.de\/wmk-karlsruhe-de-medienplattform\/wp-content\/uploads\/gch_kit_wiss5-500x500.jpg\"><\/div><div class=\"tg-item-overlay\"><\/div><div class=\"tg-item-content\"><div class=\"tg-center-holder\"><div class=\"tg-center-inner\"><a class=\"tg-item-link\" href=\"https:\/\/medienplattform.wmk-karlsruhe.de\/wmk-karlsruhe-de-medienplattform\/fauch\/\" target=\"_self\"><\/a><span class=\"tg-item-date\">4. August 2016<\/span><h2 class=\"tg-item-title\"><a href=\"https:\/\/medienplattform.wmk-karlsruhe.de\/wmk-karlsruhe-de-medienplattform\/fauch\/\" target=\"_self\">Fauch!<\/a><\/h2><\/div><\/div><\/div><\/div><\/div><\/article><!-- The Grid item #55 --><article class=\"tg-item tg-post-1357 lome f22\" data-row=\"1\" data-col=\"1\"><div class=\"tg-item-inner\"><div class=\"tg-item-media-holder tg-light\"><div class=\"tg-item-media-inner\"><img loading=\"lazy\" decoding=\"async\" class=\"tg-item-image\" alt=\"\" width=\"500\" height=\"500\" src=\"https:\/\/medienplattform.wmk-karlsruhe.de\/wmk-karlsruhe-de-medienplattform\/wp-content\/uploads\/grenzen-der-woche-1-500x500.jpg\"><\/div><div class=\"tg-item-overlay\"><\/div><div class=\"tg-item-content\"><div class=\"tg-center-holder\"><div class=\"tg-center-inner\"><a class=\"tg-item-link\" href=\"https:\/\/medienplattform.wmk-karlsruhe.de\/wmk-karlsruhe-de-medienplattform\/grenzen-der-woche\/\" target=\"_self\"><\/a><span class=\"tg-item-date\">4. August 2016<\/span><h2 class=\"tg-item-title\"><a href=\"https:\/\/medienplattform.wmk-karlsruhe.de\/wmk-karlsruhe-de-medienplattform\/grenzen-der-woche\/\" target=\"_self\">Grenzen der Woche<\/a><\/h2><\/div><\/div><\/div><\/div><\/div><\/article><!-- The Grid item #56 --><article class=\"tg-item tg-post-2050 lome f22\" data-row=\"1\" data-col=\"1\"><div class=\"tg-item-inner\"><div class=\"tg-item-media-holder tg-light\"><div class=\"tg-item-media-inner\"><img loading=\"lazy\" decoding=\"async\" class=\"tg-item-image\" alt=\"\" width=\"500\" height=\"500\" src=\"https:\/\/medienplattform.wmk-karlsruhe.de\/wmk-karlsruhe-de-medienplattform\/wp-content\/uploads\/wo-das-leben-ueberall-an-grenzen-stoesst-500x500.jpg\"><\/div><div class=\"tg-item-overlay\"><\/div><div class=\"tg-item-content\"><div class=\"tg-center-holder\"><div class=\"tg-center-inner\"><a class=\"tg-item-link\" href=\"https:\/\/medienplattform.wmk-karlsruhe.de\/wmk-karlsruhe-de-medienplattform\/wo-das-leben-ueberall-an-grenzen-stoesst\/\" target=\"_self\"><\/a><span class=\"tg-item-date\">4. August 2016<\/span><h2 class=\"tg-item-title\"><a href=\"https:\/\/medienplattform.wmk-karlsruhe.de\/wmk-karlsruhe-de-medienplattform\/wo-das-leben-ueberall-an-grenzen-stoesst\/\" target=\"_self\">Wo das Leben \u00fcberall an Grenzen st\u00f6\u00dft<\/a><\/h2><\/div><\/div><\/div><\/div><\/div><\/article><!-- The Grid item #57 --><article class=\"tg-item tg-post-2054 lome f22\" data-row=\"1\" data-col=\"1\"><div class=\"tg-item-inner\"><div class=\"tg-item-media-holder tg-light\"><div class=\"tg-item-media-inner\"><img loading=\"lazy\" decoding=\"async\" class=\"tg-item-image\" alt=\"\" width=\"500\" height=\"500\" src=\"https:\/\/medienplattform.wmk-karlsruhe.de\/wmk-karlsruhe-de-medienplattform\/wp-content\/uploads\/Grenzueberschreiter-500x500.jpg\"><\/div><div class=\"tg-item-overlay\"><\/div><div class=\"tg-item-content\"><div class=\"tg-center-holder\"><div class=\"tg-center-inner\"><a class=\"tg-item-link\" href=\"https:\/\/medienplattform.wmk-karlsruhe.de\/wmk-karlsruhe-de-medienplattform\/der-grenzueberschreiter\/\" target=\"_self\"><\/a><span class=\"tg-item-date\">4. August 2016<\/span><h2 class=\"tg-item-title\"><a href=\"https:\/\/medienplattform.wmk-karlsruhe.de\/wmk-karlsruhe-de-medienplattform\/der-grenzueberschreiter\/\" target=\"_self\">Der Grenz\u00fcberschreiter<\/a><\/h2><\/div><\/div><\/div><\/div><\/div><\/article><!-- The Grid item #58 --><article class=\"tg-item tg-post-2482 lome f57\" data-row=\"1\" data-col=\"1\"><div class=\"tg-item-inner\"><div class=\"tg-item-media-holder tg-light\"><div class=\"tg-item-media-inner\"><img loading=\"lazy\" decoding=\"async\" class=\"tg-item-image\" alt=\"\" width=\"500\" height=\"500\" src=\"https:\/\/medienplattform.wmk-karlsruhe.de\/wmk-karlsruhe-de-medienplattform\/wp-content\/uploads\/wmk-mp-ev-katerstimmung-500x500.jpg\"><\/div><div class=\"tg-item-overlay\"><\/div><div class=\"tg-item-content\"><div class=\"tg-center-holder\"><div class=\"tg-center-inner\"><a class=\"tg-item-link\" href=\"https:\/\/medienplattform.wmk-karlsruhe.de\/wmk-karlsruhe-de-medienplattform\/katerstimmung\/\" target=\"_self\"><\/a><span class=\"tg-item-date\">27. M\u00e4rz 2016<\/span><h2 class=\"tg-item-title\"><a href=\"https:\/\/medienplattform.wmk-karlsruhe.de\/wmk-karlsruhe-de-medienplattform\/katerstimmung\/\" target=\"_self\">Katerstimmung<\/a><\/h2><\/div><\/div><\/div><\/div><\/div><\/article><!-- The Grid item #59 --><article class=\"tg-item tg-post-1610 lome f54\" data-row=\"1\" data-col=\"1\"><div class=\"tg-item-inner\"><div class=\"tg-item-media-holder tg-light\"><div class=\"tg-item-media-inner\"><div class=\"tg-item-gallery-holder\"><img loading=\"lazy\" decoding=\"async\" class=\"tg-item-image first-image show\" alt=\"\" width=\"500\" height=\"500\" src=\"https:\/\/medienplattform.wmk-karlsruhe.de\/wmk-karlsruhe-de-medienplattform\/wp-content\/uploads\/WMK-DB-JannetteJareb-01-500x500.jpg\"><div class=\"tg-item-image\" style=\"background-image: url(https:\/\/medienplattform.wmk-karlsruhe.de\/wmk-karlsruhe-de-medienplattform\/wp-content\/uploads\/WMK-DB-FlorianGiek-02-500x500.jpg)\"><\/div><div class=\"tg-item-image\" style=\"background-image: url(https:\/\/medienplattform.wmk-karlsruhe.de\/wmk-karlsruhe-de-medienplattform\/wp-content\/uploads\/WMK-DB-LauraBittner-05-2-500x500.jpg)\"><\/div><div class=\"tg-item-image\" style=\"background-image: url(https:\/\/medienplattform.wmk-karlsruhe.de\/wmk-karlsruhe-de-medienplattform\/wp-content\/uploads\/WMK-DB-AndreThielen-01-500x500.jpg)\"><\/div><div class=\"tg-item-image\" style=\"background-image: url(https:\/\/medienplattform.wmk-karlsruhe.de\/wmk-karlsruhe-de-medienplattform\/wp-content\/uploads\/WMK-DB-RominaRuoss-01-500x500.jpg)\"><\/div><div class=\"tg-item-image\" style=\"background-image: url(https:\/\/medienplattform.wmk-karlsruhe.de\/wmk-karlsruhe-de-medienplattform\/wp-content\/uploads\/WMK-DB-CarolineTriebler-06-500x500.jpg)\"><\/div><div class=\"tg-item-image\" style=\"background-image: url(https:\/\/medienplattform.wmk-karlsruhe.de\/wmk-karlsruhe-de-medienplattform\/wp-content\/uploads\/WMK-DB-TimKostenzer-07-500x500.jpg)\"><\/div><\/div><\/div><div class=\"tg-item-overlay\"><\/div><div class=\"tg-item-content\"><div class=\"tg-center-holder\"><div class=\"tg-center-inner\"><a class=\"tg-item-link\" href=\"http:\/\/digitalebilder.wmk-karlsruhe.de\/masterklasse1\/\" target=\"_blank\"><\/a><span class=\"tg-item-date\">1. M\u00e4rz 2016<\/span><h2 class=\"tg-item-title\"><a href=\"http:\/\/digitalebilder.wmk-karlsruhe.de\/masterklasse1\/\" target=\"_blank\">Masterklasse I (2015\/16)<\/a><\/h2><\/div><\/div><\/div><\/div><\/div><\/article><!-- The Grid item #60 --><article class=\"tg-item tg-post-192 lome f16\" data-row=\"1\" data-col=\"1\"><div class=\"tg-item-inner\"><div class=\"tg-item-media-holder tg-light\"><div class=\"tg-item-media-inner\"><img loading=\"lazy\" decoding=\"async\" class=\"tg-item-image\" alt=\"\" width=\"500\" height=\"500\" src=\"https:\/\/medienplattform.wmk-karlsruhe.de\/wp-content\/uploads\/beck.jpg\"><\/div><div class=\"tg-item-overlay\"><\/div><div class=\"tg-item-content\"><div class=\"tg-center-holder\"><div class=\"tg-center-inner\"><a class=\"tg-item-link\" href=\"https:\/\/medienplattform.wmk-karlsruhe.de\/wmk-karlsruhe-de-medienplattform\/prof-dr-gerald-beck\/\" target=\"_self\"><\/a><span class=\"tg-item-date\">27. Januar 2016<\/span><h2 class=\"tg-item-title\"><a href=\"https:\/\/medienplattform.wmk-karlsruhe.de\/wmk-karlsruhe-de-medienplattform\/prof-dr-gerald-beck\/\" target=\"_self\">Im Interview: Prof. Dr. Gerald Beck<\/a><\/h2><\/div><\/div><\/div><\/div><\/div><\/article><!-- The Grid item #61 --><article class=\"tg-item tg-post-207 lome f16\" data-row=\"1\" data-col=\"1\"><div class=\"tg-item-inner\"><div class=\"tg-item-media-holder tg-light\"><div class=\"tg-item-media-inner\"><img loading=\"lazy\" decoding=\"async\" class=\"tg-item-image\" alt=\"\" width=\"500\" height=\"500\" src=\"https:\/\/medienplattform.wmk-karlsruhe.de\/wp-content\/uploads\/kienhues.jpg\"><\/div><div class=\"tg-item-overlay\"><\/div><div class=\"tg-item-content\"><div class=\"tg-center-holder\"><div class=\"tg-center-inner\"><a class=\"tg-item-link\" href=\"https:\/\/medienplattform.wmk-karlsruhe.de\/wmk-karlsruhe-de-medienplattform\/dr-dorothe-kienhues\/\" target=\"_self\"><\/a><span class=\"tg-item-date\">20. Januar 2016<\/span><h2 class=\"tg-item-title\"><a href=\"https:\/\/medienplattform.wmk-karlsruhe.de\/wmk-karlsruhe-de-medienplattform\/dr-dorothe-kienhues\/\" target=\"_self\">Im Interview: Dr. Dorothe Kienhues<\/a><\/h2><\/div><\/div><\/div><\/div><\/div><\/article><!-- The Grid item #62 --><article class=\"tg-item tg-post-209 lome f16\" data-row=\"1\" data-col=\"1\"><div class=\"tg-item-inner\"><div class=\"tg-item-media-holder tg-light\"><div class=\"tg-item-media-inner\"><img loading=\"lazy\" decoding=\"async\" class=\"tg-item-image\" alt=\"\" width=\"500\" height=\"500\" src=\"https:\/\/medienplattform.wmk-karlsruhe.de\/wp-content\/uploads\/arnold.jpg\"><\/div><div class=\"tg-item-overlay\"><\/div><div class=\"tg-item-content\"><div class=\"tg-center-holder\"><div class=\"tg-center-inner\"><a class=\"tg-item-link\" href=\"https:\/\/medienplattform.wmk-karlsruhe.de\/wmk-karlsruhe-de-medienplattform\/prof-dr-markus-arnold\/\" target=\"_self\"><\/a><span class=\"tg-item-date\">13. Januar 2016<\/span><h2 class=\"tg-item-title\"><a href=\"https:\/\/medienplattform.wmk-karlsruhe.de\/wmk-karlsruhe-de-medienplattform\/prof-dr-markus-arnold\/\" target=\"_self\">Im Interview: Prof. Dr. Markus Arnold<\/a><\/h2><\/div><\/div><\/div><\/div><\/div><\/article><!-- The Grid item #63 --><article class=\"tg-item tg-post-211 lome f16\" data-row=\"1\" data-col=\"1\"><div class=\"tg-item-inner\"><div class=\"tg-item-media-holder tg-light\"><div class=\"tg-item-media-inner\"><img loading=\"lazy\" decoding=\"async\" class=\"tg-item-image\" alt=\"\" width=\"500\" height=\"500\" src=\"https:\/\/medienplattform.wmk-karlsruhe.de\/wp-content\/uploads\/luethje.jpg\"><\/div><div class=\"tg-item-overlay\"><\/div><div class=\"tg-item-content\"><div class=\"tg-center-holder\"><div class=\"tg-center-inner\"><a class=\"tg-item-link\" href=\"https:\/\/medienplattform.wmk-karlsruhe.de\/wmk-karlsruhe-de-medienplattform\/dr-corinna-luethje\/\" target=\"_self\"><\/a><span class=\"tg-item-date\">16. Dezember 2015<\/span><h2 class=\"tg-item-title\"><a href=\"https:\/\/medienplattform.wmk-karlsruhe.de\/wmk-karlsruhe-de-medienplattform\/dr-corinna-luethje\/\" target=\"_self\">Im Interview: Dr. Corinna L\u00fcthje<\/a><\/h2><\/div><\/div><\/div><\/div><\/div><\/article><!-- The Grid item #64 --><article class=\"tg-item tg-post-213 lome f16\" data-row=\"1\" data-col=\"1\"><div class=\"tg-item-inner\"><div class=\"tg-item-media-holder tg-light\"><div class=\"tg-item-media-inner\"><img loading=\"lazy\" decoding=\"async\" class=\"tg-item-image\" alt=\"\" width=\"500\" height=\"500\" src=\"https:\/\/medienplattform.wmk-karlsruhe.de\/wp-content\/uploads\/jungwirth.jpg\"><\/div><div class=\"tg-item-overlay\"><\/div><div class=\"tg-item-content\"><div class=\"tg-center-holder\"><div class=\"tg-center-inner\"><a class=\"tg-item-link\" href=\"https:\/\/medienplattform.wmk-karlsruhe.de\/wmk-karlsruhe-de-medienplattform\/prof-dr-helmut-jungwirth\/\" target=\"_self\"><\/a><span class=\"tg-item-date\">9. Dezember 2015<\/span><h2 class=\"tg-item-title\"><a href=\"https:\/\/medienplattform.wmk-karlsruhe.de\/wmk-karlsruhe-de-medienplattform\/prof-dr-helmut-jungwirth\/\" target=\"_self\">Im Interview: Prof. Dr. Helmut Jungwirth<\/a><\/h2><\/div><\/div><\/div><\/div><\/div><\/article><!-- The Grid item #65 --><article class=\"tg-item tg-post-215 lome f16\" data-row=\"1\" data-col=\"1\"><div class=\"tg-item-inner\"><div class=\"tg-item-media-holder tg-light\"><div class=\"tg-item-media-inner\"><img loading=\"lazy\" decoding=\"async\" class=\"tg-item-image\" alt=\"\" width=\"500\" height=\"500\" src=\"https:\/\/medienplattform.wmk-karlsruhe.de\/wp-content\/uploads\/janich.jpg\"><\/div><div class=\"tg-item-overlay\"><\/div><div class=\"tg-item-content\"><div class=\"tg-center-holder\"><div class=\"tg-center-inner\"><a class=\"tg-item-link\" href=\"https:\/\/medienplattform.wmk-karlsruhe.de\/wmk-karlsruhe-de-medienplattform\/prof-dr-nina-janich\/\" target=\"_self\"><\/a><span class=\"tg-item-date\">2. Dezember 2015<\/span><h2 class=\"tg-item-title\"><a href=\"https:\/\/medienplattform.wmk-karlsruhe.de\/wmk-karlsruhe-de-medienplattform\/prof-dr-nina-janich\/\" target=\"_self\">Im Interview: Prof. Dr. Nina Janich<\/a><\/h2><\/div><\/div><\/div><\/div><\/div><\/article><!-- The Grid item #66 --><article class=\"tg-item tg-post-217 lome f16\" data-row=\"1\" data-col=\"1\"><div class=\"tg-item-inner\"><div class=\"tg-item-media-holder tg-light\"><div class=\"tg-item-media-inner\"><img loading=\"lazy\" decoding=\"async\" class=\"tg-item-image\" alt=\"\" width=\"500\" height=\"500\" src=\"https:\/\/medienplattform.wmk-karlsruhe.de\/wp-content\/uploads\/scheufele.jpg\"><\/div><div class=\"tg-item-overlay\"><\/div><div class=\"tg-item-content\"><div class=\"tg-center-holder\"><div class=\"tg-center-inner\"><a class=\"tg-item-link\" href=\"https:\/\/medienplattform.wmk-karlsruhe.de\/wmk-karlsruhe-de-medienplattform\/prof-dr-dietram-scheufele\/\" target=\"_self\"><\/a><span class=\"tg-item-date\">25. November 2015<\/span><h2 class=\"tg-item-title\"><a href=\"https:\/\/medienplattform.wmk-karlsruhe.de\/wmk-karlsruhe-de-medienplattform\/prof-dr-dietram-scheufele\/\" target=\"_self\">Im Interview: Prof. Dr. Dietram Scheufele<\/a><\/h2><\/div><\/div><\/div><\/div><\/div><\/article><!-- The Grid item #67 --><article class=\"tg-item tg-post-219 lome f16\" data-row=\"1\" data-col=\"1\"><div class=\"tg-item-inner\"><div class=\"tg-item-media-holder tg-light\"><div class=\"tg-item-media-inner\"><img loading=\"lazy\" decoding=\"async\" class=\"tg-item-image\" alt=\"\" width=\"500\" height=\"500\" src=\"https:\/\/medienplattform.wmk-karlsruhe.de\/wp-content\/uploads\/stollfuss.jpg\"><\/div><div class=\"tg-item-overlay\"><\/div><div class=\"tg-item-content\"><div class=\"tg-center-holder\"><div class=\"tg-center-inner\"><a class=\"tg-item-link\" href=\"https:\/\/medienplattform.wmk-karlsruhe.de\/wmk-karlsruhe-de-medienplattform\/dr-sven-stollfuss\/\" target=\"_self\"><\/a><span class=\"tg-item-date\">18. November 2015<\/span><h2 class=\"tg-item-title\"><a href=\"https:\/\/medienplattform.wmk-karlsruhe.de\/wmk-karlsruhe-de-medienplattform\/dr-sven-stollfuss\/\" target=\"_self\">Im Interview: Dr. Sven Stollfu\u00df<\/a><\/h2><\/div><\/div><\/div><\/div><\/div><\/article><!-- The Grid item #68 --><article class=\"tg-item tg-post-221 lome f16\" data-row=\"1\" data-col=\"1\"><div class=\"tg-item-inner\"><div class=\"tg-item-media-holder tg-light\"><div class=\"tg-item-media-inner\"><img loading=\"lazy\" decoding=\"async\" class=\"tg-item-image\" alt=\"\" width=\"500\" height=\"500\" src=\"https:\/\/medienplattform.wmk-karlsruhe.de\/wp-content\/uploads\/dernbach.jpg\"><\/div><div class=\"tg-item-overlay\"><\/div><div class=\"tg-item-content\"><div class=\"tg-center-holder\"><div class=\"tg-center-inner\"><a class=\"tg-item-link\" href=\"https:\/\/medienplattform.wmk-karlsruhe.de\/wmk-karlsruhe-de-medienplattform\/prof-dr-beatrice-dernbach\/\" target=\"_self\"><\/a><span class=\"tg-item-date\">11. November 2015<\/span><h2 class=\"tg-item-title\"><a href=\"https:\/\/medienplattform.wmk-karlsruhe.de\/wmk-karlsruhe-de-medienplattform\/prof-dr-beatrice-dernbach\/\" target=\"_self\">Im Interview: Prof. Dr. Beatrice Dernbach<\/a><\/h2><\/div><\/div><\/div><\/div><\/div><\/article><!-- The Grid item #69 --><article class=\"tg-item tg-post-229 lome f14\" data-row=\"1\" data-col=\"1\"><div class=\"tg-item-inner\"><div class=\"tg-item-media-holder tg-light\"><div class=\"tg-item-media-inner\"><img loading=\"lazy\" decoding=\"async\" class=\"tg-item-image\" alt=\"\" width=\"500\" height=\"500\" src=\"https:\/\/medienplattform.wmk-karlsruhe.de\/wmk-karlsruhe-de-medienplattform\/wp-content\/uploads\/BaumUndBogen-3-500x500.jpg\"><\/div><div class=\"tg-item-overlay\"><\/div><div class=\"tg-item-content\"><div class=\"tg-center-holder\"><div class=\"tg-center-inner\"><a class=\"tg-item-link\" href=\"https:\/\/medienplattform.wmk-karlsruhe.de\/scrollytellings\/baum-und-bogen\/\" target=\"_blank\"><\/a><span class=\"tg-item-date\">3. Februar 2015<\/span><h2 class=\"tg-item-title\"><a href=\"https:\/\/medienplattform.wmk-karlsruhe.de\/scrollytellings\/baum-und-bogen\/\" target=\"_blank\">Baum und Bogen<\/a><\/h2><\/div><\/div><\/div><\/div><\/div><\/article><!-- The Grid item #70 --><article class=\"tg-item tg-post-380 lome f14\" data-row=\"1\" data-col=\"1\"><div class=\"tg-item-inner\"><div class=\"tg-item-media-holder tg-light\"><div class=\"tg-item-media-inner\"><img loading=\"lazy\" decoding=\"async\" class=\"tg-item-image\" alt=\"\" width=\"500\" height=\"500\" src=\"https:\/\/medienplattform.wmk-karlsruhe.de\/wmk-karlsruhe-de-medienplattform\/wp-content\/uploads\/2015\/03\/scrolly-500x500.png\"><\/div><div class=\"tg-item-overlay\"><\/div><div class=\"tg-item-content\"><div class=\"tg-center-holder\"><div class=\"tg-center-inner\"><a class=\"tg-item-link\" href=\"https:\/\/medienplattform.wmk-karlsruhe.de\/scrollytellings\/mehr-als-worte\/\" target=\"_blank\"><\/a><span class=\"tg-item-date\">2. Februar 2015<\/span><h2 class=\"tg-item-title\"><a href=\"https:\/\/medienplattform.wmk-karlsruhe.de\/scrollytellings\/mehr-als-worte\/\" target=\"_blank\">Mehr als Worte<\/a><\/h2><\/div><\/div><\/div><\/div><\/div><\/article><!-- The Grid item #71 --><article class=\"tg-item tg-post-231 lome f14\" data-row=\"1\" data-col=\"1\"><div class=\"tg-item-inner\"><div class=\"tg-item-media-holder tg-light\"><div class=\"tg-item-media-inner\"><img loading=\"lazy\" decoding=\"async\" class=\"tg-item-image\" alt=\"\" width=\"500\" height=\"500\" src=\"https:\/\/medienplattform.wmk-karlsruhe.de\/wmk-karlsruhe-de-medienplattform\/wp-content\/uploads\/anka-500x500.jpg\"><\/div><div class=\"tg-item-overlay\"><\/div><div class=\"tg-item-content\"><div class=\"tg-center-holder\"><div class=\"tg-center-inner\"><a class=\"tg-item-link\" href=\"https:\/\/medienplattform.wmk-karlsruhe.de\/scrollytellings\/anka\/\" target=\"_blank\"><\/a><span class=\"tg-item-date\">1. Februar 2015<\/span><h2 class=\"tg-item-title\"><a href=\"https:\/\/medienplattform.wmk-karlsruhe.de\/scrollytellings\/anka\/\" target=\"_blank\">Ein Bild sagt mehr als 1000 Zahlen<\/a><\/h2><\/div><\/div><\/div><\/div><\/div><\/article><!-- The Grid item #72 --><article class=\"tg-item tg-post-466 lome f13\" data-row=\"1\" data-col=\"1\"><div class=\"tg-item-inner\"><div class=\"tg-item-media-holder tg-light\"><div class=\"tg-item-media-inner\"><div class=\"tg-item-gallery-holder\"><img loading=\"lazy\" decoding=\"async\" class=\"tg-item-image first-image show\" alt=\"\" width=\"500\" height=\"300\" src=\"https:\/\/medienplattform.wmk-karlsruhe.de\/wmk-karlsruhe-de-medienplattform\/wp-content\/uploads\/Smartphone_Beitrag03-750x300-500x300.png\"><div class=\"tg-item-image\" style=\"background-image: url(https:\/\/medienplattform.wmk-karlsruhe.de\/wmk-karlsruhe-de-medienplattform\/wp-content\/uploads\/Trigema_klein-540x350-500x350.jpg)\"><\/div><div class=\"tg-item-image\" style=\"background-image: url(https:\/\/medienplattform.wmk-karlsruhe.de\/wmk-karlsruhe-de-medienplattform\/wp-content\/uploads\/SoLaWi-Beitragsbild.png)\"><\/div><div class=\"tg-item-image\" style=\"background-image: url(https:\/\/medienplattform.wmk-karlsruhe.de\/wmk-karlsruhe-de-medienplattform\/wp-content\/uploads\/KAsharing_Beitragsbild.png)\"><\/div><div class=\"tg-item-image\" style=\"background-image: url(https:\/\/medienplattform.wmk-karlsruhe.de\/wmk-karlsruhe-de-medienplattform\/wp-content\/uploads\/BEITRAGSBILD.png)\"><\/div><div class=\"tg-item-image\" style=\"background-image: url(https:\/\/medienplattform.wmk-karlsruhe.de\/wmk-karlsruhe-de-medienplattform\/wp-content\/uploads\/sei-haltbar-logo-500x500.jpg)\"><\/div><div class=\"tg-item-image\" style=\"background-image: url(https:\/\/medienplattform.wmk-karlsruhe.de\/wmk-karlsruhe-de-medienplattform\/wp-content\/uploads\/BWB_2-540x350-500x350.png)\"><\/div><\/div><\/div><div class=\"tg-item-overlay\"><\/div><div class=\"tg-item-content\"><div class=\"tg-center-holder\"><div class=\"tg-center-inner\"><a class=\"tg-item-link\" href=\"http:\/\/sei-haltbar.de\" target=\"_blank\"><\/a><span class=\"tg-item-date\">1. August 2014<\/span><h2 class=\"tg-item-title\"><a href=\"http:\/\/sei-haltbar.de\" target=\"_blank\">Sei-haltbar \u2013 Das Projekt<\/a><\/h2><\/div><\/div><\/div><\/div><\/div><\/article><\/div><\/div><!-- The Grid Wrapper End -->\n<h1>Andere Projekte<\/h1>\n<!-- The Grid Plugin Version 2.1.0 --><!-- The Grid Wrapper Start --><div class=\"tg-grid-wrapper tg-txt\" id=\"grid-1685\" data-version=\"2.1.0\"><!-- The Grid Styles --><style class=\"tg-grid-styles\" type=\"text\/css\" scoped>#grid-1685{margin-bottom:30px}#grid-1685 .tg-nav-color:not(.dots):not(.tg-dropdown-value):not(.tg-dropdown-title):hover,#grid-1685 .tg-nav-color:hover .tg-nav-color,#grid-1685 .tg-page-number.tg-page-current,#grid-1685 .tg-filter.tg-filter-active span{color:#007bea}#grid-1685 .tg-filter:before,#grid-1685 .tg-filter.tg-filter-active:before{color:#000000}#grid-1685 .tg-dropdown-holder,#grid-1685 .tg-search-inner,#grid-1685 .tg-sorter-order{border:1px solid #AAAAAA}#grid-1685 .tg-search-clear,#grid-1685 .tg-search-clear:hover{border:none;border-left:1px solid #AAAAAA}.tg-txt .tg-nav-font,.tg-txt input[type=text].tg-search{font-size:14px;font-weight:600}.tg-txt .tg-search::-webkit-input-placeholder{font-size:14px}.tg-txt .tg-search::-moz-placeholder{font-size:14px}.tg-txt .tg-search:-ms-input-placeholder{font-size:14px}.tg-txt .tg-icon-left-arrow:before{content:\"\\e604\";font-size:32px;font-weight:100}.tg-txt .tg-icon-right-arrow:before{content:\"\\e602\";font-size:32px;font-weight:100}.tg-txt .tg-icon-dropdown-open:before,.tg-txt .tg-icon-sorter-down:before{content:\"\\e60a\"}.tg-txt .tg-icon-sorter-up:before{content:\"\\e609\"}.tg-txt .tg-search-clear:before{content:\"\\e611\";font-weight:300}.tg-txt .tg-search-icon:before{content:\"\\e62e\";font-size:16px;font-weight:600}#grid-1685 .tg-nav-color,#grid-1685 .tg-search-icon:hover:before,#grid-1685 .tg-search-icon:hover input,#grid-1685 .tg-disabled:hover .tg-icon-left-arrow,#grid-1685 .tg-disabled:hover .tg-icon-right-arrow,#grid-1685 .tg-dropdown-title.tg-nav-color:hover{color:#000000}#grid-1685 input.tg-search:hover{color:#000000 !important}#grid-1685 input.tg-search::-webkit-input-placeholder{color:#000000}#grid-1685 input.tg-search::-moz-placeholder{color:#000000;opacity:1}#grid-1685 input.tg-search:-ms-input-placeholder{color:#000000}.grid-1685 .tg-dropdown-item{color:#777777;background:#ffffff}.grid-1685 .tg-filter-active,.grid-1685 .tg-dropdown-item:hover{color:#444444;background:#f5f6fa}#grid-1685 .tg-slider-bullets li.tg-active-item span{background:#59585b}#grid-1685 .tg-slider-bullets li span{background:#DDDDDD}#grid-1685 .tg-grid-area-top1{margin-left:-10px;padding-bottom:10px;text-align:left}.lome a,.lome a:active,.lome a:focus,.lome .tg-cats-holder,.lome .tg-item-title{text-decoration:none;border:none;-webkit-box-shadow:none;box-shadow:none;-webkit-transition:opacity 0.25s ease,color 0.25s ease,-webkit-transform 0.3s ease-in-out;-moz-transition:opacity 0.25s ease,color 0.25s ease,-moz-transform 0.3s ease-in-out;-ms-transition:opacity 0.25s ease,color 0.25s ease,-ms-transform 0.3s ease-in-out;-o-transition:opacity 0.25s ease,color 0.25s ease,-o-transform 0.3s ease-in-out;transition:opacity 0.25s ease,color 0.25s ease,transform 0.3s ease-in-out}.lome.tg-item{overflow:hidden}.lome .tg-center-holder{text-align:center}.lome .tg-item-content,.lome .tg-item-media-holder,.lome .tg-item-overlay{position:absolute;display:block;top:0;left:0;bottom:0;right:0}.lome:hover .tg-item-overlay{opacity:0.1}.lome .tg-item-content{margin:22px}.lome .tg-item-link{position:absolute;display:block;top:-500%;left:-22px;right:-22px;height:1000%}.lome .tg-item-title,.lome .tg-item-title a{position:relative;display:block;font-size:20px;line-height:26px;font-weight:600;margin:0 !important;padding:0 !important;text-transform:uppercase}.tg-layout-justified .lome .tg-item-title,.tg-layout-justified .lome .tg-item-title a{font-size:14px;line-height:18px}.lome .tg-item-title{margin:10px 0 0 0!important}.lome .tg-item-date{position:relative;display:block;font-size:14px;line-height:16px;margin:0;padding:0;font-style:italic}.tg-layout-justified .lome .tg-item-date{font-size:12px;line-height:16px}.lome .tg-media-button{position:absolute;display:block;bottom:0;right:0;width:20px;height:20px;cursor:pointer;text-align:center}.lome .tg-cats-holder a:hover,.lome .tg-media-button:hover{opacity:0.75}.lome .tg-media-button i{position:relative;display:block;width:20px;height:20px;font-size:18px;line-height:20px;cursor:pointer}.lome .tg-media-button .tg-icon-add{font-size:28px}.lome .mejs-overlay-play{display:none !important}.tg-item .tg-dark div,.tg-item .tg-dark h1,.tg-item .tg-dark h1 a,.tg-item .tg-dark h2,.tg-item .tg-dark h2 a,.tg-item .tg-dark h3,.tg-item .tg-dark h3 a,.tg-item .tg-dark h4,.tg-item .tg-dark h4 a,.tg-item .tg-dark h5,.tg-item .tg-dark h5 a,.tg-item .tg-dark h6,.tg-item .tg-dark h6 a,.tg-item .tg-dark a,.tg-item .tg-dark a.tg-link-url,.tg-item .tg-dark i,.tg-item .tg-dark .tg-media-button,.tg-item .tg-dark .tg-item-price span{color:#444444;fill:#444444;stroke:#444444;border-color:#444444}.tg-item .tg-dark p,.tg-item .tg-dark ol,.tg-item .tg-dark ul,.tg-item .tg-dark li{color:#777777;fill:#777777;stroke:#777777;border-color:#777777}.tg-item .tg-dark span,.tg-item .tg-dark .no-liked .to-heart-icon path,.tg-item .tg-dark .empty-heart .to-heart-icon path,.tg-item .tg-dark .tg-item-comment i,.tg-item .tg-dark .tg-item-price del span{color:#999999;fill:#999999;stroke:#999999;border-color:#999999}.tg-item .tg-light div,.tg-item .tg-light h1,.tg-item .tg-light h1 a,.tg-item .tg-light h2,.tg-item .tg-light h2 a,.tg-item .tg-light h3,.tg-item .tg-light h3 a,.tg-item .tg-light h4,.tg-item .tg-light h4 a,.tg-item .tg-light h5,.tg-item .tg-light h5 a,.tg-item .tg-light h6,.tg-item .tg-light h6 a,.tg-item .tg-light a,.tg-item .tg-light a.tg-link-url,.tg-item .tg-light i,.tg-item .tg-light .tg-media-button,.tg-item .tg-light .tg-item-price span{color:#ffffff;fill:#ffffff;stroke:#ffffff;border-color:#ffffff}.tg-item .tg-light p,.tg-item .tg-light ol,.tg-item .tg-light ul,.tg-item .tg-light li{color:#f6f6f6;fill:#f6f6f6;stroke:#f6f6f6;border-color:#f6f6f6}.tg-item .tg-light span,.tg-item .tg-light .no-liked .to-heart-icon path,.tg-item .tg-light .empty-heart .to-heart-icon path,.tg-item .tg-light .tg-item-comment i,.tg-item .tg-light .tg-item-price del span{color:#f5f5f5;fill:#f5f5f5;stroke:#f5f5f5;border-color:#f5f5f5}#grid-1685 .tg-item-content-holder{background-color:#0a0a0a}#grid-1685 .tg-item-overlay{background-color:rgba(0,123,255,0.6)}.tg-grid-holder{padding:30px 0 40px 0}.lome .tg-item-date{display:none}.tg-layout-justified .lome .tg-item-title,.tg-layout-justified .lome .tg-item-title a{letter-spacing:0px;font-size:1em;line-height:1.5;text-transform:none;font-weight:400}.tg-filter-name{padding:0px 5px 0px 10px}.tg-txt .tg-nav-font{text-transform:none;font-size:28px;font-weight:300;line-height:1.4}.flex-control-nav{bottom:10px}.flex-control-nav a{display:block;width:10px;height:10px;background-color:#000000;border-radius:10em;opacity:0.4;-webkit-transition:opacity 0.3s ease;transition:opacity 0.3s ease}<\/style><!-- The Grid Item Sizer --><div class=\"tg-grid-sizer\"><\/div><!-- The Grid Gutter Sizer --><div class=\"tg-gutter-sizer\"><\/div><!-- The Grid Items Holder --><div class=\"tg-grid-holder tg-layout-justified\"  data-name=\"projekte\"  data-style=\"justified\" data-row=\"1\" data-layout=\"vertical\" data-rtl=\"\" data-fitrows=\"\" data-filtercomb=\"\" data-filterlogic=\"AND\" data-filterload =\"\" data-sortbyload =\"\" data-orderload =\"true\" data-fullwidth=\"\" data-fullheight=\"null\" data-gutters=\"[[320,15],[480,10],[768,10],[980,10],[1280,10],[9999,10]]\" data-slider='{\"itemNav\":\"null\",\"swingSpeed\":0.1,\"cycleBy\":\"null\",\"cycle\":5000,\"startAt\":1}' data-ratio=\"1.17\" data-cols=\"[[320,&quot;1&quot;],[480,&quot;2&quot;],[768,&quot;3&quot;],[980,&quot;4&quot;],[1280,&quot;4&quot;],[9999,&quot;4&quot;]]\" data-rows=\"[[320,300],[480,220],[768,220],[980,220],[1280,240],[9999,240]]\" data-animation=\"{&quot;name&quot;:&quot;Fade in&quot;,&quot;visible&quot;:&quot;&quot;,&quot;hidden&quot;:&quot;&quot;}\" data-transition=\"300ms\" data-ajaxmethod=\"\" data-ajaxdelay=\"100\" data-preloader=\"\" data-itemdelay=\"100\" data-gallery=\"1\" data-ajax=\"\"><!-- The Grid item #1 --><article class=\"tg-item tg-post-3138 lome\" data-row=\"1\" data-col=\"1\"><div class=\"tg-item-inner\"><div class=\"tg-item-media-holder tg-light\"><div class=\"tg-item-media-inner\"><img loading=\"lazy\" decoding=\"async\" class=\"tg-item-image\" alt=\"\" width=\"480\" height=\"480\" src=\"https:\/\/medienplattform.wmk-karlsruhe.de\/wmk-karlsruhe-de-medienplattform\/wp-content\/uploads\/Kurs-Social-Media-Bock-auf-Karlsruhe.png\"><\/div><div class=\"tg-item-overlay\" style=\"background-color:rgba(206,104,2,0.8)\"><\/div><div class=\"tg-item-content\"><div class=\"tg-center-holder\"><div class=\"tg-center-inner\"><a class=\"tg-item-link\" href=\"https:\/\/medienplattform.wmk-karlsruhe.de\/wmk-karlsruhe-de-medienplattform\/bock-auf-einblick-in-die-arbeit-einer-social-media-redaktion\/\" target=\"_self\"><\/a><span class=\"tg-item-date\">18. September 2023<\/span><h2 class=\"tg-item-title\"><a href=\"https:\/\/medienplattform.wmk-karlsruhe.de\/wmk-karlsruhe-de-medienplattform\/bock-auf-einblick-in-die-arbeit-einer-social-media-redaktion\/\" target=\"_self\">BOCK auf Einblick in die Arbeit einer Social-Media-Redaktion?<\/a><\/h2><\/div><\/div><\/div><\/div><\/div><\/article><!-- The Grid item #2 --><article class=\"tg-item tg-post-3133 lome\" data-row=\"1\" data-col=\"1\"><div class=\"tg-item-inner\"><div class=\"tg-item-media-holder tg-light\"><div class=\"tg-item-media-inner\"><img loading=\"lazy\" decoding=\"async\" class=\"tg-item-image\" alt=\"\" width=\"480\" height=\"480\" src=\"https:\/\/medienplattform.wmk-karlsruhe.de\/wmk-karlsruhe-de-medienplattform\/wp-content\/uploads\/Traktor.png\"><\/div><div class=\"tg-item-overlay\" style=\"background-color:rgba(198,1,97,0.8)\"><\/div><div class=\"tg-item-content\"><div class=\"tg-center-holder\"><div class=\"tg-center-inner\"><a class=\"tg-item-link\" href=\"https:\/\/medienplattform.wmk-karlsruhe.de\/wmk-karlsruhe-de-medienplattform\/pfas-ein-gift-fuer-alles\/\" target=\"_self\"><\/a><span class=\"tg-item-date\">31. August 2023<\/span><h2 class=\"tg-item-title\"><a href=\"https:\/\/medienplattform.wmk-karlsruhe.de\/wmk-karlsruhe-de-medienplattform\/pfas-ein-gift-fuer-alles\/\" target=\"_self\">PFAS: Ein Gift f\u00fcr Alle(s)?<\/a><\/h2><\/div><\/div><\/div><\/div><\/div><\/article><!-- The Grid item #3 --><article class=\"tg-item tg-post-3124 lome\" data-row=\"1\" data-col=\"1\"><div class=\"tg-item-inner\"><div class=\"tg-item-media-holder tg-light\"><div class=\"tg-item-media-inner\"><img loading=\"lazy\" decoding=\"async\" class=\"tg-item-image\" alt=\"\" width=\"500\" height=\"500\" src=\"https:\/\/medienplattform.wmk-karlsruhe.de\/wmk-karlsruhe-de-medienplattform\/wp-content\/uploads\/Audiofeature-Bild-Quadrat-e1695820118100-500x500.png\"><\/div><div class=\"tg-item-overlay\" style=\"background-color:rgba(39,230,166,0.8)\"><\/div><div class=\"tg-item-content\"><div class=\"tg-center-holder\"><div class=\"tg-center-inner\"><a class=\"tg-item-link\" href=\"https:\/\/medienplattform.wmk-karlsruhe.de\/wmk-karlsruhe-de-medienplattform\/true-crime-podcasts\/\" target=\"_self\"><\/a><span class=\"tg-item-date\">24. August 2023<\/span><h2 class=\"tg-item-title\"><a href=\"https:\/\/medienplattform.wmk-karlsruhe.de\/wmk-karlsruhe-de-medienplattform\/true-crime-podcasts\/\" target=\"_self\">True-Crime-Podcasts<\/a><\/h2><\/div><\/div><\/div><\/div><\/div><\/article><!-- The Grid item #4 --><article class=\"tg-item tg-post-3109 lome\" data-row=\"1\" data-col=\"1\"><div class=\"tg-item-inner\"><div class=\"tg-item-media-holder tg-light\"><div class=\"tg-item-media-inner\"><img loading=\"lazy\" decoding=\"async\" class=\"tg-item-image\" alt=\"Text: Hei\u00df hier. Aber waren Sie schon mal in Karlsruhe?\" width=\"500\" height=\"500\" src=\"https:\/\/medienplattform.wmk-karlsruhe.de\/wmk-karlsruhe-de-medienplattform\/wp-content\/uploads\/WMK-Medienplattform-Quadratisch-500x500.jpg\"><\/div><div class=\"tg-item-overlay\" style=\"background-color:rgba(255,140,5,0.8)\"><\/div><div class=\"tg-item-content\"><div class=\"tg-center-holder\"><div class=\"tg-center-inner\"><a class=\"tg-item-link\" href=\"https:\/\/medienplattform.wmk-karlsruhe.de\/wmk-karlsruhe-de-medienplattform\/hitze-hochburg-karlsruhe\/\" target=\"_self\"><\/a><span class=\"tg-item-date\">13. Juli 2023<\/span><h2 class=\"tg-item-title\"><a href=\"https:\/\/medienplattform.wmk-karlsruhe.de\/wmk-karlsruhe-de-medienplattform\/hitze-hochburg-karlsruhe\/\" target=\"_self\">Hitze Hochburg Karlsruhe<\/a><\/h2><\/div><\/div><\/div><\/div><\/div><\/article><!-- The Grid item #5 --><article class=\"tg-item tg-post-3084 lome\" data-row=\"1\" data-col=\"1\"><div class=\"tg-item-inner\"><div class=\"tg-item-media-holder tg-light\"><div class=\"tg-item-media-inner\"><img loading=\"lazy\" decoding=\"async\" class=\"tg-item-image\" alt=\"\" width=\"500\" height=\"500\" src=\"https:\/\/medienplattform.wmk-karlsruhe.de\/wmk-karlsruhe-de-medienplattform\/wp-content\/uploads\/ima_ccf68bd-500x500.jpeg\"><\/div><div class=\"tg-item-overlay\" style=\"background-color:rgba(87,0,193,0.8)\"><\/div><div class=\"tg-item-content\"><div class=\"tg-center-holder\"><div class=\"tg-center-inner\"><a class=\"tg-item-link\" href=\"https:\/\/medienplattform.wmk-karlsruhe.de\/wmk-karlsruhe-de-medienplattform\/digitale-medienpraxis-familienhoerbuch-ggmbh\/\" target=\"_self\"><\/a><span class=\"tg-item-date\">13. Juni 2023<\/span><h2 class=\"tg-item-title\"><a href=\"https:\/\/medienplattform.wmk-karlsruhe.de\/wmk-karlsruhe-de-medienplattform\/digitale-medienpraxis-familienhoerbuch-ggmbh\/\" target=\"_self\">Digitale Medienpraxis Familienh\u00f6rbuch gGmbH<\/a><\/h2><\/div><\/div><\/div><\/div><\/div><\/article><!-- The Grid item #6 --><article class=\"tg-item tg-post-3019 lome\" data-row=\"1\" data-col=\"1\"><div class=\"tg-item-inner\"><div class=\"tg-item-media-holder tg-light\"><div class=\"tg-item-media-inner\"><img loading=\"lazy\" decoding=\"async\" class=\"tg-item-image\" alt=\"\" width=\"500\" height=\"500\" src=\"https:\/\/medienplattform.wmk-karlsruhe.de\/wmk-karlsruhe-de-medienplattform\/wp-content\/uploads\/sultan-birhimeoglu-04-500x500.jpg\"><\/div><div class=\"tg-item-overlay\" style=\"background-color:rgba(18,97,98,0.8)\"><\/div><div class=\"tg-item-content\"><div class=\"tg-center-holder\"><div class=\"tg-center-inner\"><a class=\"tg-item-link\" href=\"https:\/\/medienplattform.wmk-karlsruhe.de\/wmk-karlsruhe-de-medienplattform\/veganismusundprep\/\" target=\"_self\"><\/a><span class=\"tg-item-date\">27. Dezember 2022<\/span><h2 class=\"tg-item-title\"><a href=\"https:\/\/medienplattform.wmk-karlsruhe.de\/wmk-karlsruhe-de-medienplattform\/veganismusundprep\/\" target=\"_self\">Veganismus &amp; PrEP<\/a><\/h2><\/div><\/div><\/div><\/div><\/div><\/article><!-- The Grid item #7 --><article class=\"tg-item tg-post-2897 lome\" data-row=\"1\" data-col=\"1\"><div class=\"tg-item-inner\"><div class=\"tg-item-media-holder tg-light\"><div class=\"tg-item-media-inner\"><img loading=\"lazy\" decoding=\"async\" class=\"tg-item-image\" alt=\"\" width=\"500\" height=\"500\" src=\"https:\/\/medienplattform.wmk-karlsruhe.de\/wmk-karlsruhe-de-medienplattform\/wp-content\/uploads\/software02-500x500.jpg\"><\/div><div class=\"tg-item-overlay\" style=\"background-color:rgba(230,30,0,0.8)\"><\/div><div class=\"tg-item-content\"><div class=\"tg-center-holder\"><div class=\"tg-center-inner\"><a class=\"tg-item-link\" href=\"https:\/\/medienplattform.wmk-karlsruhe.de\/wmk-karlsruhe-de-medienplattform\/softwarekatastrophen-wie-konnte-das-nur-passieren\/\" target=\"_blank\"><\/a><span class=\"tg-item-date\">27. Dezember 2022<\/span><h2 class=\"tg-item-title\"><a href=\"https:\/\/medienplattform.wmk-karlsruhe.de\/wmk-karlsruhe-de-medienplattform\/softwarekatastrophen-wie-konnte-das-nur-passieren\/\" target=\"_blank\">Softwarekatastrophen &#8211; wie konnte das nur passieren?<\/a><\/h2><\/div><\/div><\/div><\/div><\/div><\/article><!-- The Grid item #8 --><article class=\"tg-item tg-post-3045 lome\" data-row=\"1\" data-col=\"1\"><div class=\"tg-item-inner\"><div class=\"tg-item-media-holder tg-light\"><div class=\"tg-item-media-inner\"><img loading=\"lazy\" decoding=\"async\" class=\"tg-item-image\" alt=\"\" width=\"500\" height=\"500\" src=\"https:\/\/medienplattform.wmk-karlsruhe.de\/wmk-karlsruhe-de-medienplattform\/wp-content\/uploads\/J1001989-500x500.jpg\"><\/div><div class=\"tg-item-overlay\" style=\"background-color:rgba(162,216,0,0.8)\"><\/div><div class=\"tg-item-content\"><div class=\"tg-center-holder\"><div class=\"tg-center-inner\"><a class=\"tg-item-link\" href=\"https:\/\/medienplattform.wmk-karlsruhe.de\/wmk-karlsruhe-de-medienplattform\/interviews-mit-gsi-fair-forschenden\/\" target=\"_self\"><\/a><span class=\"tg-item-date\">26. Dezember 2022<\/span><h2 class=\"tg-item-title\"><a href=\"https:\/\/medienplattform.wmk-karlsruhe.de\/wmk-karlsruhe-de-medienplattform\/interviews-mit-gsi-fair-forschenden\/\" target=\"_self\">Interviews mit GSI\/FAIR-Forschenden<\/a><\/h2><\/div><\/div><\/div><\/div><\/div><\/article><!-- The Grid item #9 --><article class=\"tg-item tg-post-2985 lome\" data-row=\"1\" data-col=\"1\"><div class=\"tg-item-inner\"><div class=\"tg-item-media-holder tg-light\"><div class=\"tg-item-media-inner\"><img loading=\"lazy\" decoding=\"async\" class=\"tg-item-image\" alt=\"\" width=\"500\" height=\"500\" src=\"https:\/\/medienplattform.wmk-karlsruhe.de\/wmk-karlsruhe-de-medienplattform\/wp-content\/uploads\/Bildschirmfoto-2022-08-25-um-10.42.39-500x500.png\"><\/div><div class=\"tg-item-overlay\" style=\"background-color:rgba(232,185,0,0.8)\"><\/div><div class=\"tg-item-content\"><div class=\"tg-center-holder\"><div class=\"tg-center-inner\"><a class=\"tg-item-link\" href=\"https:\/\/medienplattform.wmk-karlsruhe.de\/wmk-karlsruhe-de-medienplattform\/pfas-in-mittelbaden-ein-vergessener-skandal\/\" target=\"_self\"><\/a><span class=\"tg-item-date\">25. August 2022<\/span><h2 class=\"tg-item-title\"><a href=\"https:\/\/medienplattform.wmk-karlsruhe.de\/wmk-karlsruhe-de-medienplattform\/pfas-in-mittelbaden-ein-vergessener-skandal\/\" target=\"_self\">PFAS in Mittelbaden \u2013\u00a0Ein vergessener Skandal?<\/a><\/h2><\/div><\/div><\/div><\/div><\/div><\/article><!-- The Grid item #10 --><article class=\"tg-item tg-post-2973 lome\" data-row=\"1\" data-col=\"1\"><div class=\"tg-item-inner\"><div class=\"tg-item-media-holder tg-light\"><div class=\"tg-item-media-inner\"><img loading=\"lazy\" decoding=\"async\" class=\"tg-item-image\" alt=\"Das Wort &quot;Krisenstimmung&quot; vor einem d\u00fcstern Hintergrund\" width=\"500\" height=\"500\" src=\"https:\/\/medienplattform.wmk-karlsruhe.de\/wmk-karlsruhe-de-medienplattform\/wp-content\/uploads\/podcast_krisenstimmung-500x500.jpg\"><\/div><div class=\"tg-item-overlay\" style=\"background-color:rgba(160,160,160,0.8)\"><\/div><div class=\"tg-item-content\"><div class=\"tg-center-holder\"><div class=\"tg-center-inner\"><a class=\"tg-item-link\" href=\"https:\/\/medienplattform.wmk-karlsruhe.de\/wmk-karlsruhe-de-medienplattform\/krisenstimmung\/\" target=\"_self\"><\/a><span class=\"tg-item-date\">8. September 2021<\/span><h2 class=\"tg-item-title\"><a href=\"https:\/\/medienplattform.wmk-karlsruhe.de\/wmk-karlsruhe-de-medienplattform\/krisenstimmung\/\" target=\"_self\">Krisenstimmung<\/a><\/h2><\/div><\/div><\/div><\/div><\/div><\/article><!-- The Grid item #11 --><article class=\"tg-item tg-post-2966 lome\" data-row=\"1\" data-col=\"1\"><div class=\"tg-item-inner\"><div class=\"tg-item-media-holder tg-light\"><div class=\"tg-item-media-inner\"><img loading=\"lazy\" decoding=\"async\" class=\"tg-item-image\" alt=\"\" width=\"500\" height=\"500\" src=\"https:\/\/medienplattform.wmk-karlsruhe.de\/wmk-karlsruhe-de-medienplattform\/wp-content\/uploads\/Visionen-erschaffen_Header-scaled-1-500x500.jpg\"><\/div><div class=\"tg-item-overlay\" style=\"background-color:rgba(221,153,51,0.8)\"><\/div><div class=\"tg-item-content\"><div class=\"tg-center-holder\"><div class=\"tg-center-inner\"><a class=\"tg-item-link\" href=\"https:\/\/medienplattform.wmk-karlsruhe.de\/wmk-karlsruhe-de-medienplattform\/back-to-future\/\" target=\"_self\"><\/a><span class=\"tg-item-date\">11. August 2021<\/span><h2 class=\"tg-item-title\"><a href=\"https:\/\/medienplattform.wmk-karlsruhe.de\/wmk-karlsruhe-de-medienplattform\/back-to-future\/\" target=\"_self\">Back to Future<\/a><\/h2><\/div><\/div><\/div><\/div><\/div><\/article><!-- The Grid item #12 --><article class=\"tg-item tg-post-2951 lome\" data-row=\"1\" data-col=\"1\"><div class=\"tg-item-inner\"><div class=\"tg-item-media-holder tg-light\"><div class=\"tg-item-media-inner\"><img loading=\"lazy\" decoding=\"async\" class=\"tg-item-image\" alt=\"\" width=\"500\" height=\"500\" src=\"https:\/\/medienplattform.wmk-karlsruhe.de\/wmk-karlsruhe-de-medienplattform\/wp-content\/uploads\/traeume_1-500x500.png\"><\/div><div class=\"tg-item-overlay\" style=\"background-color:rgba(43,177,255,0.8)\"><\/div><div class=\"tg-item-content\"><div class=\"tg-center-holder\"><div class=\"tg-center-inner\"><a class=\"tg-item-link\" href=\"https:\/\/medienplattform.wmk-karlsruhe.de\/wmk-karlsruhe-de-medienplattform\/traeume-orte-der-unbegrenzen-moeglichkeiten\/\" target=\"_self\"><\/a><span class=\"tg-item-date\">26. Juli 2021<\/span><h2 class=\"tg-item-title\"><a href=\"https:\/\/medienplattform.wmk-karlsruhe.de\/wmk-karlsruhe-de-medienplattform\/traeume-orte-der-unbegrenzen-moeglichkeiten\/\" target=\"_self\">Tr\u00e4ume &#8211; Orte der unbegrenzten M\u00f6glichkeiten<\/a><\/h2><\/div><\/div><\/div><\/div><\/div><\/article><!-- The Grid item #13 --><article class=\"tg-item tg-post-2941 lome\" data-row=\"1\" data-col=\"1\"><div class=\"tg-item-inner\"><div class=\"tg-item-media-holder tg-light\"><div class=\"tg-item-media-inner\"><img loading=\"lazy\" decoding=\"async\" class=\"tg-item-image\" alt=\"Mit Plastikm\u00fcll verschmutztes Gew\u00e4sser. Im Hintergrund sind Schornsteine einer Fabrik zu sehen.\" width=\"500\" height=\"500\" src=\"https:\/\/medienplattform.wmk-karlsruhe.de\/wmk-karlsruhe-de-medienplattform\/wp-content\/uploads\/pexels-yogendra-singh-2480807-500x500.jpg\"><\/div><div class=\"tg-item-overlay\" style=\"background-color:rgba(211,65,55,0.8)\"><\/div><div class=\"tg-item-content\"><div class=\"tg-center-holder\"><div class=\"tg-center-inner\"><a class=\"tg-item-link\" href=\"https:\/\/medienplattform.wmk-karlsruhe.de\/wmk-karlsruhe-de-medienplattform\/per-und-polyfluorierte-chemikalien-fluch-oder-segen-der-modernen-zeit\/\" target=\"_self\"><\/a><span class=\"tg-item-date\">2. Juli 2021<\/span><h2 class=\"tg-item-title\"><a href=\"https:\/\/medienplattform.wmk-karlsruhe.de\/wmk-karlsruhe-de-medienplattform\/per-und-polyfluorierte-chemikalien-fluch-oder-segen-der-modernen-zeit\/\" target=\"_self\">Per- und polyfluorierte Chemikalien \u2013 Fluch oder Segen der modernen Zeit?<\/a><\/h2><\/div><\/div><\/div><\/div><\/div><\/article><!-- The Grid item #14 --><article class=\"tg-item tg-post-2927 lome\" data-row=\"1\" data-col=\"1\"><div class=\"tg-item-inner\"><div class=\"tg-item-media-holder tg-light\"><div class=\"tg-item-media-inner\"><img loading=\"lazy\" decoding=\"async\" class=\"tg-item-image\" alt=\"\" width=\"500\" height=\"500\" src=\"https:\/\/medienplattform.wmk-karlsruhe.de\/wmk-karlsruhe-de-medienplattform\/wp-content\/uploads\/wmk-wildnis-500x500.png\"><\/div><div class=\"tg-item-overlay\" style=\"background-color:rgba(0,123,33,0.8)\"><\/div><div class=\"tg-item-content\"><div class=\"tg-center-holder\"><div class=\"tg-center-inner\"><a class=\"tg-item-link\" href=\"https:\/\/medienplattform.wmk-karlsruhe.de\/wmk-karlsruhe-de-medienplattform\/eine-spur-wilder\/\" target=\"_self\"><\/a><span class=\"tg-item-date\">3. November 2020<\/span><h2 class=\"tg-item-title\"><a href=\"https:\/\/medienplattform.wmk-karlsruhe.de\/wmk-karlsruhe-de-medienplattform\/eine-spur-wilder\/\" target=\"_self\">Wildnis vor der Haust\u00fcr<\/a><\/h2><\/div><\/div><\/div><\/div><\/div><\/article><!-- The Grid item #15 --><article class=\"tg-item tg-post-2882 lome\" data-row=\"1\" data-col=\"1\"><div class=\"tg-item-inner\"><div class=\"tg-item-media-holder tg-light\"><div class=\"tg-item-media-inner\"><img loading=\"lazy\" decoding=\"async\" class=\"tg-item-image\" alt=\"\" width=\"500\" height=\"500\" src=\"https:\/\/medienplattform.wmk-karlsruhe.de\/wmk-karlsruhe-de-medienplattform\/wp-content\/uploads\/qz_podcast_cover_20200107_720-500x500.jpg\"><\/div><div class=\"tg-item-overlay\" style=\"background-color:rgba(20,0,160,0.7)\"><\/div><div class=\"tg-item-content\"><div class=\"tg-center-holder\"><div class=\"tg-center-inner\"><a class=\"tg-item-link\" href=\"https:\/\/medienplattform.wmk-karlsruhe.de\/wmk-karlsruhe-de-medienplattform\/labor-zukunft-forschung-ohne-kittel\/\" target=\"_self\"><\/a><span class=\"tg-item-date\">16. September 2020<\/span><h2 class=\"tg-item-title\"><a href=\"https:\/\/medienplattform.wmk-karlsruhe.de\/wmk-karlsruhe-de-medienplattform\/labor-zukunft-forschung-ohne-kittel\/\" target=\"_self\">Labor Zukunft \u2013 Forschung ohne Kittel<\/a><\/h2><\/div><\/div><\/div><\/div><\/div><\/article><!-- The Grid item #16 --><article class=\"tg-item tg-post-2716 lome\" data-row=\"1\" data-col=\"1\"><div class=\"tg-item-inner\"><div class=\"tg-item-media-holder tg-light\"><div class=\"tg-item-media-inner\"><div class=\"tg-item-gallery-holder\"><img loading=\"lazy\" decoding=\"async\" class=\"tg-item-image first-image show\" alt=\"\" width=\"500\" height=\"500\" src=\"https:\/\/medienplattform.wmk-karlsruhe.de\/wmk-karlsruhe-de-medienplattform\/wp-content\/uploads\/42583894725_5ed325ba93_o-500x500.jpg\"><div class=\"tg-item-image\" style=\"background-image: url(https:\/\/medienplattform.wmk-karlsruhe.de\/wmk-karlsruhe-de-medienplattform\/wp-content\/uploads\/Kalikokrebs-Adam-Schnabler-500x500.jpg)\"><\/div><div class=\"tg-item-image\" style=\"background-image: url(https:\/\/medienplattform.wmk-karlsruhe.de\/wmk-karlsruhe-de-medienplattform\/wp-content\/uploads\/Bild-500x500.jpg)\"><\/div><div class=\"tg-item-image\" style=\"background-image: url(https:\/\/medienplattform.wmk-karlsruhe.de\/wmk-karlsruhe-de-medienplattform\/wp-content\/uploads\/Blockbebauung_Oststadt-500x500.jpg)\"><\/div><div class=\"tg-item-image\" style=\"background-image: url()\"><\/div><div class=\"tg-item-image\" style=\"background-image: url(https:\/\/medienplattform.wmk-karlsruhe.de\/wmk-karlsruhe-de-medienplattform\/wp-content\/uploads\/Dr.-Andreas-Sch\u00e4fer-500x500.jpeg)\"><\/div><div class=\"tg-item-image\" style=\"background-image: url(https:\/\/medienplattform.wmk-karlsruhe.de\/wmk-karlsruhe-de-medienplattform\/wp-content\/uploads\/IMG_1462-500x500.jpg)\"><\/div><\/div><\/div><div class=\"tg-item-overlay\" style=\"background-color:rgba(0,160,64,0.7)\"><\/div><div class=\"tg-item-content\"><div class=\"tg-center-holder\"><div class=\"tg-center-inner\"><a class=\"tg-item-link\" href=\"https:\/\/medienplattform.wmk-karlsruhe.de\/wmk-karlsruhe-de-medienplattform\/handeln-statt-diskutieren-klimawandel-in-karlsruhe\/\" target=\"_self\"><\/a><span class=\"tg-item-date\">5. September 2019<\/span><h2 class=\"tg-item-title\"><a href=\"https:\/\/medienplattform.wmk-karlsruhe.de\/wmk-karlsruhe-de-medienplattform\/handeln-statt-diskutieren-klimawandel-in-karlsruhe\/\" target=\"_self\">Handeln statt Diskutieren &#8211; Klimawandel in Karlsruhe<\/a><\/h2><\/div><\/div><\/div><\/div><\/div><\/article><!-- The Grid item #17 --><article class=\"tg-item tg-post-2642 lome\" data-row=\"1\" data-col=\"1\"><div class=\"tg-item-inner\"><div class=\"tg-item-media-holder tg-light\"><div class=\"tg-item-media-inner\"><div class=\"tg-item-gallery-holder\"><img loading=\"lazy\" decoding=\"async\" class=\"tg-item-image first-image show\" alt=\"\" width=\"500\" height=\"500\" src=\"https:\/\/medienplattform.wmk-karlsruhe.de\/wmk-karlsruhe-de-medienplattform\/wp-content\/uploads\/campusgefl\u00fcster11-1024x683-e1695821999576-500x500.jpg\"><div class=\"tg-item-image\" style=\"background-image: url(https:\/\/medienplattform.wmk-karlsruhe.de\/wmk-karlsruhe-de-medienplattform\/wp-content\/uploads\/20180612_134747-1024x768-500x500.jpg)\"><\/div><div class=\"tg-item-image\" style=\"background-image: url(https:\/\/medienplattform.wmk-karlsruhe.de\/wmk-karlsruhe-de-medienplattform\/wp-content\/uploads\/Foto-1-1024x768-500x500.jpg)\"><\/div><\/div><\/div><div class=\"tg-item-overlay\" style=\"background-color:rgba(244,146,0,0.7)\"><\/div><div class=\"tg-item-content\"><div class=\"tg-center-holder\"><div class=\"tg-center-inner\"><a class=\"tg-item-link\" href=\"https:\/\/medienplattform.wmk-karlsruhe.de\/wmk-karlsruhe-de-medienplattform\/studieren-in-karlsruhe\/\" target=\"_self\"><\/a><span class=\"tg-item-date\">24. Mai 2019<\/span><h2 class=\"tg-item-title\"><a href=\"https:\/\/medienplattform.wmk-karlsruhe.de\/wmk-karlsruhe-de-medienplattform\/studieren-in-karlsruhe\/\" target=\"_self\">Studieren in Karlsruhe<\/a><\/h2><\/div><\/div><\/div><\/div><\/div><\/article><!-- The Grid item #18 --><article class=\"tg-item tg-post-2574 lome\" data-row=\"1\" data-col=\"1\"><div class=\"tg-item-inner\"><div class=\"tg-item-media-holder tg-light\"><div class=\"tg-item-media-inner\"><img loading=\"lazy\" decoding=\"async\" class=\"tg-item-image\" alt=\"\" width=\"500\" height=\"500\" src=\"https:\/\/medienplattform.wmk-karlsruhe.de\/wmk-karlsruhe-de-medienplattform\/wp-content\/uploads\/beitragsbild-gesundheitssystem-500x500.png\"><\/div><div class=\"tg-item-overlay\" style=\"background-color:rgba(0,130,75,0.7)\"><\/div><div class=\"tg-item-content\"><div class=\"tg-center-holder\"><div class=\"tg-center-inner\"><a class=\"tg-item-link\" href=\"https:\/\/medienplattform.wmk-karlsruhe.de\/wmk-karlsruhe-de-medienplattform\/deutsches-gesundheitssystem\/\" target=\"_self\"><\/a><span class=\"tg-item-date\">11. Mai 2019<\/span><h2 class=\"tg-item-title\"><a href=\"https:\/\/medienplattform.wmk-karlsruhe.de\/wmk-karlsruhe-de-medienplattform\/deutsches-gesundheitssystem\/\" target=\"_self\">Deutsches Gesundheitssystem<\/a><\/h2><\/div><\/div><\/div><\/div><\/div><\/article><!-- The Grid item #19 --><article class=\"tg-item tg-post-1628 lome\" data-row=\"1\" data-col=\"1\"><div class=\"tg-item-inner\"><div class=\"tg-item-media-holder tg-light\"><div class=\"tg-item-media-inner\"><div class=\"tg-item-gallery-holder\"><img loading=\"lazy\" decoding=\"async\" class=\"tg-item-image first-image show\" alt=\"\" width=\"400\" height=\"400\" src=\"https:\/\/medienplattform.wmk-karlsruhe.de\/wmk-karlsruhe-de-medienplattform\/wp-content\/uploads\/beitragsbild-digitale-bilder.jpg\"><div class=\"tg-item-image\" style=\"background-image: url(https:\/\/medienplattform.wmk-karlsruhe.de\/wmk-karlsruhe-de-medienplattform\/wp-content\/uploads\/WMK-DB-larissa-berlinghof-500x400.jpg)\"><\/div><div class=\"tg-item-image\" style=\"background-image: url(https:\/\/medienplattform.wmk-karlsruhe.de\/wmk-karlsruhe-de-medienplattform\/wp-content\/uploads\/sultan-birhimeoglu-500x200.jpg)\"><\/div><div class=\"tg-item-image\" style=\"background-image: url(https:\/\/medienplattform.wmk-karlsruhe.de\/wmk-karlsruhe-de-medienplattform\/wp-content\/uploads\/WMK-DB-celine-haas-500x400.jpg)\"><\/div><div class=\"tg-item-image\" style=\"background-image: url(https:\/\/medienplattform.wmk-karlsruhe.de\/wmk-karlsruhe-de-medienplattform\/wp-content\/uploads\/WMK-DB-joshua-wurm-500x400.jpg)\"><\/div><div class=\"tg-item-image\" style=\"background-image: url(https:\/\/medienplattform.wmk-karlsruhe.de\/wmk-karlsruhe-de-medienplattform\/wp-content\/uploads\/WMK-DB-nikolai-promies2-500x400.jpg)\"><\/div><div class=\"tg-item-image\" style=\"background-image: url(https:\/\/medienplattform.wmk-karlsruhe.de\/wmk-karlsruhe-de-medienplattform\/wp-content\/uploads\/WMK-DB-dominik-palluch-KWS-500x400.jpg)\"><\/div><div class=\"tg-item-image\" style=\"background-image: url(https:\/\/medienplattform.wmk-karlsruhe.de\/wmk-karlsruhe-de-medienplattform\/wp-content\/uploads\/nina-kneule-500x200.jpg)\"><\/div><div class=\"tg-item-image\" style=\"background-image: url(https:\/\/medienplattform.wmk-karlsruhe.de\/wmk-karlsruhe-de-medienplattform\/wp-content\/uploads\/WMK-DB-mariya-grygoryan3-500x400.jpg)\"><\/div><div class=\"tg-item-image\" style=\"background-image: url(https:\/\/medienplattform.wmk-karlsruhe.de\/wmk-karlsruhe-de-medienplattform\/wp-content\/uploads\/WMK-DB-franziska-becker-500x400.jpg)\"><\/div><div class=\"tg-item-image\" style=\"background-image: url(https:\/\/medienplattform.wmk-karlsruhe.de\/wmk-karlsruhe-de-medienplattform\/wp-content\/uploads\/julia-goldstein-500x200.jpg)\"><\/div><div class=\"tg-item-image\" style=\"background-image: url(https:\/\/medienplattform.wmk-karlsruhe.de\/wmk-karlsruhe-de-medienplattform\/wp-content\/uploads\/WMK-DB-TimKostenzer-07-500x500.jpg)\"><\/div><div class=\"tg-item-image\" style=\"background-image: url(https:\/\/medienplattform.wmk-karlsruhe.de\/wmk-karlsruhe-de-medienplattform\/wp-content\/uploads\/WMK-DB-RominaRuoss-01-500x500.jpg)\"><\/div><div class=\"tg-item-image\" style=\"background-image: url(https:\/\/medienplattform.wmk-karlsruhe.de\/wmk-karlsruhe-de-medienplattform\/wp-content\/uploads\/WMK-DB-JannetteJareb-01-500x500.jpg)\"><\/div><div class=\"tg-item-image\" style=\"background-image: url(https:\/\/medienplattform.wmk-karlsruhe.de\/wmk-karlsruhe-de-medienplattform\/wp-content\/uploads\/WMK-DB-FlorianGiek-02-500x500.jpg)\"><\/div><div class=\"tg-item-image\" style=\"background-image: url(https:\/\/medienplattform.wmk-karlsruhe.de\/wmk-karlsruhe-de-medienplattform\/wp-content\/uploads\/WMK-DB-AndreThielen-01-500x500.jpg)\"><\/div><div class=\"tg-item-image\" style=\"background-image: url(https:\/\/medienplattform.wmk-karlsruhe.de\/wmk-karlsruhe-de-medienplattform\/wp-content\/uploads\/WMK-DB-LauraBittner-05-2-500x500.jpg)\"><\/div><div class=\"tg-item-image\" style=\"background-image: url(https:\/\/medienplattform.wmk-karlsruhe.de\/wmk-karlsruhe-de-medienplattform\/wp-content\/uploads\/WMK-DB-tim-bornkessel-500x400.jpg)\"><\/div><div class=\"tg-item-image\" style=\"background-image: url(https:\/\/medienplattform.wmk-karlsruhe.de\/wmk-karlsruhe-de-medienplattform\/wp-content\/uploads\/ludwig-kasten-500x200.jpg)\"><\/div><div class=\"tg-item-image\" style=\"background-image: url(https:\/\/medienplattform.wmk-karlsruhe.de\/wmk-karlsruhe-de-medienplattform\/wp-content\/uploads\/daniel-heinold-500x200.jpg)\"><\/div><\/div><\/div><div class=\"tg-item-overlay\" style=\"background-color:rgba(200,180,10,0.7)\"><\/div><div class=\"tg-item-content\"><div class=\"tg-center-holder\"><div class=\"tg-center-inner\"><a class=\"tg-item-link\" href=\"https:\/\/medienplattform.wmk-karlsruhe.de\/wmk-karlsruhe-de-medienplattform\/digitale-bilder\/\" target=\"_self\"><\/a><span class=\"tg-item-date\">1. M\u00e4rz 2018<\/span><h2 class=\"tg-item-title\"><a href=\"https:\/\/medienplattform.wmk-karlsruhe.de\/wmk-karlsruhe-de-medienplattform\/digitale-bilder\/\" target=\"_self\">Digitale Bilder<\/a><\/h2><\/div><\/div><\/div><\/div><\/div><\/article><!-- The Grid item #20 --><article class=\"tg-item tg-post-2438 lome\" data-row=\"1\" data-col=\"1\"><div class=\"tg-item-inner\"><div class=\"tg-item-media-holder tg-light\"><div class=\"tg-item-media-inner\"><div class=\"tg-item-gallery-holder\"><img loading=\"lazy\" decoding=\"async\" class=\"tg-item-image first-image show\" alt=\"\" width=\"500\" height=\"500\" src=\"https:\/\/medienplattform.wmk-karlsruhe.de\/wmk-karlsruhe-de-medienplattform\/wp-content\/uploads\/WMK-Teaser-Multiple-Sklerose-500x500.jpg\"><\/div><\/div><div class=\"tg-item-overlay\" style=\"background-color:rgba(30,0,142,0.7)\"><\/div><div class=\"tg-item-content\"><div class=\"tg-center-holder\"><div class=\"tg-center-inner\"><a class=\"tg-item-link\" href=\"https:\/\/medienplattform.wmk-karlsruhe.de\/wmk-karlsruhe-de-medienplattform\/die-krankheit-der-1000-gesichter\/\" target=\"_blank\"><\/a><span class=\"tg-item-date\">1. August 2017<\/span><h2 class=\"tg-item-title\"><a href=\"https:\/\/medienplattform.wmk-karlsruhe.de\/wmk-karlsruhe-de-medienplattform\/die-krankheit-der-1000-gesichter\/\" target=\"_blank\">Die Krankheit der 1000 Gesichter<\/a><\/h2><\/div><\/div><\/div><\/div><\/div><\/article><!-- The Grid item #21 --><article class=\"tg-item tg-post-1655 lome\" data-row=\"1\" data-col=\"1\"><div class=\"tg-item-inner\"><div class=\"tg-item-media-holder tg-light\"><div class=\"tg-item-media-inner\"><div class=\"tg-item-gallery-holder\"><img loading=\"lazy\" decoding=\"async\" class=\"tg-item-image first-image show\" alt=\"\" width=\"500\" height=\"500\" src=\"https:\/\/medienplattform.wmk-karlsruhe.de\/wmk-karlsruhe-de-medienplattform\/wp-content\/uploads\/gch_kit_wiss3-xl-500x500.jpg\"><div class=\"tg-item-image\" style=\"background-image: url(https:\/\/medienplattform.wmk-karlsruhe.de\/wmk-karlsruhe-de-medienplattform\/wp-content\/uploads\/gch_kit_wiss4-500x500.jpg)\"><\/div><div class=\"tg-item-image\" style=\"background-image: url(https:\/\/medienplattform.wmk-karlsruhe.de\/wmk-karlsruhe-de-medienplattform\/wp-content\/uploads\/gch_kit_wiss2-500x500.jpg)\"><\/div><div class=\"tg-item-image\" style=\"background-image: url(https:\/\/medienplattform.wmk-karlsruhe.de\/wmk-karlsruhe-de-medienplattform\/wp-content\/uploads\/gch_kit_wiss1-500x500.jpg)\"><\/div><\/div><\/div><div class=\"tg-item-overlay\" style=\"background-color:rgba(255,76,0,0.7)\"><\/div><div class=\"tg-item-content\"><div class=\"tg-center-holder\"><div class=\"tg-center-inner\"><a class=\"tg-item-link\" href=\"https:\/\/medienplattform.wmk-karlsruhe.de\/wmk-karlsruhe-de-medienplattform\/wissen-am-sonntag\/\" target=\"_self\"><\/a><span class=\"tg-item-date\">1. August 2016<\/span><h2 class=\"tg-item-title\"><a href=\"https:\/\/medienplattform.wmk-karlsruhe.de\/wmk-karlsruhe-de-medienplattform\/wissen-am-sonntag\/\" target=\"_self\">Wissen am Sonntag<\/a><\/h2><\/div><\/div><\/div><\/div><\/div><\/article><!-- The Grid item #22 --><article class=\"tg-item tg-post-2488 lome\" data-row=\"1\" data-col=\"1\"><div class=\"tg-item-inner\"><div class=\"tg-item-media-holder tg-light\"><div class=\"tg-item-media-inner\"><div class=\"tg-item-gallery-holder\"><img loading=\"lazy\" decoding=\"async\" class=\"tg-item-image first-image show\" alt=\"\" width=\"500\" height=\"500\" src=\"https:\/\/medienplattform.wmk-karlsruhe.de\/wmk-karlsruhe-de-medienplattform\/wp-content\/uploads\/wmk-mp-ev-herbst-500x500.jpg\"><div class=\"tg-item-image\" style=\"background-image: url(https:\/\/medienplattform.wmk-karlsruhe.de\/wmk-karlsruhe-de-medienplattform\/wp-content\/uploads\/wmk-mp-ev-katerstimmung-500x500.jpg)\"><\/div><div class=\"tg-item-image\" style=\"background-image: url(https:\/\/medienplattform.wmk-karlsruhe.de\/wmk-karlsruhe-de-medienplattform\/wp-content\/uploads\/wmk-mp-ev-muskelkater-500x500.jpg)\"><\/div><div class=\"tg-item-image\" style=\"background-image: url(https:\/\/medienplattform.wmk-karlsruhe.de\/wmk-karlsruhe-de-medienplattform\/wp-content\/uploads\/wmk-mp-ev-radioaktivitaet-500x500.jpg)\"><\/div><\/div><\/div><div class=\"tg-item-overlay\" style=\"background-color:rgba(252,42,0,0.7)\"><\/div><div class=\"tg-item-content\"><div class=\"tg-center-holder\"><div class=\"tg-center-inner\"><a class=\"tg-item-link\" href=\"https:\/\/medienplattform.wmk-karlsruhe.de\/wmk-karlsruhe-de-medienplattform\/erklaervideos\/\" target=\"_self\"><\/a><span class=\"tg-item-date\">1. M\u00e4rz 2016<\/span><h2 class=\"tg-item-title\"><a href=\"https:\/\/medienplattform.wmk-karlsruhe.de\/wmk-karlsruhe-de-medienplattform\/erklaervideos\/\" target=\"_self\">Erkl\u00e4rvideos<\/a><\/h2><\/div><\/div><\/div><\/div><\/div><\/article><!-- The Grid item #23 --><article class=\"tg-item tg-post-1642 lome\" data-row=\"1\" data-col=\"1\"><div class=\"tg-item-inner\"><div class=\"tg-item-media-holder tg-light\"><div class=\"tg-item-media-inner\"><div class=\"tg-item-gallery-holder\"><img loading=\"lazy\" decoding=\"async\" class=\"tg-item-image first-image show\" alt=\"\" width=\"500\" height=\"500\" src=\"https:\/\/medienplattform.wmk-karlsruhe.de\/wmk-karlsruhe-de-medienplattform\/wp-content\/uploads\/MG_5378-500x500.jpg\"><div class=\"tg-item-image\" style=\"background-image: url(https:\/\/medienplattform.wmk-karlsruhe.de\/wmk-karlsruhe-de-medienplattform\/wp-content\/uploads\/MG_5384-500x500.jpg)\"><\/div><div class=\"tg-item-image\" style=\"background-image: url(https:\/\/medienplattform.wmk-karlsruhe.de\/wmk-karlsruhe-de-medienplattform\/wp-content\/uploads\/MG_5392-500x500.jpg)\"><\/div><div class=\"tg-item-image\" style=\"background-image: url(https:\/\/medienplattform.wmk-karlsruhe.de\/wmk-karlsruhe-de-medienplattform\/wp-content\/uploads\/MG_5389-500x500.jpg)\"><\/div><div class=\"tg-item-image\" style=\"background-image: url(https:\/\/medienplattform.wmk-karlsruhe.de\/wmk-karlsruhe-de-medienplattform\/wp-content\/uploads\/MG_5385-500x500.jpg)\"><\/div><\/div><\/div><div class=\"tg-item-overlay\" style=\"background-color:rgba(170,10,230,0.7)\"><\/div><div class=\"tg-item-content\"><div class=\"tg-center-holder\"><div class=\"tg-center-inner\"><a class=\"tg-item-link\" href=\"https:\/\/medienplattform.wmk-karlsruhe.de\/wmk-karlsruhe-de-medienplattform\/printerest\/\" target=\"_self\"><\/a><span class=\"tg-item-date\">1. M\u00e4rz 2016<\/span><h2 class=\"tg-item-title\"><a href=\"https:\/\/medienplattform.wmk-karlsruhe.de\/wmk-karlsruhe-de-medienplattform\/printerest\/\" target=\"_self\">Printerest<\/a><\/h2><\/div><\/div><\/div><\/div><\/div><\/article><!-- The Grid item #24 --><article class=\"tg-item tg-post-1649 lome\" data-row=\"1\" data-col=\"1\"><div class=\"tg-item-inner\"><div class=\"tg-item-media-holder tg-light\"><div class=\"tg-item-media-inner\"><div class=\"tg-item-gallery-holder\"><img loading=\"lazy\" decoding=\"async\" class=\"tg-item-image first-image show\" alt=\"\" width=\"381\" height=\"388\" src=\"https:\/\/medienplattform.wmk-karlsruhe.de\/wmk-karlsruhe-de-medienplattform\/wp-content\/uploads\/stollfuss.jpg\"><div class=\"tg-item-image\" style=\"background-image: url(https:\/\/medienplattform.wmk-karlsruhe.de\/wmk-karlsruhe-de-medienplattform\/wp-content\/uploads\/janich-500x375.jpg)\"><\/div><div class=\"tg-item-image\" style=\"background-image: url(https:\/\/medienplattform.wmk-karlsruhe.de\/wmk-karlsruhe-de-medienplattform\/wp-content\/uploads\/scheufele-500x500.jpg)\"><\/div><div class=\"tg-item-image\" style=\"background-image: url(https:\/\/medienplattform.wmk-karlsruhe.de\/wmk-karlsruhe-de-medienplattform\/wp-content\/uploads\/kienhues.jpg)\"><\/div><div class=\"tg-item-image\" style=\"background-image: url(https:\/\/medienplattform.wmk-karlsruhe.de\/wmk-karlsruhe-de-medienplattform\/wp-content\/uploads\/jungwirth-500x500.jpg)\"><\/div><div class=\"tg-item-image\" style=\"background-image: url(https:\/\/medienplattform.wmk-karlsruhe.de\/wmk-karlsruhe-de-medienplattform\/wp-content\/uploads\/luethje.jpg)\"><\/div><div class=\"tg-item-image\" style=\"background-image: url(https:\/\/medienplattform.wmk-karlsruhe.de\/wmk-karlsruhe-de-medienplattform\/wp-content\/uploads\/arnold-500x500.jpg)\"><\/div><div class=\"tg-item-image\" style=\"background-image: url(https:\/\/medienplattform.wmk-karlsruhe.de\/wmk-karlsruhe-de-medienplattform\/wp-content\/uploads\/dernbach.jpg)\"><\/div><div class=\"tg-item-image\" style=\"background-image: url(https:\/\/medienplattform.wmk-karlsruhe.de\/wmk-karlsruhe-de-medienplattform\/wp-content\/uploads\/beck.jpg)\"><\/div><\/div><\/div><div class=\"tg-item-overlay\" style=\"background-color:rgba(0,123,234,0.8)\"><\/div><div class=\"tg-item-content\"><div class=\"tg-center-holder\"><div class=\"tg-center-inner\"><a class=\"tg-item-link\" href=\"https:\/\/medienplattform.wmk-karlsruhe.de\/wmk-karlsruhe-de-medienplattform\/scicomm\/\" target=\"_self\"><\/a><span class=\"tg-item-date\">1. August 2015<\/span><h2 class=\"tg-item-title\"><a href=\"https:\/\/medienplattform.wmk-karlsruhe.de\/wmk-karlsruhe-de-medienplattform\/scicomm\/\" target=\"_self\">SciComm<\/a><\/h2><\/div><\/div><\/div><\/div><\/div><\/article><!-- The Grid item #25 --><article class=\"tg-item tg-post-1651 lome\" data-row=\"1\" data-col=\"1\"><div class=\"tg-item-inner\"><div class=\"tg-item-media-holder tg-light\"><div class=\"tg-item-media-inner\"><div class=\"tg-item-gallery-holder\"><img loading=\"lazy\" decoding=\"async\" class=\"tg-item-image first-image show\" alt=\"\" width=\"500\" height=\"500\" src=\"https:\/\/medienplattform.wmk-karlsruhe.de\/wmk-karlsruhe-de-medienplattform\/wp-content\/uploads\/2015\/03\/scrolly-500x500.png\"><div class=\"tg-item-image\" style=\"background-image: url(https:\/\/medienplattform.wmk-karlsruhe.de\/wmk-karlsruhe-de-medienplattform\/wp-content\/uploads\/BaumUndBogen-2-500x500.jpg)\"><\/div><\/div><\/div><div class=\"tg-item-overlay\" style=\"background-color:rgba(206,0,0,0.8)\"><\/div><div class=\"tg-item-content\"><div class=\"tg-center-holder\"><div class=\"tg-center-inner\"><a class=\"tg-item-link\" href=\"https:\/\/medienplattform.wmk-karlsruhe.de\/wmk-karlsruhe-de-medienplattform\/scrollytelling\/\" target=\"_self\"><\/a><span class=\"tg-item-date\">1. M\u00e4rz 2015<\/span><h2 class=\"tg-item-title\"><a href=\"https:\/\/medienplattform.wmk-karlsruhe.de\/wmk-karlsruhe-de-medienplattform\/scrollytelling\/\" target=\"_self\">Scrollytelling<\/a><\/h2><\/div><\/div><\/div><\/div><\/div><\/article><!-- The Grid item #26 --><article class=\"tg-item tg-post-1653 lome\" data-row=\"1\" data-col=\"1\"><div class=\"tg-item-inner\"><div class=\"tg-item-media-holder tg-light\"><div class=\"tg-item-media-inner\"><div class=\"tg-item-gallery-holder\"><img loading=\"lazy\" decoding=\"async\" class=\"tg-item-image first-image show\" alt=\"\" width=\"350\" height=\"350\" src=\"https:\/\/medienplattform.wmk-karlsruhe.de\/wmk-karlsruhe-de-medienplattform\/wp-content\/uploads\/Beitragsbild-sei-haltbar.png\"><div class=\"tg-item-image\" style=\"background-image: url(https:\/\/medienplattform.wmk-karlsruhe.de\/wmk-karlsruhe-de-medienplattform\/wp-content\/uploads\/Smartphone_Beitrag03-750x300-500x300.png)\"><\/div><div class=\"tg-item-image\" style=\"background-image: url(https:\/\/medienplattform.wmk-karlsruhe.de\/wmk-karlsruhe-de-medienplattform\/wp-content\/uploads\/SoLaWi-Beitragsbild.png)\"><\/div><div class=\"tg-item-image\" style=\"background-image: url(https:\/\/medienplattform.wmk-karlsruhe.de\/wmk-karlsruhe-de-medienplattform\/wp-content\/uploads\/sei-haltbar-logo-500x500.jpg)\"><\/div><div class=\"tg-item-image\" style=\"background-image: url(https:\/\/medienplattform.wmk-karlsruhe.de\/wmk-karlsruhe-de-medienplattform\/wp-content\/uploads\/Trigema_klein-540x350-500x350.jpg)\"><\/div><\/div><\/div><div class=\"tg-item-overlay\" style=\"background-color:rgba(35,178,0,0.7)\"><\/div><div class=\"tg-item-content\"><div class=\"tg-center-holder\"><div class=\"tg-center-inner\"><a class=\"tg-item-link\" href=\"https:\/\/medienplattform.wmk-karlsruhe.de\/wmk-karlsruhe-de-medienplattform\/sei-haltbar\/\" target=\"_self\"><\/a><span class=\"tg-item-date\">1. August 2014<\/span><h2 class=\"tg-item-title\"><a href=\"https:\/\/medienplattform.wmk-karlsruhe.de\/wmk-karlsruhe-de-medienplattform\/sei-haltbar\/\" target=\"_self\">Sei-Haltbar<\/a><\/h2><\/div><\/div><\/div><\/div><\/div><\/article><\/div><\/div><!-- The Grid Wrapper End -->\n","protected":false},"excerpt":{"rendered":"<p>Von Johanna Sterrer und Kai Wieland &#8212; 28. August 2016 Gro\u00dfe Zeitschriftenverlage klagen \u00fcber schwindenden Absatz. F\u00fcr manche Magazine gilt dies jedoch nicht. Nie gab es ein gr\u00f6\u00dferes Angebot an Nischenzeitschriften. Bei ihnen z\u00e4hlen vor allem Originalit\u00e4t und Ideenvielfalt. Der kompletten Artikel als PDF WALDEN Seit Mai 2015 Erscheint zweimal j\u00e4hrlich Preis: 7,50 Euro Verkaufte <a href=\"https:\/\/medienplattform.wmk-karlsruhe.de\/wmk-karlsruhe-de-medienplattform\/sei-haltbar\/\" class=\"more-link\">&hellip; <span class=\"screen-reader-text\">Sei-Haltbar weiterlesen<\/span><\/a><\/p>\n","protected":false},"author":6,"featured_media":0,"comment_status":"closed","ping_status":"closed","sticky":false,"template":"","format":"standard","meta":{"footnotes":""},"categories":[21],"tags":[],"class_list":{"0":"post-1743","1":"post","2":"type-post","3":"status-publish","4":"format-standard","6":"category-printerest","7":"entry"},"_links":{"self":[{"href":"https:\/\/medienplattform.wmk-karlsruhe.de\/wmk-karlsruhe-de-medienplattform\/wp-json\/wp\/v2\/posts\/1743"}],"collection":[{"href":"https:\/\/medienplattform.wmk-karlsruhe.de\/wmk-karlsruhe-de-medienplattform\/wp-json\/wp\/v2\/posts"}],"about":[{"href":"https:\/\/medienplattform.wmk-karlsruhe.de\/wmk-karlsruhe-de-medienplattform\/wp-json\/wp\/v2\/types\/post"}],"author":[{"embeddable":true,"href":"https:\/\/medienplattform.wmk-karlsruhe.de\/wmk-karlsruhe-de-medienplattform\/wp-json\/wp\/v2\/users\/6"}],"replies":[{"embeddable":true,"href":"https:\/\/medienplattform.wmk-karlsruhe.de\/wmk-karlsruhe-de-medienplattform\/wp-json\/wp\/v2\/comments?post=1743"}],"version-history":[{"count":29,"href":"https:\/\/medienplattform.wmk-karlsruhe.de\/wmk-karlsruhe-de-medienplattform\/wp-json\/wp\/v2\/posts\/1743\/revisions"}],"predecessor-version":[{"id":2331,"href":"https:\/\/medienplattform.wmk-karlsruhe.de\/wmk-karlsruhe-de-medienplattform\/wp-json\/wp\/v2\/posts\/1743\/revisions\/2331"}],"wp:attachment":[{"href":"https:\/\/medienplattform.wmk-karlsruhe.de\/wmk-karlsruhe-de-medienplattform\/wp-json\/wp\/v2\/media?parent=1743"}],"wp:term":[{"taxonomy":"category","embeddable":true,"href":"https:\/\/medienplattform.wmk-karlsruhe.de\/wmk-karlsruhe-de-medienplattform\/wp-json\/wp\/v2\/categories?post=1743"},{"taxonomy":"post_tag","embeddable":true,"href":"https:\/\/medienplattform.wmk-karlsruhe.de\/wmk-karlsruhe-de-medienplattform\/wp-json\/wp\/v2\/tags?post=1743"}],"curies":[{"name":"wp","href":"https:\/\/api.w.org\/{rel}","templated":true}]}}