{"id":1736,"date":"2016-10-04T12:34:53","date_gmt":"2016-10-04T10:34:53","guid":{"rendered":"http:\/\/lehrredaktion.wmk-karlsruhe.de\/?p=1736"},"modified":"2018-03-15T19:13:25","modified_gmt":"2018-03-15T18:13:25","slug":"print-und-kontra","status":"publish","type":"post","link":"https:\/\/medienplattform.wmk-karlsruhe.de\/wmk-karlsruhe-de-medienplattform\/print-und-kontra\/","title":{"rendered":"Print und Kontra"},"content":{"rendered":"<h6>Von Jana-Romina Bulling und Elena Pattberg &#8212; 25. August 2016<\/h6>\n<p><strong>E-Books, E-Journale und E-Newspaper: Warum werden Printmedien ins Digitale \u00fcberf\u00fchrt? Sind gedruckte B\u00fccher, Zeitschriften und Zeitungen nicht mehr gut genug? Die Antwort vieler Online-Bef\u00fcrworter ist: \u00bbJa! Niemand braucht mehr Print!\u00ab Aber wie erkl\u00e4rt sich dann, dass die Deutschen jedes Jahr immer noch \u00fcber drei Milliarden Euro f\u00fcr Zeitschriften ausgeben? Ist Print vielleicht doch gar nicht so tot, wie immer behauptet wird? Wir haben jeweils sechs Gr\u00fcnde pro und kontra Print zusammengetragen.<\/strong><\/p>\n<p><img loading=\"lazy\" decoding=\"async\" src=\"http:\/\/medienplattform.wmk-karlsruhe.de\/wp-content\/uploads\/printerest-print-und-kontra.jpg\" alt=\"\" width=\"1500\" height=\"972\" class=\"alignnone size-full wp-image-1975\" srcset=\"https:\/\/medienplattform.wmk-karlsruhe.de\/wmk-karlsruhe-de-medienplattform\/wp-content\/uploads\/printerest-print-und-kontra.jpg 1500w, https:\/\/medienplattform.wmk-karlsruhe.de\/wmk-karlsruhe-de-medienplattform\/wp-content\/uploads\/printerest-print-und-kontra-1200x778.jpg 1200w, https:\/\/medienplattform.wmk-karlsruhe.de\/wmk-karlsruhe-de-medienplattform\/wp-content\/uploads\/printerest-print-und-kontra-768x498.jpg 768w, https:\/\/medienplattform.wmk-karlsruhe.de\/wmk-karlsruhe-de-medienplattform\/wp-content\/uploads\/printerest-print-und-kontra-500x324.jpg 500w, https:\/\/medienplattform.wmk-karlsruhe.de\/wmk-karlsruhe-de-medienplattform\/wp-content\/uploads\/printerest-print-und-kontra-1420x920.jpg 1420w, https:\/\/medienplattform.wmk-karlsruhe.de\/wmk-karlsruhe-de-medienplattform\/wp-content\/uploads\/printerest-print-und-kontra-920x596.jpg 920w\" sizes=\"(max-width: 1500px) 100vw, 1500px\" \/><\/p>\n<h6>Der kompletten Artikel als <a href=\"http:\/\/medienplattform.wmk-karlsruhe.de\/wp-content\/uploads\/WMK-Printerest-Print-und-Kontra.pdf\" target=\"_blank\" rel=\"noopener noreferrer\">PDF<\/a><\/h6>\n<h2><span style=\"color: #008000;\">1<\/span><br \/>\n<span style=\"color: #008000;\"> Print ber\u00fchrt die Sinne<\/span><\/h2>\n<p>Gedruckte Zeitschriften kann man<br \/>\nanfassen, man h\u00f6rt die Seiten rascheln<br \/>\nund riecht sogar die Druckfarbe. Laut<br \/>\neiner Studie der Universit\u00e4t Kassel wirkt<br \/>\nsich das positiv auf die Aufmerksamkeit<br \/>\nder Leser aus. Demnach erinnern<br \/>\nsich rund siebenmal mehr Befragte<br \/>\nan bedruckte Briefumschl\u00e4ge als an<br \/>\nE-Mails. Onlinemedien werden diesen<br \/>\neinzigartigen Vorteil nie<br \/>\nerreichen.<\/p>\n<h2 style=\"text-align: right;\"><span style=\"color: #ff0000;\">1<\/span><br \/>\n<span style=\"color: #ff0000;\"> Die Kommunikation fehlt<\/span><\/h2>\n<p style=\"text-align: right;\">Die heutige Gesellschaft dr\u00e4ngt dazu,<br \/>\nsich mitteilen zu k\u00f6nnen. Bei vielen<br \/>\nAnbietern von Online-Artikeln haben<br \/>\nNutzer die M\u00f6glichkeit, Kritik, Lob<br \/>\nund ihre eigene Sicht in Kommentaren<br \/>\nzu \u00e4u\u00dfern. Durch Verlinkungen<br \/>\nauf verwandte Seiten und Social-<br \/>\nMedia-Portale wird der Networking-<br \/>\nFaktor angeregt. Themen k\u00f6nnen<br \/>\nweitergetragen werden und eine rege<br \/>\nOnline-Kommunikation entsteht.<br \/>\nIm Print ist das schwieriger.<br \/>\nArtikel werden meist still gelesen<br \/>\nund seltener weitergegeben oder<br \/>\nkommentiert.<\/p>\n<h2><span style=\"color: #008000;\">2<br \/>\nPrint erreicht jeden<\/span><\/h2>\n<p>Zeitschriften im Wartezimmer, Plakate<br \/>\nan der Bushaltestelle oder der Aufdruck<br \/>\nauf Kugelschreibern: Print ist \u00fcberall und<br \/>\nwird im Alltag bewusst sowie unbewusst<br \/>\nwahrgenommen. Er erreicht uns aber nicht<br \/>\nnur unterwegs, wir bekommen zudem B\u00fccher,<br \/>\nZeitschriften, Kataloge, Werbesendungen<br \/>\nund Prospekte nach Hause geliefert. Laut der<br \/>\nBundesnetzagentur verteilt allein die Deutsche<br \/>\nPost j\u00e4hrlich 25 Milliarden Printprodukte.<br \/>\nDie rund 9 Milliarden Anzeigenbl\u00e4tter und<br \/>\nTageszeitungen sind da noch nicht einmal<br \/>\neingerechnet. Im Durchschnitt macht das 425<br \/>\nDruckprodukte pro Person und Jahr.<\/p>\n<h2 style=\"text-align: right;\"><span style=\"color: #ff0000;\">2<br \/>\n<\/span><span style=\"color: #ff0000; font-size: 1.5rem;\">Print ist unflexibel<\/span><\/h2>\n<div style=\"text-align: right;\">Einmal im Druck, ist es unm\u00f6glich, den<\/div>\n<div style=\"text-align: right;\">Inhalt von Printmedien zu \u00e4ndern. Nicht<\/div>\n<div style=\"text-align: right;\">nur, dass sich m\u00f6gliche Fehler nicht<\/div>\n<div style=\"text-align: right;\">mehr korrigieren lassen, auch der Inhalt<\/div>\n<div style=\"text-align: right;\">ist nur so lange aktuell, bis das Medium<\/div>\n<div style=\"text-align: right;\">in den Druck geht. Im Netz hingegen<\/div>\n<div style=\"text-align: right;\">ist es einfach, den Inhalt auch nach der<\/div>\n<div style=\"text-align: right;\">Ver\u00f6ffentlichung noch zu modifizieren.<\/div>\n<div style=\"text-align: right;\">So bieten Onlinemedien zus\u00e4tzlich die<\/div>\n<div style=\"text-align: right;\">M\u00f6glichkeit, Artikel zu aktualisieren, um<\/div>\n<div style=\"text-align: right;\">Leser auf den neuesten Stand zu bringen.<\/div>\n<p>&nbsp;<\/p>\n<h2><span style=\"color: #008000;\">3<\/span><br \/>\n<span style=\"color: #008000;\"> Print ist nachhaltig<\/span><\/h2>\n<p>Einen Artikel online lesen, oder eine<br \/>\nZeitschrift kaufen? Heute wissen wir,<br \/>\nwie wichtig es ist, unseren \u00f6kologischen<br \/>\nFu\u00dfabdruck auf der Erde so klein wie<br \/>\nm\u00f6glich zu halten. Das gelingt mit Print<br \/>\nbesser. Ausschlaggebende Faktoren sind die<br \/>\nhohe Recyclingquote und die Tatsache, dass<br \/>\neine Zeitung beliebig oft und von mehreren<br \/>\nLesern genutzt werden kann. Grob kann man<br \/>\nsagen, dass man beim Lesen einer Zeitung<br \/>\ncirca 20 Prozent weniger CO2 verbraucht,<br \/>\nals beim Lesen desselben Artikels auf einem<br \/>\nLaptop oder Tablet. Allerdings h\u00e4ngt dieser<br \/>\nWert von vielen Faktoren ab, etwa was f\u00fcr<br \/>\neinen Strommix man bezieht und auf welches<br \/>\nPapier gedruckt wird.<\/p>\n<h2 style=\"text-align: right;\"><span style=\"color: #ff0000;\">3<br \/>\n<\/span><span style=\"color: #ff0000;\">Mehr Inhalt online<\/span><\/h2>\n<div style=\"text-align: right;\">Lesen soll komfortabel sein. Damit<\/div>\n<div style=\"text-align: right;\">eine Zeitschrift gut in der Hand liegt,<\/div>\n<div style=\"text-align: right;\">ist ihre Seitenzahl begrenzt. Deshalb<\/div>\n<div style=\"text-align: right;\">findet nicht jede Idee Platz in einer<\/div>\n<div style=\"text-align: right;\">Zeitschrift. Online-Magazine sind<\/div>\n<div style=\"text-align: right;\">diesem Problem nicht ausgesetzt.<\/div>\n<div style=\"text-align: right;\">Hier k\u00f6nnen nahezu alle Inhalte und<\/div>\n<div style=\"text-align: right;\">Ideen ver\u00f6ffentlicht werden. Ein<\/div>\n<div style=\"text-align: right;\">gro\u00dfer Vorteil, denn je mehr Themen<\/div>\n<div style=\"text-align: right;\">abgedeckt sind, desto mehr Leser<\/div>\n<div style=\"text-align: right;\">werden angesprochen.<\/div>\n<h2><span style=\"color: #008000;\">4<\/span><br \/>\n<span style=\"color: #008000;\"> Print macht Gesch\u00e4ft<\/span><\/h2>\n<p>Ausschlaggebend f\u00fcr die Produktion und<br \/>\nden Verkauf von B\u00fcchern, Zeitschriften<br \/>\nund Zeitungen ist immer noch die<br \/>\n\u00d6konomie. Printmedien bringen dabei mehr<br \/>\nGeld ein als Online-Produkte: Nicht nur<br \/>\ndurch den Absatz von Magazinen, sondern<br \/>\nauch durch Anzeigenverk\u00e4ufe. Laut einer<br \/>\nStudie des Zentralverbands der Deutschen<br \/>\nWerbewirtschaft investierten deutsche<br \/>\nUnternehmen 2011 knapp 19 Milliarden Euro<br \/>\nin Werbung. Davon wurden 13 Milliarden f\u00fcr<br \/>\ngedruckte Medien verwendet.<\/p>\n<h2 style=\"text-align: right;\"><span style=\"color: #ff0000;\">4<br \/>\n<\/span><span style=\"color: #ff0000;\">Steigende Kosten<\/span><\/h2>\n<div style=\"text-align: right;\">Wer sich ein Abonnement zugelegt hat, wird<\/div>\n<div style=\"text-align: right;\">immer wieder von Preiserh\u00f6hungen \u00fcberrascht.<\/div>\n<div style=\"text-align: right;\">Gr\u00fcnde hierf\u00fcr sind unter anderem das<\/div>\n<div style=\"text-align: right;\">Wegfallen von Werbepartnern sowie erh\u00f6hte<\/div>\n<div style=\"text-align: right;\">Druck- und Papierkosten. Zwar wird auch<\/div>\n<div style=\"text-align: right;\">im Internet nicht jeder Artikel kostenlos zur<\/div>\n<div style=\"text-align: right;\">Verf\u00fcgung gestellt, jedoch sind die Abo-<\/div>\n<div style=\"text-align: right;\">Beitr\u00e4ge h\u00e4ufig erheblich g\u00fcnstiger als die f\u00fcr<\/div>\n<div style=\"text-align: right;\">Printmedien.<\/div>\n<h2><\/h2>\n<h2><span style=\"color: #008000;\">5<\/span><br \/>\n<span style=\"color: #008000;\"> Print ist ein<\/span><br \/>\n<span style=\"color: #008000;\"> Wachstumsmarkt<\/span><\/h2>\n<p>Aufgrund der langen Tradition<br \/>\nund revolution\u00e4ren Rolle in der<br \/>\nGeschichte sind Printmedien in<br \/>\nDeutschland fest in die Gesellschaft<br \/>\nund Wirtschaft eingewoben. Dass<br \/>\nPrint w\u00e4chst, belegen die Zahlen:<br \/>\nFast 1600 periodisch erscheinende<br \/>\nPublikumszeitschriften wurden im<br \/>\nJahr 2014 in Deutschland zum Verkauf<br \/>\nangeboten. Darunter 133, die im selben<br \/>\nJahr erst neu auf den Markt gebracht<br \/>\nwurden.<\/p>\n<h2 style=\"text-align: right;\"><span style=\"color: #ff0000;\">5<br \/>\n<\/span><span style=\"color: #ff0000;\">Mit einem Klick zur Information<\/span><\/h2>\n<div style=\"text-align: right;\">Um sich \u00fcber ein bestimmtes Thema zu<\/div>\n<div style=\"text-align: right;\">informieren, nutzen immer mehr Menschen ihren<\/div>\n<div style=\"text-align: right;\">Computer, statt zur Zeitschrift oder Zeitung zu<\/div>\n<div style=\"text-align: right;\">greifen. Ein Grund daf\u00fcr: Bequemlichkeit. Ein<\/div>\n<div style=\"text-align: right;\">kurzes Stichwort in die Suchmaschine getippt<\/div>\n<div style=\"text-align: right;\">und schon bekommt man geliefert, was man<\/div>\n<div style=\"text-align: right;\">haben will. W\u00e4hrend man sich also online leicht<\/div>\n<div style=\"text-align: right;\">durch verschiedene Artikel zu einem Thema<\/div>\n<div style=\"text-align: right;\">klicken kann, gestaltet sich die Suche nach dem<\/div>\n<div style=\"text-align: right;\">Wunschthema in Printmedien schwierig. Hat man<\/div>\n<div style=\"text-align: right;\">den Weg zum n\u00e4chsten Zeitungskiosk geschafft,<\/div>\n<div style=\"text-align: right;\">muss in Inhaltsverzeichnissen gest\u00f6bert werden.<\/div>\n<h2><\/h2>\n<h2><span style=\"color: #008000;\">6<\/span><br \/>\n<span style=\"color: #008000;\"> Print ist beschr\u00e4nkt<\/span><\/h2>\n<p>Was auf den ersten Blick wie ein<br \/>\nNachteil wirkt, ist tats\u00e4chlich ein Vorteil<br \/>\nvon Printmedien. Die Aufgabe von<br \/>\nZeitschriften ist es, Inhalte auszuw\u00e4hlen<br \/>\nund f\u00fcr den Leser einzuordnen. Daraus<br \/>\nentsteht ein vielseitiger, reflektierter<br \/>\nBlick auf bestimmte Themen. Wer einer<br \/>\nZeitschrift als Quelle vertraut, erh\u00e4lt<br \/>\nso eine n\u00fctzliche Selektion relevanter<br \/>\nInformationen.<\/p>\n<h2 style=\"text-align: right;\"><span style=\"color: #ff0000;\">6<br \/>\n<\/span><span style=\"color: #ff0000;\">Multimedia ist unm\u00f6glich<\/span><\/h2>\n<div style=\"text-align: right;\">Um m\u00f6glichst viel Unterhaltung<\/div>\n<div style=\"text-align: right;\">zu bieten, setzen Online-Magazine<\/div>\n<div style=\"text-align: right;\">verschiedene Medienkan\u00e4le ein. So<\/div>\n<div style=\"text-align: right;\">werden beispielsweise Videos oder<\/div>\n<div style=\"text-align: right;\">Bildergalerien zur Veranschaulichung<\/div>\n<div style=\"text-align: right;\">eingebunden. Auch Tests und Umfragen<\/div>\n<div style=\"text-align: right;\">lassen sich online besser und direkter<\/div>\n<div style=\"text-align: right;\">auswerten. Print kann hingegen nur mit<\/div>\n<div style=\"text-align: right;\">Bildern und Texten dienen.<\/div>\n<p>&nbsp;<\/p>\n<p>&nbsp;<\/p>\n<p>Wie sieht die Zukunft von Print aus? F\u00fcr viele ist die Antwort \u00fcberraschend:<br \/>\nPrint w\u00e4chst!<\/p>\n<p>Der\u00a0Grund hierf\u00fcr ist simpel: Gedrucktes kommt bei den Leuten an. Trotzdem l\u00e4sst sich der praktische\u00a0Nutzen von Online-Plattformen nicht leugnen. Auch unser Magazin ist auf dem Blog unseres\u00a0Studiengangs und bei Facebook vertreten:<br \/>\n<a href=\"http:\/\/wmk-blog.de\" rel=\"noopener\" target=\"_blank\">wmk-blog.de<\/a> und <a href=\"http:\/\/facebook.com\/printerestredaktion\" rel=\"noopener\" target=\"_blank\">facebook.com\/printerestredaktion<\/a><\/p>\n<blockquote><p>Wie entsteht eine Zeitschrift? Liest \u00fcberhaupt noch jemand Zeitschriften? Oder ist Print schon tot? Die 25 Studierenden der Lehrredaktion im Wintersemester 2015\/16 haben sich intensiv mit dem Thema Print auseinandergesetzt \u2013 indem sie selbst ein Printmagazin hergestellt haben und in ihren Beitr\u00e4gen verschiedene Aspekte beleuchtet haben von der Zeitschriftennutzung \u00fcber Nischenprodukte bis hin zu Umweltfragen. Eine Zeitschrift \u00fcber Zeitschriften also. Der Name \u201ePrinterest\u201c ist in Anlehnung an die Onlineplattform Pinterest entstanden, auf der Nutzer Bilder und Texte an eine virtuelle Pinnwand h\u00e4ngen k\u00f6nnen. Entsprechende gestalterische Elemente finden sind in unserer Zeitschrift wieder.<\/p>\n<p>Seminarleitung: <a href=\"http:\/\/www.geistsoz.kit.edu\/germanistik\/1320_1324.php\" target=\"_blank\" rel=\"noopener\">Cornelia Varwig<\/a>, <a href=\"http:\/\/www.geistsoz.kit.edu\/germanistik\/1320_1790.php\" target=\"_blank\" rel=\"noopener\">Nicolaz Groll<\/a><br \/>\nWintersemester 2015\/16<\/p><\/blockquote>\n<!-- The Grid Plugin Version 2.1.0 --><!-- The Grid Wrapper Start --><div class=\"tg-grid-wrapper tg-txt\" id=\"grid-1730\" data-version=\"2.1.0\"><!-- The Grid Styles --><style class=\"tg-grid-styles\" type=\"text\/css\" scoped>#grid-1730 .tg-nav-color:not(.dots):not(.tg-dropdown-value):not(.tg-dropdown-title):hover,#grid-1730 .tg-nav-color:hover .tg-nav-color,#grid-1730 .tg-page-number.tg-page-current,#grid-1730 .tg-filter.tg-filter-active span{color:#007bea}#grid-1730 .tg-filter:before,#grid-1730 .tg-filter.tg-filter-active:before{color:#000000}#grid-1730 .tg-dropdown-holder,#grid-1730 .tg-search-inner,#grid-1730 .tg-sorter-order{border:1px solid #AAAAAA}#grid-1730 .tg-search-clear,#grid-1730 .tg-search-clear:hover{border:none;border-left:1px solid #AAAAAA}.tg-txt .tg-nav-font,.tg-txt input[type=text].tg-search{font-size:14px;font-weight:600}.tg-txt .tg-search::-webkit-input-placeholder{font-size:14px}.tg-txt .tg-search::-moz-placeholder{font-size:14px}.tg-txt .tg-search:-ms-input-placeholder{font-size:14px}.tg-txt .tg-icon-left-arrow:before{content:\"\\e604\";font-size:32px;font-weight:100}.tg-txt .tg-icon-right-arrow:before{content:\"\\e602\";font-size:32px;font-weight:100}.tg-txt .tg-icon-dropdown-open:before,.tg-txt .tg-icon-sorter-down:before{content:\"\\e60a\"}.tg-txt .tg-icon-sorter-up:before{content:\"\\e609\"}.tg-txt .tg-search-clear:before{content:\"\\e611\";font-weight:300}.tg-txt .tg-search-icon:before{content:\"\\e62e\";font-size:16px;font-weight:600}#grid-1730 .tg-nav-color,#grid-1730 .tg-search-icon:hover:before,#grid-1730 .tg-search-icon:hover input,#grid-1730 .tg-disabled:hover .tg-icon-left-arrow,#grid-1730 .tg-disabled:hover .tg-icon-right-arrow,#grid-1730 .tg-dropdown-title.tg-nav-color:hover{color:#000000}#grid-1730 input.tg-search:hover{color:#000000 !important}#grid-1730 input.tg-search::-webkit-input-placeholder{color:#000000}#grid-1730 input.tg-search::-moz-placeholder{color:#000000;opacity:1}#grid-1730 input.tg-search:-ms-input-placeholder{color:#000000}.grid-1730 .tg-dropdown-item{color:#777777;background:#ffffff}.grid-1730 .tg-filter-active,.grid-1730 .tg-dropdown-item:hover{color:#444444;background:#f5f6fa}#grid-1730 .tg-slider-bullets li.tg-active-item span{background:#59585b}#grid-1730 .tg-slider-bullets li span{background:#DDDDDD}.lome a,.lome a:active,.lome a:focus,.lome .tg-cats-holder,.lome .tg-item-title{text-decoration:none;border:none;-webkit-box-shadow:none;box-shadow:none;-webkit-transition:opacity 0.25s ease,color 0.25s ease,-webkit-transform 0.3s ease-in-out;-moz-transition:opacity 0.25s ease,color 0.25s ease,-moz-transform 0.3s ease-in-out;-ms-transition:opacity 0.25s ease,color 0.25s ease,-ms-transform 0.3s ease-in-out;-o-transition:opacity 0.25s ease,color 0.25s ease,-o-transform 0.3s ease-in-out;transition:opacity 0.25s ease,color 0.25s ease,transform 0.3s ease-in-out}.lome.tg-item{overflow:hidden}.lome .tg-center-holder{text-align:center}.lome .tg-item-content,.lome .tg-item-media-holder,.lome .tg-item-overlay{position:absolute;display:block;top:0;left:0;bottom:0;right:0}.lome:hover .tg-item-overlay{opacity:0.1}.lome .tg-item-content{margin:22px}.lome .tg-item-link{position:absolute;display:block;top:-500%;left:-22px;right:-22px;height:1000%}.lome .tg-item-title,.lome .tg-item-title a{position:relative;display:block;font-size:20px;line-height:26px;font-weight:600;margin:0 !important;padding:0 !important;text-transform:uppercase}.tg-layout-justified .lome .tg-item-title,.tg-layout-justified .lome .tg-item-title a{font-size:14px;line-height:18px}.lome .tg-item-title{margin:10px 0 0 0!important}.lome .tg-item-date{position:relative;display:block;font-size:14px;line-height:16px;margin:0;padding:0;font-style:italic}.tg-layout-justified .lome .tg-item-date{font-size:12px;line-height:16px}.lome .tg-media-button{position:absolute;display:block;bottom:0;right:0;width:20px;height:20px;cursor:pointer;text-align:center}.lome .tg-cats-holder a:hover,.lome .tg-media-button:hover{opacity:0.75}.lome .tg-media-button i{position:relative;display:block;width:20px;height:20px;font-size:18px;line-height:20px;cursor:pointer}.lome .tg-media-button .tg-icon-add{font-size:28px}.lome .mejs-overlay-play{display:none !important}.tg-item .tg-dark div,.tg-item .tg-dark h1,.tg-item .tg-dark h1 a,.tg-item .tg-dark h2,.tg-item .tg-dark h2 a,.tg-item .tg-dark h3,.tg-item .tg-dark h3 a,.tg-item .tg-dark h4,.tg-item .tg-dark h4 a,.tg-item .tg-dark h5,.tg-item .tg-dark h5 a,.tg-item .tg-dark h6,.tg-item .tg-dark h6 a,.tg-item .tg-dark a,.tg-item .tg-dark a.tg-link-url,.tg-item .tg-dark i,.tg-item .tg-dark .tg-media-button,.tg-item .tg-dark .tg-item-price span{color:#444444;fill:#444444;stroke:#444444;border-color:#444444}.tg-item .tg-dark p,.tg-item .tg-dark ol,.tg-item .tg-dark ul,.tg-item .tg-dark li{color:#777777;fill:#777777;stroke:#777777;border-color:#777777}.tg-item .tg-dark span,.tg-item .tg-dark .no-liked .to-heart-icon path,.tg-item .tg-dark .empty-heart .to-heart-icon path,.tg-item .tg-dark .tg-item-comment i,.tg-item .tg-dark .tg-item-price del span{color:#999999;fill:#999999;stroke:#999999;border-color:#999999}.tg-item .tg-light div,.tg-item .tg-light h1,.tg-item .tg-light h1 a,.tg-item .tg-light h2,.tg-item .tg-light h2 a,.tg-item .tg-light h3,.tg-item .tg-light h3 a,.tg-item .tg-light h4,.tg-item .tg-light h4 a,.tg-item .tg-light h5,.tg-item .tg-light h5 a,.tg-item .tg-light h6,.tg-item .tg-light h6 a,.tg-item .tg-light a,.tg-item .tg-light a.tg-link-url,.tg-item .tg-light i,.tg-item .tg-light .tg-media-button,.tg-item .tg-light .tg-item-price span{color:#ffffff;fill:#ffffff;stroke:#ffffff;border-color:#ffffff}.tg-item .tg-light p,.tg-item .tg-light ol,.tg-item .tg-light ul,.tg-item .tg-light li{color:#f6f6f6;fill:#f6f6f6;stroke:#f6f6f6;border-color:#f6f6f6}.tg-item .tg-light span,.tg-item .tg-light .no-liked .to-heart-icon path,.tg-item .tg-light .empty-heart .to-heart-icon path,.tg-item .tg-light .tg-item-comment i,.tg-item .tg-light .tg-item-price del span{color:#f5f5f5;fill:#f5f5f5;stroke:#f5f5f5;border-color:#f5f5f5}#grid-1730 .tg-item-content-holder{background-color:#0a0a0a}#grid-1730 .tg-item-overlay{background-color:rgba(170,10,230,0.7)}.lome .tg-item-date{display:none}.tg-layout-justified .lome .tg-item-title,.tg-layout-justified .lome .tg-item-title a{letter-spacing:0.75px;font-size:16px;line-height:1.5;text-transform:none;font-weight:300}.tg-filter-name{padding:0px 5px 0px 10px}.tg-txt .tg-nav-font{text-transform:none;font-size:28px;font-weight:300;line-height:1.5}.flex-control-nav{bottom:-10px}.flex-control-nav a{display:block;width:10px;height:10px;background-color:#000000;border-radius:10em;opacity:0.4;-webkit-transition:opacity 0.3s ease;transition:opacity 0.3s ease}<\/style><!-- The Grid Item Sizer --><div class=\"tg-grid-sizer\"><\/div><!-- The Grid Gutter Sizer --><div class=\"tg-gutter-sizer\"><\/div><!-- The Grid Items Holder --><div class=\"tg-grid-holder tg-layout-justified\"  data-name=\"menu-printerest\"  data-style=\"justified\" data-row=\"1\" data-layout=\"vertical\" data-rtl=\"\" data-fitrows=\"\" data-filtercomb=\"\" data-filterlogic=\"AND\" data-filterload =\".f21\" data-sortbyload =\"\" data-orderload =\"true\" data-fullwidth=\"\" data-fullheight=\"null\" data-gutters=\"[[320,15],[480,10],[768,10],[980,10],[1280,10],[9999,10]]\" data-slider='{\"itemNav\":\"null\",\"swingSpeed\":0.1,\"cycleBy\":\"null\",\"cycle\":5000,\"startAt\":1}' data-ratio=\"1.00\" data-cols=\"[[320,&quot;1&quot;],[480,&quot;2&quot;],[768,&quot;3&quot;],[980,&quot;4&quot;],[1280,&quot;4&quot;],[9999,&quot;4&quot;]]\" data-rows=\"[[320,300],[480,220],[768,220],[980,220],[1280,240],[9999,240]]\" data-animation=\"{&quot;name&quot;:&quot;Fade in&quot;,&quot;visible&quot;:&quot;&quot;,&quot;hidden&quot;:&quot;&quot;}\" data-transition=\"450ms\" data-ajaxmethod=\"\" data-ajaxdelay=\"100\" data-preloader=\"\" data-itemdelay=\"100\" data-gallery=\"1\" data-ajax=\"\"><!-- The Grid item #1 --><article class=\"tg-item tg-post-3081 lome f1\" data-row=\"1\" data-col=\"1\"><div class=\"tg-item-inner\"><div class=\"tg-item-media-holder tg-light\"><div class=\"tg-item-media-inner\"><img loading=\"lazy\" decoding=\"async\" class=\"tg-item-image\" alt=\"\" width=\"436\" height=\"436\" src=\"https:\/\/medienplattform.wmk-karlsruhe.de\/wmk-karlsruhe-de-medienplattform\/wp-content\/uploads\/medienplattform-hoerbuch.png\"><\/div><div class=\"tg-item-overlay\"><\/div><div class=\"tg-item-content\"><div class=\"tg-center-holder\"><div class=\"tg-center-inner\"><a class=\"tg-item-link\" href=\"https:\/\/medienplattform.wmk-karlsruhe.de\/wmk-karlsruhe-de-medienplattform\/digitale-medienpraxis-familienhoerbuch-ggmbh\/\" target=\"_self\"><\/a><span class=\"tg-item-date\">13. Juni 2023<\/span><h2 class=\"tg-item-title\"><a href=\"https:\/\/medienplattform.wmk-karlsruhe.de\/wmk-karlsruhe-de-medienplattform\/digitale-medienpraxis-familienhoerbuch-ggmbh\/\" target=\"_self\">Digitale Medienpraxis Familienh\u00f6rbuch gGmbH<\/a><\/h2><\/div><\/div><\/div><\/div><\/div><\/article><!-- The Grid item #2 --><article class=\"tg-item tg-post-3077 lome f62\" data-row=\"1\" data-col=\"1\"><div class=\"tg-item-inner\"><div class=\"tg-item-media-holder tg-light\"><div class=\"tg-item-media-inner\"><img loading=\"lazy\" decoding=\"async\" class=\"tg-item-image\" alt=\"\" width=\"500\" height=\"500\" src=\"https:\/\/medienplattform.wmk-karlsruhe.de\/wmk-karlsruhe-de-medienplattform\/wp-content\/uploads\/software02-500x500.jpg\"><\/div><div class=\"tg-item-overlay\" style=\"background-color:rgba(0,100,224,0.8)\"><\/div><div class=\"tg-item-content\"><div class=\"tg-center-holder\"><div class=\"tg-center-inner\"><a class=\"tg-item-link\" href=\"https:\/\/podcasters.spotify.com\/pod\/show\/softwarekatastrophen\/episodes\/E-Mails-Not-Safe-For-Work-e1v2hs3\/a-a9bift8\" target=\"_blank\"><\/a><span class=\"tg-item-date\">16. M\u00e4rz 2023<\/span><h2 class=\"tg-item-title\"><a href=\"https:\/\/podcasters.spotify.com\/pod\/show\/softwarekatastrophen\/episodes\/E-Mails-Not-Safe-For-Work-e1v2hs3\/a-a9bift8\" target=\"_blank\">E-Mails: Not Safe For Work?<\/a><\/h2><\/div><\/div><\/div><\/div><\/div><\/article><!-- The Grid item #3 --><article class=\"tg-item tg-post-3063 lome f65\" data-row=\"1\" data-col=\"1\"><div class=\"tg-item-inner\"><div class=\"tg-item-media-holder tg-light\"><div class=\"tg-item-media-inner\"><img loading=\"lazy\" decoding=\"async\" class=\"tg-item-image\" alt=\"\" width=\"500\" height=\"500\" src=\"https:\/\/medienplattform.wmk-karlsruhe.de\/wmk-karlsruhe-de-medienplattform\/wp-content\/uploads\/J1001989-500x500.jpg\"><\/div><div class=\"tg-item-overlay\"><\/div><div class=\"tg-item-content\"><div class=\"tg-center-holder\"><div class=\"tg-center-inner\"><a class=\"tg-item-link\" href=\"https:\/\/blogs.helmholtz.de\/beamon\/2022\/04\/interview-auf-den-spuren-exotischer-atome\/\" target=\"_self\"><\/a><span class=\"tg-item-date\">12. Januar 2023<\/span><h2 class=\"tg-item-title\"><a href=\"https:\/\/blogs.helmholtz.de\/beamon\/2022\/04\/interview-auf-den-spuren-exotischer-atome\/\" target=\"_self\">Testbeitrag<\/a><\/h2><\/div><\/div><\/div><\/div><\/div><\/article><!-- The Grid item #4 --><article class=\"tg-item tg-post-3012 lome f62\" data-row=\"1\" data-col=\"1\"><div class=\"tg-item-inner\"><div class=\"tg-item-media-holder tg-light\"><div class=\"tg-item-media-inner\"><img loading=\"lazy\" decoding=\"async\" class=\"tg-item-image\" alt=\"\" width=\"500\" height=\"500\" src=\"https:\/\/medienplattform.wmk-karlsruhe.de\/wmk-karlsruhe-de-medienplattform\/wp-content\/uploads\/software02-500x500.jpg\"><\/div><div class=\"tg-item-overlay\" style=\"background-color:rgba(0,100,224,0.8)\"><\/div><div class=\"tg-item-content\"><div class=\"tg-center-holder\"><div class=\"tg-center-inner\"><a class=\"tg-item-link\" href=\"https:\/\/anchor.fm\/softwarekatastrophen\/episodes\/Sabotage-als-Weg-zur-Gerechtigkeit-e1sb7rm\" target=\"_blank\"><\/a><span class=\"tg-item-date\">27. Dezember 2022<\/span><h2 class=\"tg-item-title\"><a href=\"https:\/\/anchor.fm\/softwarekatastrophen\/episodes\/Sabotage-als-Weg-zur-Gerechtigkeit-e1sb7rm\" target=\"_blank\">Sabotage als Weg zur Gerechtigkeit?<\/a><\/h2><\/div><\/div><\/div><\/div><\/div><\/article><!-- The Grid item #5 --><article class=\"tg-item tg-post-3010 lome f62\" data-row=\"1\" data-col=\"1\"><div class=\"tg-item-inner\"><div class=\"tg-item-media-holder tg-light\"><div class=\"tg-item-media-inner\"><img loading=\"lazy\" decoding=\"async\" class=\"tg-item-image\" alt=\"\" width=\"500\" height=\"500\" src=\"https:\/\/medienplattform.wmk-karlsruhe.de\/wmk-karlsruhe-de-medienplattform\/wp-content\/uploads\/software02-500x500.jpg\"><\/div><div class=\"tg-item-overlay\" style=\"background-color:rgba(0,100,224,0.8)\"><\/div><div class=\"tg-item-content\"><div class=\"tg-center-holder\"><div class=\"tg-center-inner\"><a class=\"tg-item-link\" href=\"https:\/\/anchor.fm\/softwarekatastrophen\/episodes\/Katastrophales-Vergessen-e1pipf5\" target=\"_blank\"><\/a><span class=\"tg-item-date\">27. Dezember 2022<\/span><h2 class=\"tg-item-title\"><a href=\"https:\/\/anchor.fm\/softwarekatastrophen\/episodes\/Katastrophales-Vergessen-e1pipf5\" target=\"_blank\">Katastrophales Vergessen<\/a><\/h2><\/div><\/div><\/div><\/div><\/div><\/article><!-- The Grid item #6 --><article class=\"tg-item tg-post-3003 lome f62\" data-row=\"1\" data-col=\"1\"><div class=\"tg-item-inner\"><div class=\"tg-item-media-holder tg-light\"><div class=\"tg-item-media-inner\"><img loading=\"lazy\" decoding=\"async\" class=\"tg-item-image\" alt=\"\" width=\"500\" height=\"500\" src=\"https:\/\/medienplattform.wmk-karlsruhe.de\/wmk-karlsruhe-de-medienplattform\/wp-content\/uploads\/software02-500x500.jpg\"><\/div><div class=\"tg-item-overlay\" style=\"background-color:rgba(0,100,224,0.8)\"><\/div><div class=\"tg-item-content\"><div class=\"tg-center-holder\"><div class=\"tg-center-inner\"><a class=\"tg-item-link\" href=\"https:\/\/anchor.fm\/softwarekatastrophen\/episodes\/Lets-Go-Whaling-e1njdt3\/a-a8gid6c\" target=\"_blank\"><\/a><span class=\"tg-item-date\">19. Dezember 2022<\/span><h2 class=\"tg-item-title\"><a href=\"https:\/\/anchor.fm\/softwarekatastrophen\/episodes\/Lets-Go-Whaling-e1njdt3\/a-a8gid6c\" target=\"_blank\">Let\u2019s Go Whaling<\/a><\/h2><\/div><\/div><\/div><\/div><\/div><\/article><!-- The Grid item #7 --><article class=\"tg-item tg-post-2925 lome f62\" data-row=\"1\" data-col=\"1\"><div class=\"tg-item-inner\"><div class=\"tg-item-media-holder tg-light\"><div class=\"tg-item-media-inner\"><img loading=\"lazy\" decoding=\"async\" class=\"tg-item-image\" alt=\"\" width=\"500\" height=\"500\" src=\"https:\/\/medienplattform.wmk-karlsruhe.de\/wmk-karlsruhe-de-medienplattform\/wp-content\/uploads\/software02-500x500.jpg\"><\/div><div class=\"tg-item-overlay\"><\/div><div class=\"tg-item-content\"><div class=\"tg-center-holder\"><div class=\"tg-center-inner\"><a class=\"tg-item-link\" href=\"https:\/\/anchor.fm\/softwarekatastrophen\/episodes\/Drive-by-Wire--Mehr-Freiheit-beim-Fahren-eivd3e\" target=\"_blank\"><\/a><span class=\"tg-item-date\">3. November 2020<\/span><h2 class=\"tg-item-title\"><a href=\"https:\/\/anchor.fm\/softwarekatastrophen\/episodes\/Drive-by-Wire--Mehr-Freiheit-beim-Fahren-eivd3e\" target=\"_blank\">Drive-by-Wire \u2013 Mehr Freiheit beim Fahren?<\/a><\/h2><\/div><\/div><\/div><\/div><\/div><\/article><!-- The Grid item #8 --><article class=\"tg-item tg-post-2923 lome f62\" data-row=\"1\" data-col=\"1\"><div class=\"tg-item-inner\"><div class=\"tg-item-media-holder tg-light\"><div class=\"tg-item-media-inner\"><img loading=\"lazy\" decoding=\"async\" class=\"tg-item-image\" alt=\"\" width=\"500\" height=\"500\" src=\"https:\/\/medienplattform.wmk-karlsruhe.de\/wmk-karlsruhe-de-medienplattform\/wp-content\/uploads\/software02-500x500.jpg\"><\/div><div class=\"tg-item-overlay\"><\/div><div class=\"tg-item-content\"><div class=\"tg-center-holder\"><div class=\"tg-center-inner\"><a class=\"tg-item-link\" href=\"https:\/\/anchor.fm\/softwarekatastrophen\/episodes\/Faktor-Mensch-ejbno3\" target=\"_blank\"><\/a><span class=\"tg-item-date\">3. November 2020<\/span><h2 class=\"tg-item-title\"><a href=\"https:\/\/anchor.fm\/softwarekatastrophen\/episodes\/Faktor-Mensch-ejbno3\" target=\"_blank\">Faktor Mensch<\/a><\/h2><\/div><\/div><\/div><\/div><\/div><\/article><!-- The Grid item #9 --><article class=\"tg-item tg-post-2921 lome f62\" data-row=\"1\" data-col=\"1\"><div class=\"tg-item-inner\"><div class=\"tg-item-media-holder tg-light\"><div class=\"tg-item-media-inner\"><img loading=\"lazy\" decoding=\"async\" class=\"tg-item-image\" alt=\"\" width=\"500\" height=\"500\" src=\"https:\/\/medienplattform.wmk-karlsruhe.de\/wmk-karlsruhe-de-medienplattform\/wp-content\/uploads\/software02-500x500.jpg\"><\/div><div class=\"tg-item-overlay\"><\/div><div class=\"tg-item-content\"><div class=\"tg-center-holder\"><div class=\"tg-center-inner\"><a class=\"tg-item-link\" href=\"https:\/\/anchor.fm\/softwarekatastrophen\/episodes\/Wie-die-Software-dem-Piloten-zum-Verhngnis-wurde-ejnvn3\" target=\"_blank\"><\/a><span class=\"tg-item-date\">3. November 2020<\/span><h2 class=\"tg-item-title\"><a href=\"https:\/\/anchor.fm\/softwarekatastrophen\/episodes\/Wie-die-Software-dem-Piloten-zum-Verhngnis-wurde-ejnvn3\" target=\"_blank\">Wie die Software dem Piloten zum Verh\u00e4ngnis wurde<\/a><\/h2><\/div><\/div><\/div><\/div><\/div><\/article><!-- The Grid item #10 --><article class=\"tg-item tg-post-2919 lome f62\" data-row=\"1\" data-col=\"1\"><div class=\"tg-item-inner\"><div class=\"tg-item-media-holder tg-light\"><div class=\"tg-item-media-inner\"><img loading=\"lazy\" decoding=\"async\" class=\"tg-item-image\" alt=\"\" width=\"500\" height=\"500\" src=\"https:\/\/medienplattform.wmk-karlsruhe.de\/wmk-karlsruhe-de-medienplattform\/wp-content\/uploads\/software02-500x500.jpg\"><\/div><div class=\"tg-item-overlay\"><\/div><div class=\"tg-item-content\"><div class=\"tg-center-holder\"><div class=\"tg-center-inner\"><a class=\"tg-item-link\" href=\"https:\/\/anchor.fm\/softwarekatastrophen\/episodes\/WLAN-immer-verbunden--nie-ganz-sicher-ek0hb0\" target=\"_blank\"><\/a><span class=\"tg-item-date\">3. November 2020<\/span><h2 class=\"tg-item-title\"><a href=\"https:\/\/anchor.fm\/softwarekatastrophen\/episodes\/WLAN-immer-verbunden--nie-ganz-sicher-ek0hb0\" target=\"_blank\">WLAN: immer verbunden, nie ganz sicher<\/a><\/h2><\/div><\/div><\/div><\/div><\/div><\/article><!-- The Grid item #11 --><article class=\"tg-item tg-post-2917 lome f62\" data-row=\"1\" data-col=\"1\"><div class=\"tg-item-inner\"><div class=\"tg-item-media-holder tg-light\"><div class=\"tg-item-media-inner\"><img loading=\"lazy\" decoding=\"async\" class=\"tg-item-image\" alt=\"\" width=\"500\" height=\"500\" src=\"https:\/\/medienplattform.wmk-karlsruhe.de\/wmk-karlsruhe-de-medienplattform\/wp-content\/uploads\/software02-500x500.jpg\"><\/div><div class=\"tg-item-overlay\"><\/div><div class=\"tg-item-content\"><div class=\"tg-center-holder\"><div class=\"tg-center-inner\"><a class=\"tg-item-link\" href=\"https:\/\/anchor.fm\/softwarekatastrophen\/episodes\/Kopf-oder-Zahl-ekg6kp\" target=\"_blank\"><\/a><span class=\"tg-item-date\">3. November 2020<\/span><h2 class=\"tg-item-title\"><a href=\"https:\/\/anchor.fm\/softwarekatastrophen\/episodes\/Kopf-oder-Zahl-ekg6kp\" target=\"_blank\">Kopf oder Zahl?<\/a><\/h2><\/div><\/div><\/div><\/div><\/div><\/article><!-- The Grid item #12 --><article class=\"tg-item tg-post-2914 lome f62\" data-row=\"1\" data-col=\"1\"><div class=\"tg-item-inner\"><div class=\"tg-item-media-holder tg-light\"><div class=\"tg-item-media-inner\"><img loading=\"lazy\" decoding=\"async\" class=\"tg-item-image\" alt=\"\" width=\"500\" height=\"500\" src=\"https:\/\/medienplattform.wmk-karlsruhe.de\/wmk-karlsruhe-de-medienplattform\/wp-content\/uploads\/software02-500x500.jpg\"><\/div><div class=\"tg-item-overlay\"><\/div><div class=\"tg-item-content\"><div class=\"tg-center-holder\"><div class=\"tg-center-inner\"><a class=\"tg-item-link\" href=\"https:\/\/anchor.fm\/softwarekatastrophen\/episodes\/Heartbleed--Wenn-der-Server-Daten-blutet-ekmh87\" target=\"_blank\"><\/a><span class=\"tg-item-date\">3. November 2020<\/span><h2 class=\"tg-item-title\"><a href=\"https:\/\/anchor.fm\/softwarekatastrophen\/episodes\/Heartbleed--Wenn-der-Server-Daten-blutet-ekmh87\" target=\"_blank\">Heartbleed \u2013 Wenn der Server Daten blutet<\/a><\/h2><\/div><\/div><\/div><\/div><\/div><\/article><!-- The Grid item #13 --><article class=\"tg-item tg-post-2906 lome f62\" data-row=\"1\" data-col=\"1\"><div class=\"tg-item-inner\"><div class=\"tg-item-media-holder tg-light\"><div class=\"tg-item-media-inner\"><img loading=\"lazy\" decoding=\"async\" class=\"tg-item-image\" alt=\"\" width=\"500\" height=\"500\" src=\"https:\/\/medienplattform.wmk-karlsruhe.de\/wmk-karlsruhe-de-medienplattform\/wp-content\/uploads\/software02-500x500.jpg\"><\/div><div class=\"tg-item-overlay\"><\/div><div class=\"tg-item-content\"><div class=\"tg-center-holder\"><div class=\"tg-center-inner\"><a class=\"tg-item-link\" href=\"https:\/\/anchor.fm\/softwarekatastrophen\/episodes\/Flschen--Lokalisieren--Blockieren--Mitlesen-el6ff8\" target=\"_blank\"><\/a><span class=\"tg-item-date\">3. November 2020<\/span><h2 class=\"tg-item-title\"><a href=\"https:\/\/anchor.fm\/softwarekatastrophen\/episodes\/Flschen--Lokalisieren--Blockieren--Mitlesen-el6ff8\" target=\"_blank\">F\u00e4lschen, Lokalisieren, Blockieren, Mitlesen<\/a><\/h2><\/div><\/div><\/div><\/div><\/div><\/article><!-- The Grid item #14 --><article class=\"tg-item tg-post-2904 lome f62\" data-row=\"1\" data-col=\"1\"><div class=\"tg-item-inner\"><div class=\"tg-item-media-holder tg-light\"><div class=\"tg-item-media-inner\"><img loading=\"lazy\" decoding=\"async\" class=\"tg-item-image\" alt=\"\" width=\"500\" height=\"500\" src=\"https:\/\/medienplattform.wmk-karlsruhe.de\/wmk-karlsruhe-de-medienplattform\/wp-content\/uploads\/software02-500x500.jpg\"><\/div><div class=\"tg-item-overlay\"><\/div><div class=\"tg-item-content\"><div class=\"tg-center-holder\"><div class=\"tg-center-inner\"><a class=\"tg-item-link\" href=\"https:\/\/anchor.fm\/softwarekatastrophen\/episodes\/Vorsprung-durch-berwachungs-Technik-elmh45\" target=\"_blank\"><\/a><span class=\"tg-item-date\">3. November 2020<\/span><h2 class=\"tg-item-title\"><a href=\"https:\/\/anchor.fm\/softwarekatastrophen\/episodes\/Vorsprung-durch-berwachungs-Technik-elmh45\" target=\"_blank\">Vorsprung durch (\u00dcberwachungs-)Technik?<\/a><\/h2><\/div><\/div><\/div><\/div><\/div><\/article><!-- The Grid item #15 --><article class=\"tg-item tg-post-2902 lome f62\" data-row=\"1\" data-col=\"1\"><div class=\"tg-item-inner\"><div class=\"tg-item-media-holder tg-light\"><div class=\"tg-item-media-inner\"><img loading=\"lazy\" decoding=\"async\" class=\"tg-item-image\" alt=\"\" width=\"500\" height=\"500\" src=\"https:\/\/medienplattform.wmk-karlsruhe.de\/wmk-karlsruhe-de-medienplattform\/wp-content\/uploads\/software02-500x500.jpg\"><\/div><div class=\"tg-item-overlay\"><\/div><div class=\"tg-item-content\"><div class=\"tg-center-holder\"><div class=\"tg-center-inner\"><a class=\"tg-item-link\" href=\"https:\/\/anchor.fm\/softwarekatastrophen\/episodes\/Mailverschlsselung-is-key--oder-nicht-elmil2\" target=\"_blank\"><\/a><span class=\"tg-item-date\">3. November 2020<\/span><h2 class=\"tg-item-title\"><a href=\"https:\/\/anchor.fm\/softwarekatastrophen\/episodes\/Mailverschlsselung-is-key--oder-nicht-elmil2\" target=\"_blank\">Mailverschl\u00fcsselung is key \u2013 oder nicht?<\/a><\/h2><\/div><\/div><\/div><\/div><\/div><\/article><!-- The Grid item #16 --><article class=\"tg-item tg-post-2893 lome f61\" data-row=\"1\" data-col=\"1\"><div class=\"tg-item-inner\"><div class=\"tg-item-media-holder tg-light\"><div class=\"tg-item-media-inner\"><img loading=\"lazy\" decoding=\"async\" class=\"tg-item-image\" alt=\"\" width=\"500\" height=\"500\" src=\"https:\/\/medienplattform.wmk-karlsruhe.de\/wmk-karlsruhe-de-medienplattform\/wp-content\/uploads\/qz_podcast_cover_20200107_720-500x500.jpg\"><\/div><div class=\"tg-item-overlay\"><\/div><div class=\"tg-item-content\"><div class=\"tg-center-holder\"><div class=\"tg-center-inner\"><a class=\"tg-item-link\" href=\"https:\/\/anchor.fm\/labor-zukunft\/episodes\/Quartier-Zukunft-und-Nachhaltigkeit-eafan0\" target=\"_blank\"><\/a><span class=\"tg-item-date\">16. September 2020<\/span><h2 class=\"tg-item-title\"><a href=\"https:\/\/anchor.fm\/labor-zukunft\/episodes\/Quartier-Zukunft-und-Nachhaltigkeit-eafan0\" target=\"_blank\">Quartier Zukunft und Nachhaltigkeit<\/a><\/h2><\/div><\/div><\/div><\/div><\/div><\/article><!-- The Grid item #17 --><article class=\"tg-item tg-post-2891 lome f61\" data-row=\"1\" data-col=\"1\"><div class=\"tg-item-inner\"><div class=\"tg-item-media-holder tg-light\"><div class=\"tg-item-media-inner\"><img loading=\"lazy\" decoding=\"async\" class=\"tg-item-image\" alt=\"\" width=\"500\" height=\"500\" src=\"https:\/\/medienplattform.wmk-karlsruhe.de\/wmk-karlsruhe-de-medienplattform\/wp-content\/uploads\/qz_podcast_cover_20200107_720-500x500.jpg\"><\/div><div class=\"tg-item-overlay\"><\/div><div class=\"tg-item-content\"><div class=\"tg-center-holder\"><div class=\"tg-center-inner\"><a class=\"tg-item-link\" href=\"https:\/\/anchor.fm\/labor-zukunft\/episodes\/Nachhaltigkeit-Konzept-fr-ein-besseres-Morgen-eeph0j\" target=\"_blank\"><\/a><span class=\"tg-item-date\">16. September 2020<\/span><h2 class=\"tg-item-title\"><a href=\"https:\/\/anchor.fm\/labor-zukunft\/episodes\/Nachhaltigkeit-Konzept-fr-ein-besseres-Morgen-eeph0j\" target=\"_blank\">Nachhaltigkeit: Konzept f\u00fcr ein besseres Morgen<\/a><\/h2><\/div><\/div><\/div><\/div><\/div><\/article><!-- The Grid item #18 --><article class=\"tg-item tg-post-2889 lome f61\" data-row=\"1\" data-col=\"1\"><div class=\"tg-item-inner\"><div class=\"tg-item-media-holder tg-light\"><div class=\"tg-item-media-inner\"><img loading=\"lazy\" decoding=\"async\" class=\"tg-item-image\" alt=\"\" width=\"500\" height=\"500\" src=\"https:\/\/medienplattform.wmk-karlsruhe.de\/wmk-karlsruhe-de-medienplattform\/wp-content\/uploads\/qz_podcast_cover_20200107_720-500x500.jpg\"><\/div><div class=\"tg-item-overlay\"><\/div><div class=\"tg-item-content\"><div class=\"tg-center-holder\"><div class=\"tg-center-inner\"><a class=\"tg-item-link\" href=\"https:\/\/anchor.fm\/labor-zukunft\/episodes\/Energiewende-fr-alle-eg2vdv\" target=\"_blank\"><\/a><span class=\"tg-item-date\">16. September 2020<\/span><h2 class=\"tg-item-title\"><a href=\"https:\/\/anchor.fm\/labor-zukunft\/episodes\/Energiewende-fr-alle-eg2vdv\" target=\"_blank\">Energiewende f\u00fcr alle!<\/a><\/h2><\/div><\/div><\/div><\/div><\/div><\/article><!-- The Grid item #19 --><article class=\"tg-item tg-post-2887 lome f61\" data-row=\"1\" data-col=\"1\"><div class=\"tg-item-inner\"><div class=\"tg-item-media-holder tg-light\"><div class=\"tg-item-media-inner\"><img loading=\"lazy\" decoding=\"async\" class=\"tg-item-image\" alt=\"\" width=\"500\" height=\"500\" src=\"https:\/\/medienplattform.wmk-karlsruhe.de\/wmk-karlsruhe-de-medienplattform\/wp-content\/uploads\/qz_podcast_cover_20200107_720-500x500.jpg\"><\/div><div class=\"tg-item-overlay\"><\/div><div class=\"tg-item-content\"><div class=\"tg-center-holder\"><div class=\"tg-center-inner\"><a class=\"tg-item-link\" href=\"https:\/\/anchor.fm\/labor-zukunft\/episodes\/Reallabore-fr-eine-nachhaltigere-Zukunft-ehbkfm\" target=\"_blank\"><\/a><span class=\"tg-item-date\">16. September 2020<\/span><h2 class=\"tg-item-title\"><a href=\"https:\/\/anchor.fm\/labor-zukunft\/episodes\/Reallabore-fr-eine-nachhaltigere-Zukunft-ehbkfm\" target=\"_blank\">Reallabore f\u00fcr eine nachhaltigere Zukunft<\/a><\/h2><\/div><\/div><\/div><\/div><\/div><\/article><!-- The Grid item #20 --><article class=\"tg-item tg-post-2748 lome f60\" data-row=\"1\" data-col=\"1\"><div class=\"tg-item-inner\"><div class=\"tg-item-media-holder tg-light\"><div class=\"tg-item-media-inner\"><img loading=\"lazy\" decoding=\"async\" class=\"tg-item-image\" alt=\"\" width=\"500\" height=\"500\" src=\"https:\/\/medienplattform.wmk-karlsruhe.de\/wmk-karlsruhe-de-medienplattform\/wp-content\/uploads\/Dr.-Andreas-Sch\u00e4fer-500x500.jpeg\"><\/div><div class=\"tg-item-overlay\"><\/div><div class=\"tg-item-content\"><div class=\"tg-center-holder\"><div class=\"tg-center-inner\"><a class=\"tg-item-link\" href=\"https:\/\/medienplattform.wmk-karlsruhe.de\/wmk-karlsruhe-de-medienplattform\/wissenschaft-liefert-loesungen\/\" target=\"_self\"><\/a><span class=\"tg-item-date\">11. September 2019<\/span><h2 class=\"tg-item-title\"><a href=\"https:\/\/medienplattform.wmk-karlsruhe.de\/wmk-karlsruhe-de-medienplattform\/wissenschaft-liefert-loesungen\/\" target=\"_self\">Wissenschaft liefert L\u00f6sungen<\/a><\/h2><\/div><\/div><\/div><\/div><\/div><\/article><!-- The Grid item #21 --><article class=\"tg-item tg-post-2746 lome f60\" data-row=\"1\" data-col=\"1\"><div class=\"tg-item-inner\"><div class=\"tg-item-media-holder tg-light\"><div class=\"tg-item-media-inner\"><img loading=\"lazy\" decoding=\"async\" class=\"tg-item-image\" alt=\"\" width=\"500\" height=\"500\" src=\"https:\/\/medienplattform.wmk-karlsruhe.de\/wmk-karlsruhe-de-medienplattform\/wp-content\/uploads\/Bild-500x500.jpg\"><\/div><div class=\"tg-item-overlay\"><\/div><div class=\"tg-item-content\"><div class=\"tg-center-holder\"><div class=\"tg-center-inner\"><a class=\"tg-item-link\" href=\"https:\/\/medienplattform.wmk-karlsruhe.de\/wmk-karlsruhe-de-medienplattform\/hitzeschlacht-im-schlafzimmer\/\" target=\"_self\"><\/a><span class=\"tg-item-date\">11. September 2019<\/span><h2 class=\"tg-item-title\"><a href=\"https:\/\/medienplattform.wmk-karlsruhe.de\/wmk-karlsruhe-de-medienplattform\/hitzeschlacht-im-schlafzimmer\/\" target=\"_self\">Hitzeschlacht im Schlafzimmer<\/a><\/h2><\/div><\/div><\/div><\/div><\/div><\/article><!-- The Grid item #22 --><article class=\"tg-item tg-post-2744 lome f60\" data-row=\"1\" data-col=\"1\"><div class=\"tg-item-inner\"><div class=\"tg-item-media-holder tg-light\"><div class=\"tg-item-media-inner\"><img loading=\"lazy\" decoding=\"async\" class=\"tg-item-image\" alt=\"\" width=\"500\" height=\"500\" src=\"https:\/\/medienplattform.wmk-karlsruhe.de\/wmk-karlsruhe-de-medienplattform\/wp-content\/uploads\/Vertikale-Begr\u00fcnung-Paris-500x500.jpg\"><\/div><div class=\"tg-item-overlay\"><\/div><div class=\"tg-item-content\"><div class=\"tg-center-holder\"><div class=\"tg-center-inner\"><a class=\"tg-item-link\" href=\"https:\/\/medienplattform.wmk-karlsruhe.de\/wmk-karlsruhe-de-medienplattform\/noch-luft-nach-oben\/\" target=\"_self\"><\/a><span class=\"tg-item-date\">11. September 2019<\/span><h2 class=\"tg-item-title\"><a href=\"https:\/\/medienplattform.wmk-karlsruhe.de\/wmk-karlsruhe-de-medienplattform\/noch-luft-nach-oben\/\" target=\"_self\">Noch Luft nach oben<\/a><\/h2><\/div><\/div><\/div><\/div><\/div><\/article><!-- The Grid item #23 --><article class=\"tg-item tg-post-2742 lome f60\" data-row=\"1\" data-col=\"1\"><div class=\"tg-item-inner\"><div class=\"tg-item-media-holder tg-light\"><div class=\"tg-item-media-inner\"><img loading=\"lazy\" decoding=\"async\" class=\"tg-item-image\" alt=\"\" width=\"500\" height=\"500\" src=\"https:\/\/medienplattform.wmk-karlsruhe.de\/wmk-karlsruhe-de-medienplattform\/wp-content\/uploads\/sophienstra\u00dfe-500x500.jpg\"><\/div><div class=\"tg-item-overlay\"><\/div><div class=\"tg-item-content\"><div class=\"tg-center-holder\"><div class=\"tg-center-inner\"><a class=\"tg-item-link\" href=\"https:\/\/medienplattform.wmk-karlsruhe.de\/wmk-karlsruhe-de-medienplattform\/karlsruher-stadtplanung\/\" target=\"_self\"><\/a><span class=\"tg-item-date\">11. September 2019<\/span><h2 class=\"tg-item-title\"><a href=\"https:\/\/medienplattform.wmk-karlsruhe.de\/wmk-karlsruhe-de-medienplattform\/karlsruher-stadtplanung\/\" target=\"_self\">Karlsruher Stadtplanung<\/a><\/h2><\/div><\/div><\/div><\/div><\/div><\/article><!-- The Grid item #24 --><article class=\"tg-item tg-post-2740 lome f60\" data-row=\"1\" data-col=\"1\"><div class=\"tg-item-inner\"><div class=\"tg-item-media-holder tg-light\"><div class=\"tg-item-media-inner\"><img loading=\"lazy\" decoding=\"async\" class=\"tg-item-image\" alt=\"\" width=\"500\" height=\"500\" src=\"https:\/\/medienplattform.wmk-karlsruhe.de\/wmk-karlsruhe-de-medienplattform\/wp-content\/uploads\/Kalikokrebs-Adam-Schnabler-500x500.jpg\"><\/div><div class=\"tg-item-overlay\"><\/div><div class=\"tg-item-content\"><div class=\"tg-center-holder\"><div class=\"tg-center-inner\"><a class=\"tg-item-link\" href=\"https:\/\/medienplattform.wmk-karlsruhe.de\/wmk-karlsruhe-de-medienplattform\/aggressiv-schnell-und-fremd\/\" target=\"_self\"><\/a><span class=\"tg-item-date\">11. September 2019<\/span><h2 class=\"tg-item-title\"><a href=\"https:\/\/medienplattform.wmk-karlsruhe.de\/wmk-karlsruhe-de-medienplattform\/aggressiv-schnell-und-fremd\/\" target=\"_self\">Aggressiv, schnell und fremd<\/a><\/h2><\/div><\/div><\/div><\/div><\/div><\/article><!-- The Grid item #25 --><article class=\"tg-item tg-post-2738 lome f60\" data-row=\"1\" data-col=\"1\"><div class=\"tg-item-inner\"><div class=\"tg-item-media-holder tg-light\"><div class=\"tg-item-media-inner\"><img loading=\"lazy\" decoding=\"async\" class=\"tg-item-image\" alt=\"\" width=\"500\" height=\"500\" src=\"https:\/\/medienplattform.wmk-karlsruhe.de\/wmk-karlsruhe-de-medienplattform\/wp-content\/uploads\/42583894725_5ed325ba93_o-500x500.jpg\"><\/div><div class=\"tg-item-overlay\"><\/div><div class=\"tg-item-content\"><div class=\"tg-center-holder\"><div class=\"tg-center-inner\"><a class=\"tg-item-link\" href=\"https:\/\/medienplattform.wmk-karlsruhe.de\/wmk-karlsruhe-de-medienplattform\/schwindende-fluesse\/\" target=\"_self\"><\/a><span class=\"tg-item-date\">11. September 2019<\/span><h2 class=\"tg-item-title\"><a href=\"https:\/\/medienplattform.wmk-karlsruhe.de\/wmk-karlsruhe-de-medienplattform\/schwindende-fluesse\/\" target=\"_self\">Schwindende Fl\u00fcsse<\/a><\/h2><\/div><\/div><\/div><\/div><\/div><\/article><!-- The Grid item #26 --><article class=\"tg-item tg-post-2736 lome f60\" data-row=\"1\" data-col=\"1\"><div class=\"tg-item-inner\"><div class=\"tg-item-media-holder tg-light\"><div class=\"tg-item-media-inner\"><img loading=\"lazy\" decoding=\"async\" class=\"tg-item-image\" alt=\"\" width=\"500\" height=\"500\" src=\"https:\/\/medienplattform.wmk-karlsruhe.de\/wmk-karlsruhe-de-medienplattform\/wp-content\/uploads\/IMG_4913-500x500.jpg\"><\/div><div class=\"tg-item-overlay\"><\/div><div class=\"tg-item-content\"><div class=\"tg-center-holder\"><div class=\"tg-center-inner\"><a class=\"tg-item-link\" href=\"https:\/\/medienplattform.wmk-karlsruhe.de\/wmk-karlsruhe-de-medienplattform\/herausforderung-hochwasser\/\" target=\"_self\"><\/a><span class=\"tg-item-date\">11. September 2019<\/span><h2 class=\"tg-item-title\"><a href=\"https:\/\/medienplattform.wmk-karlsruhe.de\/wmk-karlsruhe-de-medienplattform\/herausforderung-hochwasser\/\" target=\"_self\">Herausforderung Hochwasser<\/a><\/h2><\/div><\/div><\/div><\/div><\/div><\/article><!-- The Grid item #27 --><article class=\"tg-item tg-post-2732 lome f60\" data-row=\"1\" data-col=\"1\"><div class=\"tg-item-inner\"><div class=\"tg-item-media-holder tg-light\"><div class=\"tg-item-media-inner\"><img loading=\"lazy\" decoding=\"async\" class=\"tg-item-image\" alt=\"\" width=\"500\" height=\"500\" src=\"https:\/\/medienplattform.wmk-karlsruhe.de\/wmk-karlsruhe-de-medienplattform\/wp-content\/uploads\/IMG_1462-500x500.jpg\"><\/div><div class=\"tg-item-overlay\"><\/div><div class=\"tg-item-content\"><div class=\"tg-center-holder\"><div class=\"tg-center-inner\"><a class=\"tg-item-link\" href=\"https:\/\/medienplattform.wmk-karlsruhe.de\/wmk-karlsruhe-de-medienplattform\/starkregen\/\" target=\"_self\"><\/a><span class=\"tg-item-date\">5. September 2019<\/span><h2 class=\"tg-item-title\"><a href=\"https:\/\/medienplattform.wmk-karlsruhe.de\/wmk-karlsruhe-de-medienplattform\/starkregen\/\" target=\"_self\">Starkregen<\/a><\/h2><\/div><\/div><\/div><\/div><\/div><\/article><!-- The Grid item #28 --><article class=\"tg-item tg-post-2662 lome f59\" data-row=\"1\" data-col=\"1\"><div class=\"tg-item-inner\"><div class=\"tg-item-media-holder tg-light\"><div class=\"tg-item-media-inner\"><img loading=\"lazy\" decoding=\"async\" class=\"tg-item-image\" alt=\"\" width=\"500\" height=\"500\" src=\"https:\/\/medienplattform.wmk-karlsruhe.de\/wmk-karlsruhe-de-medienplattform\/wp-content\/uploads\/campusgefl\u00fcster11-1024x683-e1695821999576-500x500.jpg\"><\/div><div class=\"tg-item-overlay\"><\/div><div class=\"tg-item-content\"><div class=\"tg-center-holder\"><div class=\"tg-center-inner\"><a class=\"tg-item-link\" href=\"https:\/\/www.campusradio-karlsruhe.de\/2018\/12\/31\/naturwissenschaften-vs-geisteswissenschaften\/\" target=\"_blank\"><\/a><span class=\"tg-item-date\">24. Mai 2019<\/span><h2 class=\"tg-item-title\"><a href=\"https:\/\/www.campusradio-karlsruhe.de\/2018\/12\/31\/naturwissenschaften-vs-geisteswissenschaften\/\" target=\"_blank\">Naturwissenschaften vs. Geisteswissenschaften<\/a><\/h2><\/div><\/div><\/div><\/div><\/div><\/article><!-- The Grid item #29 --><article class=\"tg-item tg-post-2659 lome f59\" data-row=\"1\" data-col=\"1\"><div class=\"tg-item-inner\"><div class=\"tg-item-media-holder tg-light\"><div class=\"tg-item-media-inner\"><img loading=\"lazy\" decoding=\"async\" class=\"tg-item-image\" alt=\"\" width=\"409\" height=\"500\" src=\"https:\/\/medienplattform.wmk-karlsruhe.de\/wmk-karlsruhe-de-medienplattform\/wp-content\/uploads\/Lehrredaktion_Dokumentation_MadeleineHeiler--409x500.jpg\"><\/div><div class=\"tg-item-overlay\"><\/div><div class=\"tg-item-content\"><div class=\"tg-center-holder\"><div class=\"tg-center-inner\"><a class=\"tg-item-link\" href=\"https:\/\/www.campusradio-karlsruhe.de\/2018\/11\/26\/wie-finanziere-ich-mein-studium\/\" target=\"_blank\"><\/a><span class=\"tg-item-date\">24. Mai 2019<\/span><h2 class=\"tg-item-title\"><a href=\"https:\/\/www.campusradio-karlsruhe.de\/2018\/11\/26\/wie-finanziere-ich-mein-studium\/\" target=\"_blank\">Wie finanziere ich mein Studium?<\/a><\/h2><\/div><\/div><\/div><\/div><\/div><\/article><!-- The Grid item #30 --><article class=\"tg-item tg-post-2656 lome f59\" data-row=\"1\" data-col=\"1\"><div class=\"tg-item-inner\"><div class=\"tg-item-media-holder tg-light\"><div class=\"tg-item-media-inner\"><img loading=\"lazy\" decoding=\"async\" class=\"tg-item-image\" alt=\"\" width=\"500\" height=\"500\" src=\"https:\/\/medienplattform.wmk-karlsruhe.de\/wmk-karlsruhe-de-medienplattform\/wp-content\/uploads\/BildRadio-1024x577-500x500.jpg\"><\/div><div class=\"tg-item-overlay\"><\/div><div class=\"tg-item-content\"><div class=\"tg-center-holder\"><div class=\"tg-center-inner\"><a class=\"tg-item-link\" href=\"https:\/\/www.campusradio-karlsruhe.de\/2018\/08\/16\/ich-kann-nicht-mehr\/\" target=\"_blank\"><\/a><span class=\"tg-item-date\">24. Mai 2019<\/span><h2 class=\"tg-item-title\"><a href=\"https:\/\/www.campusradio-karlsruhe.de\/2018\/08\/16\/ich-kann-nicht-mehr\/\" target=\"_blank\">Ich.kann.nicht.mehr<\/a><\/h2><\/div><\/div><\/div><\/div><\/div><\/article><!-- The Grid item #31 --><article class=\"tg-item tg-post-2652 lome f59\" data-row=\"1\" data-col=\"1\"><div class=\"tg-item-inner\"><div class=\"tg-item-media-holder tg-light\"><div class=\"tg-item-media-inner\"><img loading=\"lazy\" decoding=\"async\" class=\"tg-item-image\" alt=\"\" width=\"500\" height=\"500\" src=\"https:\/\/medienplattform.wmk-karlsruhe.de\/wmk-karlsruhe-de-medienplattform\/wp-content\/uploads\/Foto-1-1024x768-500x500.jpg\"><\/div><div class=\"tg-item-overlay\"><\/div><div class=\"tg-item-content\"><div class=\"tg-center-holder\"><div class=\"tg-center-inner\"><a class=\"tg-item-link\" href=\"https:\/\/www.campusradio-karlsruhe.de\/2018\/08\/03\/reparieren-statt-wegwerfen\/\" target=\"_blank\"><\/a><span class=\"tg-item-date\">24. Mai 2019<\/span><h2 class=\"tg-item-title\"><a href=\"https:\/\/www.campusradio-karlsruhe.de\/2018\/08\/03\/reparieren-statt-wegwerfen\/\" target=\"_blank\">Reparieren statt wegwerfen<\/a><\/h2><\/div><\/div><\/div><\/div><\/div><\/article><!-- The Grid item #32 --><article class=\"tg-item tg-post-2648 lome f59\" data-row=\"1\" data-col=\"1\"><div class=\"tg-item-inner\"><div class=\"tg-item-media-holder tg-light\"><div class=\"tg-item-media-inner\"><img loading=\"lazy\" decoding=\"async\" class=\"tg-item-image\" alt=\"\" width=\"500\" height=\"500\" src=\"https:\/\/medienplattform.wmk-karlsruhe.de\/wmk-karlsruhe-de-medienplattform\/wp-content\/uploads\/20180612_134747-1024x768-500x500.jpg\"><\/div><div class=\"tg-item-overlay\"><\/div><div class=\"tg-item-content\"><div class=\"tg-center-holder\"><div class=\"tg-center-inner\"><a class=\"tg-item-link\" href=\"https:\/\/www.campusradio-karlsruhe.de\/2018\/07\/29\/campusradio-zu-gast-bei-service-design-thinking\/\" target=\"_blank\"><\/a><span class=\"tg-item-date\">24. Mai 2019<\/span><h2 class=\"tg-item-title\"><a href=\"https:\/\/www.campusradio-karlsruhe.de\/2018\/07\/29\/campusradio-zu-gast-bei-service-design-thinking\/\" target=\"_blank\">Campusradio zu Gast bei Service Design Thinking<\/a><\/h2><\/div><\/div><\/div><\/div><\/div><\/article><!-- The Grid item #33 --><article class=\"tg-item tg-post-2549 lome f54\" data-row=\"1\" data-col=\"1\"><div class=\"tg-item-inner\"><div class=\"tg-item-media-holder tg-light\"><div class=\"tg-item-media-inner\"><div class=\"tg-item-gallery-holder\"><img loading=\"lazy\" decoding=\"async\" class=\"tg-item-image first-image show\" alt=\"\" width=\"500\" height=\"500\" src=\"https:\/\/medienplattform.wmk-karlsruhe.de\/wmk-karlsruhe-de-medienplattform\/wp-content\/uploads\/corinna-wiebusch-05-500x500.jpg\"><div class=\"tg-item-image\" style=\"background-image: url(https:\/\/medienplattform.wmk-karlsruhe.de\/wmk-karlsruhe-de-medienplattform\/wp-content\/uploads\/daria-morosow-06-500x500.jpg)\"><\/div><div class=\"tg-item-image\" style=\"background-image: url(https:\/\/medienplattform.wmk-karlsruhe.de\/wmk-karlsruhe-de-medienplattform\/wp-content\/uploads\/hannah-dannereder-13-lennard-500x500.jpg)\"><\/div><div class=\"tg-item-image\" style=\"background-image: url(https:\/\/medienplattform.wmk-karlsruhe.de\/wmk-karlsruhe-de-medienplattform\/wp-content\/uploads\/katrin-tebrocke-01-500x500.jpg)\"><\/div><div class=\"tg-item-image\" style=\"background-image: url(https:\/\/medienplattform.wmk-karlsruhe.de\/wmk-karlsruhe-de-medienplattform\/wp-content\/uploads\/lea-auerbach-06-500x500.jpg)\"><\/div><div class=\"tg-item-image\" style=\"background-image: url(https:\/\/medienplattform.wmk-karlsruhe.de\/wmk-karlsruhe-de-medienplattform\/wp-content\/uploads\/patrizia-attar-01-500x500.jpg)\"><\/div><div class=\"tg-item-image\" style=\"background-image: url(https:\/\/medienplattform.wmk-karlsruhe.de\/wmk-karlsruhe-de-medienplattform\/wp-content\/uploads\/alina-burlakov-02-1-500x500.jpg)\"><\/div><div class=\"tg-item-image\" style=\"background-image: url(https:\/\/medienplattform.wmk-karlsruhe.de\/wmk-karlsruhe-de-medienplattform\/wp-content\/uploads\/susanna-ketterer-03-500x500.jpg)\"><\/div><div class=\"tg-item-image\" style=\"background-image: url(https:\/\/medienplattform.wmk-karlsruhe.de\/wmk-karlsruhe-de-medienplattform\/wp-content\/uploads\/pia-stejskal-06-500x500.jpg)\"><\/div><\/div><\/div><div class=\"tg-item-overlay\"><\/div><div class=\"tg-item-content\"><div class=\"tg-center-holder\"><div class=\"tg-center-inner\"><a class=\"tg-item-link\" href=\"https:\/\/digitalebilder.wmk-karlsruhe.de\/masterklasse4\/\" target=\"_blank\"><\/a><span class=\"tg-item-date\">11. Mai 2019<\/span><h2 class=\"tg-item-title\"><a href=\"https:\/\/digitalebilder.wmk-karlsruhe.de\/masterklasse4\/\" target=\"_blank\">Masterklasse IV (2018\/19)<\/a><\/h2><\/div><\/div><\/div><\/div><\/div><\/article><!-- The Grid item #34 --><article class=\"tg-item tg-post-2595 lome f58\" data-row=\"1\" data-col=\"1\"><div class=\"tg-item-inner\"><div class=\"tg-item-media-holder tg-light\"><div class=\"tg-item-media-inner\"><img loading=\"lazy\" decoding=\"async\" class=\"tg-item-image\" alt=\"\" width=\"500\" height=\"500\" src=\"https:\/\/medienplattform.wmk-karlsruhe.de\/wmk-karlsruhe-de-medienplattform\/wp-content\/uploads\/Gesundheitssystem-500x500.jpg\"><\/div><div class=\"tg-item-overlay\"><\/div><div class=\"tg-item-content\"><div class=\"tg-center-holder\"><div class=\"tg-center-inner\"><a class=\"tg-item-link\" href=\"https:\/\/medienplattform.wmk-karlsruhe.de\/wmk-karlsruhe-de-medienplattform\/1-status-quo-wie-ist-unser-gesundheitssystem-aufgestellt\/\" target=\"_self\"><\/a><span class=\"tg-item-date\">15. September 2018<\/span><h2 class=\"tg-item-title\"><a href=\"https:\/\/medienplattform.wmk-karlsruhe.de\/wmk-karlsruhe-de-medienplattform\/1-status-quo-wie-ist-unser-gesundheitssystem-aufgestellt\/\" target=\"_self\">1. Status quo \u2013 wie ist unser Gesundheitssystem aufgestellt?<\/a><\/h2><\/div><\/div><\/div><\/div><\/div><\/article><!-- The Grid item #35 --><article class=\"tg-item tg-post-2611 lome f58\" data-row=\"1\" data-col=\"1\"><div class=\"tg-item-inner\"><div class=\"tg-item-media-holder tg-light\"><div class=\"tg-item-media-inner\"><img loading=\"lazy\" decoding=\"async\" class=\"tg-item-image\" alt=\"\" width=\"500\" height=\"500\" src=\"https:\/\/medienplattform.wmk-karlsruhe.de\/wmk-karlsruhe-de-medienplattform\/wp-content\/uploads\/WMK-DeutschesGesundheitssystem-02-500x500.jpg\"><\/div><div class=\"tg-item-overlay\"><\/div><div class=\"tg-item-content\"><div class=\"tg-center-holder\"><div class=\"tg-center-inner\"><a class=\"tg-item-link\" href=\"https:\/\/medienplattform.wmk-karlsruhe.de\/wmk-karlsruhe-de-medienplattform\/2-was-bedeutet-uns-gesundheit-persoenlich\/\" target=\"_self\"><\/a><span class=\"tg-item-date\">15. September 2018<\/span><h2 class=\"tg-item-title\"><a href=\"https:\/\/medienplattform.wmk-karlsruhe.de\/wmk-karlsruhe-de-medienplattform\/2-was-bedeutet-uns-gesundheit-persoenlich\/\" target=\"_self\">2. Was bedeutet uns Gesundheit pers\u00f6nlich?<\/a><\/h2><\/div><\/div><\/div><\/div><\/div><\/article><!-- The Grid item #36 --><article class=\"tg-item tg-post-2614 lome f58\" data-row=\"1\" data-col=\"1\"><div class=\"tg-item-inner\"><div class=\"tg-item-media-holder tg-light\"><div class=\"tg-item-media-inner\"><img loading=\"lazy\" decoding=\"async\" class=\"tg-item-image\" alt=\"\" width=\"500\" height=\"500\" src=\"https:\/\/medienplattform.wmk-karlsruhe.de\/wmk-karlsruhe-de-medienplattform\/wp-content\/uploads\/WMK-DeutschesGesundheitssystem-03-500x500.jpg\"><\/div><div class=\"tg-item-overlay\"><\/div><div class=\"tg-item-content\"><div class=\"tg-center-holder\"><div class=\"tg-center-inner\"><a class=\"tg-item-link\" href=\"https:\/\/medienplattform.wmk-karlsruhe.de\/wmk-karlsruhe-de-medienplattform\/3-an-was-krankt-unser-gesundheitssystem\/\" target=\"_self\"><\/a><span class=\"tg-item-date\">15. September 2018<\/span><h2 class=\"tg-item-title\"><a href=\"https:\/\/medienplattform.wmk-karlsruhe.de\/wmk-karlsruhe-de-medienplattform\/3-an-was-krankt-unser-gesundheitssystem\/\" target=\"_self\">3. An was krankt unser Gesundheitssystem?<\/a><\/h2><\/div><\/div><\/div><\/div><\/div><\/article><!-- The Grid item #37 --><article class=\"tg-item tg-post-2619 lome f58\" data-row=\"1\" data-col=\"1\"><div class=\"tg-item-inner\"><div class=\"tg-item-media-holder tg-light\"><div class=\"tg-item-media-inner\"><img loading=\"lazy\" decoding=\"async\" class=\"tg-item-image\" alt=\"\" width=\"500\" height=\"500\" src=\"https:\/\/medienplattform.wmk-karlsruhe.de\/wmk-karlsruhe-de-medienplattform\/wp-content\/uploads\/WMK-DeutschesGesundheitssystem-04-500x500.jpg\"><\/div><div class=\"tg-item-overlay\"><\/div><div class=\"tg-item-content\"><div class=\"tg-center-holder\"><div class=\"tg-center-inner\"><a class=\"tg-item-link\" href=\"https:\/\/medienplattform.wmk-karlsruhe.de\/wmk-karlsruhe-de-medienplattform\/4-was-verbessert-unsere-gesundheit\/\" target=\"_self\"><\/a><span class=\"tg-item-date\">15. September 2018<\/span><h2 class=\"tg-item-title\"><a href=\"https:\/\/medienplattform.wmk-karlsruhe.de\/wmk-karlsruhe-de-medienplattform\/4-was-verbessert-unsere-gesundheit\/\" target=\"_self\">4. Was verbessert unsere Gesundheit?<\/a><\/h2><\/div><\/div><\/div><\/div><\/div><\/article><!-- The Grid item #38 --><article class=\"tg-item tg-post-2625 lome f58\" data-row=\"1\" data-col=\"1\"><div class=\"tg-item-inner\"><div class=\"tg-item-media-holder tg-light\"><div class=\"tg-item-media-inner\"><img loading=\"lazy\" decoding=\"async\" class=\"tg-item-image\" alt=\"\" width=\"500\" height=\"500\" src=\"https:\/\/medienplattform.wmk-karlsruhe.de\/wmk-karlsruhe-de-medienplattform\/wp-content\/uploads\/WMK-DeutschesGesundheitssystem-05-500x500.jpg\"><\/div><div class=\"tg-item-overlay\"><\/div><div class=\"tg-item-content\"><div class=\"tg-center-holder\"><div class=\"tg-center-inner\"><a class=\"tg-item-link\" href=\"https:\/\/medienplattform.wmk-karlsruhe.de\/wmk-karlsruhe-de-medienplattform\/5-wie-modern-ist-unser-system\/\" target=\"_self\"><\/a><span class=\"tg-item-date\">15. September 2018<\/span><h2 class=\"tg-item-title\"><a href=\"https:\/\/medienplattform.wmk-karlsruhe.de\/wmk-karlsruhe-de-medienplattform\/5-wie-modern-ist-unser-system\/\" target=\"_self\">5. Wie modern ist unser System?<\/a><\/h2><\/div><\/div><\/div><\/div><\/div><\/article><!-- The Grid item #39 --><article class=\"tg-item tg-post-2435 lome f56\" data-row=\"1\" data-col=\"1\"><div class=\"tg-item-inner\"><div class=\"tg-item-media-holder tg-light\"><div class=\"tg-item-media-inner\"><img loading=\"lazy\" decoding=\"async\" class=\"tg-item-image\" alt=\"\" width=\"500\" height=\"500\" src=\"https:\/\/medienplattform.wmk-karlsruhe.de\/wmk-karlsruhe-de-medienplattform\/wp-content\/uploads\/WMK-Teaser-Multiple-Sklerose-500x500.jpg\"><\/div><div class=\"tg-item-overlay\"><\/div><div class=\"tg-item-content\"><div class=\"tg-center-holder\"><div class=\"tg-center-inner\"><a class=\"tg-item-link\" href=\"http:\/\/multiple-sklerose.pageflow.io\/multiple-sklerose-9c188741-d0b2-4e44-bb8d-565d6d53652a\" target=\"_blank\"><\/a><span class=\"tg-item-date\">19. M\u00e4rz 2018<\/span><h2 class=\"tg-item-title\"><a href=\"http:\/\/multiple-sklerose.pageflow.io\/multiple-sklerose-9c188741-d0b2-4e44-bb8d-565d6d53652a\" target=\"_blank\">Die Krankheit der 1000 Gesichter<\/a><\/h2><\/div><\/div><\/div><\/div><\/div><\/article><!-- The Grid item #40 --><article class=\"tg-item tg-post-1614 lome f54\" data-row=\"1\" data-col=\"1\"><div class=\"tg-item-inner\"><div class=\"tg-item-media-holder tg-light\"><div class=\"tg-item-media-inner\"><div class=\"tg-item-gallery-holder\"><img loading=\"lazy\" decoding=\"async\" class=\"tg-item-image first-image show\" alt=\"\" width=\"400\" height=\"400\" src=\"https:\/\/medienplattform.wmk-karlsruhe.de\/wmk-karlsruhe-de-medienplattform\/wp-content\/uploads\/beitragsbild-digitale-bilder.jpg\"><div class=\"tg-item-image\" style=\"background-image: url(https:\/\/medienplattform.wmk-karlsruhe.de\/wmk-karlsruhe-de-medienplattform\/wp-content\/uploads\/WMK-DB-dominik-palluch-KWS-500x400.jpg)\"><\/div><div class=\"tg-item-image\" style=\"background-image: url(https:\/\/medienplattform.wmk-karlsruhe.de\/wmk-karlsruhe-de-medienplattform\/wp-content\/uploads\/WMK-DB-celine-haas-500x400.jpg)\"><\/div><div class=\"tg-item-image\" style=\"background-image: url(https:\/\/medienplattform.wmk-karlsruhe.de\/wmk-karlsruhe-de-medienplattform\/wp-content\/uploads\/WMK-DB-nikolai-promies2-500x400.jpg)\"><\/div><div class=\"tg-item-image\" style=\"background-image: url(https:\/\/medienplattform.wmk-karlsruhe.de\/wmk-karlsruhe-de-medienplattform\/wp-content\/uploads\/WMK-DB-kay-koch-500x400.jpg)\"><\/div><div class=\"tg-item-image\" style=\"background-image: url(https:\/\/medienplattform.wmk-karlsruhe.de\/wmk-karlsruhe-de-medienplattform\/wp-content\/uploads\/WMK-DB-larissa-berlinghof-500x400.jpg)\"><\/div><div class=\"tg-item-image\" style=\"background-image: url(https:\/\/medienplattform.wmk-karlsruhe.de\/wmk-karlsruhe-de-medienplattform\/wp-content\/uploads\/WMK-DB-nikolai-promies-500x400.jpg)\"><\/div><div class=\"tg-item-image\" style=\"background-image: url(https:\/\/medienplattform.wmk-karlsruhe.de\/wmk-karlsruhe-de-medienplattform\/wp-content\/uploads\/WMK-DB-tim-bornkessel-500x400.jpg)\"><\/div><div class=\"tg-item-image\" style=\"background-image: url(https:\/\/medienplattform.wmk-karlsruhe.de\/wmk-karlsruhe-de-medienplattform\/wp-content\/uploads\/WMK-DB-sven-roehricht-500x400.jpg)\"><\/div><div class=\"tg-item-image\" style=\"background-image: url(https:\/\/medienplattform.wmk-karlsruhe.de\/wmk-karlsruhe-de-medienplattform\/wp-content\/uploads\/WMK-DB-franziska-becker-500x400.jpg)\"><\/div><div class=\"tg-item-image\" style=\"background-image: url(https:\/\/medienplattform.wmk-karlsruhe.de\/wmk-karlsruhe-de-medienplattform\/wp-content\/uploads\/WMK-DB-joshua-wurm-500x400.jpg)\"><\/div><div class=\"tg-item-image\" style=\"background-image: url(https:\/\/medienplattform.wmk-karlsruhe.de\/wmk-karlsruhe-de-medienplattform\/wp-content\/uploads\/WMK-DB-kay-koch2-500x400.jpg)\"><\/div><div class=\"tg-item-image\" style=\"background-image: url(https:\/\/medienplattform.wmk-karlsruhe.de\/wmk-karlsruhe-de-medienplattform\/wp-content\/uploads\/WMK-DB-mariya-grygoryan3-500x400.jpg)\"><\/div><\/div><\/div><div class=\"tg-item-overlay\"><\/div><div class=\"tg-item-content\"><div class=\"tg-center-holder\"><div class=\"tg-center-inner\"><a class=\"tg-item-link\" href=\"http:\/\/digitalebilder.wmk-karlsruhe.de\/masterklasse3\/\" target=\"_blank\"><\/a><span class=\"tg-item-date\">1. M\u00e4rz 2018<\/span><h2 class=\"tg-item-title\"><a href=\"http:\/\/digitalebilder.wmk-karlsruhe.de\/masterklasse3\/\" target=\"_blank\">Masterklasse III (2017\/18)<\/a><\/h2><\/div><\/div><\/div><\/div><\/div><\/article><!-- The Grid item #41 --><article class=\"tg-item tg-post-2486 lome f57\" data-row=\"1\" data-col=\"1\"><div class=\"tg-item-inner\"><div class=\"tg-item-media-holder tg-light\"><div class=\"tg-item-media-inner\"><img loading=\"lazy\" decoding=\"async\" class=\"tg-item-image\" alt=\"\" width=\"500\" height=\"500\" src=\"https:\/\/medienplattform.wmk-karlsruhe.de\/wmk-karlsruhe-de-medienplattform\/wp-content\/uploads\/wmk-mp-ev-radioaktivitaet-500x500.jpg\"><\/div><div class=\"tg-item-overlay\"><\/div><div class=\"tg-item-content\"><div class=\"tg-center-holder\"><div class=\"tg-center-inner\"><a class=\"tg-item-link\" href=\"https:\/\/medienplattform.wmk-karlsruhe.de\/wmk-karlsruhe-de-medienplattform\/radioaktivitaet\/\" target=\"_self\"><\/a><span class=\"tg-item-date\">5. M\u00e4rz 2017<\/span><h2 class=\"tg-item-title\"><a href=\"https:\/\/medienplattform.wmk-karlsruhe.de\/wmk-karlsruhe-de-medienplattform\/radioaktivitaet\/\" target=\"_self\">Radioaktivit\u00e4t<\/a><\/h2><\/div><\/div><\/div><\/div><\/div><\/article><!-- The Grid item #42 --><article class=\"tg-item tg-post-2484 lome f57\" data-row=\"1\" data-col=\"1\"><div class=\"tg-item-inner\"><div class=\"tg-item-media-holder tg-light\"><div class=\"tg-item-media-inner\"><img loading=\"lazy\" decoding=\"async\" class=\"tg-item-image\" alt=\"\" width=\"500\" height=\"500\" src=\"https:\/\/medienplattform.wmk-karlsruhe.de\/wmk-karlsruhe-de-medienplattform\/wp-content\/uploads\/wmk-mp-ev-muskelkater-500x500.jpg\"><\/div><div class=\"tg-item-overlay\"><\/div><div class=\"tg-item-content\"><div class=\"tg-center-holder\"><div class=\"tg-center-inner\"><a class=\"tg-item-link\" href=\"https:\/\/medienplattform.wmk-karlsruhe.de\/wmk-karlsruhe-de-medienplattform\/muskelkater\/\" target=\"_self\"><\/a><span class=\"tg-item-date\">5. M\u00e4rz 2017<\/span><h2 class=\"tg-item-title\"><a href=\"https:\/\/medienplattform.wmk-karlsruhe.de\/wmk-karlsruhe-de-medienplattform\/muskelkater\/\" target=\"_self\">Muskelkater<\/a><\/h2><\/div><\/div><\/div><\/div><\/div><\/article><!-- The Grid item #43 --><article class=\"tg-item tg-post-2478 lome f57\" data-row=\"1\" data-col=\"1\"><div class=\"tg-item-inner\"><div class=\"tg-item-media-holder tg-light\"><div class=\"tg-item-media-inner\"><img loading=\"lazy\" decoding=\"async\" class=\"tg-item-image\" alt=\"\" width=\"500\" height=\"500\" src=\"https:\/\/medienplattform.wmk-karlsruhe.de\/wmk-karlsruhe-de-medienplattform\/wp-content\/uploads\/wmk-mp-ev-herbst-500x500.jpg\"><\/div><div class=\"tg-item-overlay\"><\/div><div class=\"tg-item-content\"><div class=\"tg-center-holder\"><div class=\"tg-center-inner\"><a class=\"tg-item-link\" href=\"https:\/\/medienplattform.wmk-karlsruhe.de\/wmk-karlsruhe-de-medienplattform\/herbst\/\" target=\"_self\"><\/a><span class=\"tg-item-date\">5. M\u00e4rz 2017<\/span><h2 class=\"tg-item-title\"><a href=\"https:\/\/medienplattform.wmk-karlsruhe.de\/wmk-karlsruhe-de-medienplattform\/herbst\/\" target=\"_self\">Herbst<\/a><\/h2><\/div><\/div><\/div><\/div><\/div><\/article><!-- The Grid item #44 --><article class=\"tg-item tg-post-1612 lome f54\" data-row=\"1\" data-col=\"1\"><div class=\"tg-item-inner\"><div class=\"tg-item-media-holder tg-light\"><div class=\"tg-item-media-inner\"><div class=\"tg-item-gallery-holder\"><img loading=\"lazy\" decoding=\"async\" class=\"tg-item-image first-image show\" alt=\"\" width=\"500\" height=\"500\" src=\"https:\/\/medienplattform.wmk-karlsruhe.de\/wmk-karlsruhe-de-medienplattform\/wp-content\/uploads\/anna-danisch-02-500x500.jpg\"><div class=\"tg-item-image\" style=\"background-image: url(https:\/\/medienplattform.wmk-karlsruhe.de\/wmk-karlsruhe-de-medienplattform\/wp-content\/uploads\/daniel-heinold-12-feuerkreisel-2-500x500.jpg)\"><\/div><div class=\"tg-item-image\" style=\"background-image: url(https:\/\/medienplattform.wmk-karlsruhe.de\/wmk-karlsruhe-de-medienplattform\/wp-content\/uploads\/fabian-oswald-zweizehen2-500x500.jpg)\"><\/div><div class=\"tg-item-image\" style=\"background-image: url(https:\/\/medienplattform.wmk-karlsruhe.de\/wmk-karlsruhe-de-medienplattform\/wp-content\/uploads\/florian-fertig-22-500x500.jpg)\"><\/div><div class=\"tg-item-image\" style=\"background-image: url(https:\/\/medienplattform.wmk-karlsruhe.de\/wmk-karlsruhe-de-medienplattform\/wp-content\/uploads\/julia-goldstein-05-500x500.jpg)\"><\/div><div class=\"tg-item-image\" style=\"background-image: url(https:\/\/medienplattform.wmk-karlsruhe.de\/wmk-karlsruhe-de-medienplattform\/wp-content\/uploads\/nina-kneule-06-mammutbaum2-500x500.jpg)\"><\/div><div class=\"tg-item-image\" style=\"background-image: url(https:\/\/medienplattform.wmk-karlsruhe.de\/wmk-karlsruhe-de-medienplattform\/wp-content\/uploads\/sultan-birhimeoglu-04-500x500.jpg)\"><\/div><\/div><\/div><div class=\"tg-item-overlay\"><\/div><div class=\"tg-item-content\"><div class=\"tg-center-holder\"><div class=\"tg-center-inner\"><a class=\"tg-item-link\" href=\"http:\/\/digitalebilder.wmk-karlsruhe.de\/masterklasse2\" target=\"_blank\"><\/a><span class=\"tg-item-date\">1. M\u00e4rz 2017<\/span><h2 class=\"tg-item-title\"><a href=\"http:\/\/digitalebilder.wmk-karlsruhe.de\/masterklasse2\" target=\"_blank\">Masterklasse II (2016\/17)<\/a><\/h2><\/div><\/div><\/div><\/div><\/div><\/article><!-- The Grid item #45 --><article class=\"tg-item tg-post-389 lome f21\" data-row=\"1\" data-col=\"1\"><div class=\"tg-item-inner\"><div class=\"tg-item-media-holder tg-light\"><div class=\"tg-item-media-inner\"><div class=\"tg-item-gallery-holder\"><img loading=\"lazy\" decoding=\"async\" class=\"tg-item-image first-image show\" alt=\"\" width=\"500\" height=\"500\" src=\"https:\/\/medienplattform.wmk-karlsruhe.de\/wmk-karlsruhe-de-medienplattform\/wp-content\/uploads\/MG_5378-500x500.jpg\"><div class=\"tg-item-image\" style=\"background-image: url(https:\/\/medienplattform.wmk-karlsruhe.de\/wmk-karlsruhe-de-medienplattform\/wp-content\/uploads\/MG_5383-500x500.jpg)\"><\/div><div class=\"tg-item-image\" style=\"background-image: url(https:\/\/medienplattform.wmk-karlsruhe.de\/wmk-karlsruhe-de-medienplattform\/wp-content\/uploads\/MG_5384-500x500.jpg)\"><\/div><div class=\"tg-item-image\" style=\"background-image: url(https:\/\/medienplattform.wmk-karlsruhe.de\/wmk-karlsruhe-de-medienplattform\/wp-content\/uploads\/MG_5385-500x500.jpg)\"><\/div><div class=\"tg-item-image\" style=\"background-image: url(https:\/\/medienplattform.wmk-karlsruhe.de\/wmk-karlsruhe-de-medienplattform\/wp-content\/uploads\/MG_5392-500x500.jpg)\"><\/div><div class=\"tg-item-image\" style=\"background-image: url(https:\/\/medienplattform.wmk-karlsruhe.de\/wmk-karlsruhe-de-medienplattform\/wp-content\/uploads\/MG_5387-500x500.jpg)\"><\/div><\/div><\/div><div class=\"tg-item-overlay\"><\/div><div class=\"tg-item-content\"><div class=\"tg-center-holder\"><div class=\"tg-center-inner\"><a class=\"tg-item-link\" href=\"https:\/\/medienplattform.wmk-karlsruhe.de\/wmk-karlsruhe-de-medienplattform\/printerest-die-zeitschrift\/\" target=\"_self\"><\/a><span class=\"tg-item-date\">5. Oktober 2016<\/span><h2 class=\"tg-item-title\"><a href=\"https:\/\/medienplattform.wmk-karlsruhe.de\/wmk-karlsruhe-de-medienplattform\/printerest-die-zeitschrift\/\" target=\"_self\">Editorial: Printerest \u2013 Die Zeitschrift!<\/a><\/h2><\/div><\/div><\/div><\/div><\/div><\/article><!-- The Grid item #46 --><article class=\"tg-item tg-post-1736 lome f21\" data-row=\"1\" data-col=\"1\"><div class=\"tg-item-inner\"><div class=\"tg-item-media-holder tg-light\"><div class=\"tg-item-media-inner\"><div class=\"tg-item-gallery-holder\"><img loading=\"lazy\" decoding=\"async\" class=\"tg-item-image first-image show\" alt=\"\" width=\"500\" height=\"500\" src=\"https:\/\/medienplattform.wmk-karlsruhe.de\/wmk-karlsruhe-de-medienplattform\/wp-content\/uploads\/MG_5393-1-500x500.jpg\"><div class=\"tg-item-image\" style=\"background-image: url(https:\/\/medienplattform.wmk-karlsruhe.de\/wmk-karlsruhe-de-medienplattform\/wp-content\/uploads\/MG_5392-1-500x500.jpg)\"><\/div><div class=\"tg-item-image\" style=\"background-image: url(https:\/\/medienplattform.wmk-karlsruhe.de\/wmk-karlsruhe-de-medienplattform\/wp-content\/uploads\/MG_5390-1-500x500.jpg)\"><\/div><div class=\"tg-item-image\" style=\"background-image: url(https:\/\/medienplattform.wmk-karlsruhe.de\/wmk-karlsruhe-de-medienplattform\/wp-content\/uploads\/MG_5389-1-500x500.jpg)\"><\/div><div class=\"tg-item-image\" style=\"background-image: url(https:\/\/medienplattform.wmk-karlsruhe.de\/wmk-karlsruhe-de-medienplattform\/wp-content\/uploads\/MG_5378-1-500x500.jpg)\"><\/div><div class=\"tg-item-image\" style=\"background-image: url(https:\/\/medienplattform.wmk-karlsruhe.de\/wmk-karlsruhe-de-medienplattform\/wp-content\/uploads\/MG_5388-1-500x500.jpg)\"><\/div><div class=\"tg-item-image\" style=\"background-image: url(https:\/\/medienplattform.wmk-karlsruhe.de\/wmk-karlsruhe-de-medienplattform\/wp-content\/uploads\/MG_5387-1-500x500.jpg)\"><\/div><div class=\"tg-item-image\" style=\"background-image: url(https:\/\/medienplattform.wmk-karlsruhe.de\/wmk-karlsruhe-de-medienplattform\/wp-content\/uploads\/MG_5385-1-500x500.jpg)\"><\/div><div class=\"tg-item-image\" style=\"background-image: url(https:\/\/medienplattform.wmk-karlsruhe.de\/wmk-karlsruhe-de-medienplattform\/wp-content\/uploads\/MG_5384-1-500x500.jpg)\"><\/div><div class=\"tg-item-image\" style=\"background-image: url(https:\/\/medienplattform.wmk-karlsruhe.de\/wmk-karlsruhe-de-medienplattform\/wp-content\/uploads\/MG_5383-1-500x500.jpg)\"><\/div><\/div><\/div><div class=\"tg-item-overlay\"><\/div><div class=\"tg-item-content\"><div class=\"tg-center-holder\"><div class=\"tg-center-inner\"><a class=\"tg-item-link\" href=\"https:\/\/medienplattform.wmk-karlsruhe.de\/wmk-karlsruhe-de-medienplattform\/print-und-kontra\/\" target=\"_self\"><\/a><span class=\"tg-item-date\">4. Oktober 2016<\/span><h2 class=\"tg-item-title\"><a href=\"https:\/\/medienplattform.wmk-karlsruhe.de\/wmk-karlsruhe-de-medienplattform\/print-und-kontra\/\" target=\"_self\">Print und Kontra<\/a><\/h2><\/div><\/div><\/div><\/div><\/div><\/article><!-- The Grid item #47 --><article class=\"tg-item tg-post-1738 lome f21\" data-row=\"1\" data-col=\"1\"><div class=\"tg-item-inner\"><div class=\"tg-item-media-holder tg-light\"><div class=\"tg-item-media-inner\"><div class=\"tg-item-gallery-holder\"><img loading=\"lazy\" decoding=\"async\" class=\"tg-item-image first-image show\" alt=\"\" width=\"500\" height=\"500\" src=\"https:\/\/medienplattform.wmk-karlsruhe.de\/wmk-karlsruhe-de-medienplattform\/wp-content\/uploads\/MG_5383-1-500x500.jpg\"><div class=\"tg-item-image\" style=\"background-image: url(https:\/\/medienplattform.wmk-karlsruhe.de\/wmk-karlsruhe-de-medienplattform\/wp-content\/uploads\/MG_5384-1-500x500.jpg)\"><\/div><div class=\"tg-item-image\" style=\"background-image: url(https:\/\/medienplattform.wmk-karlsruhe.de\/wmk-karlsruhe-de-medienplattform\/wp-content\/uploads\/MG_5389-1-500x500.jpg)\"><\/div><div class=\"tg-item-image\" style=\"background-image: url(https:\/\/medienplattform.wmk-karlsruhe.de\/wmk-karlsruhe-de-medienplattform\/wp-content\/uploads\/MG_5388-1-500x500.jpg)\"><\/div><div class=\"tg-item-image\" style=\"background-image: url(https:\/\/medienplattform.wmk-karlsruhe.de\/wmk-karlsruhe-de-medienplattform\/wp-content\/uploads\/MG_5392-1-500x500.jpg)\"><\/div><div class=\"tg-item-image\" style=\"background-image: url(https:\/\/medienplattform.wmk-karlsruhe.de\/wmk-karlsruhe-de-medienplattform\/wp-content\/uploads\/MG_5387-1-500x500.jpg)\"><\/div><div class=\"tg-item-image\" style=\"background-image: url(https:\/\/medienplattform.wmk-karlsruhe.de\/wmk-karlsruhe-de-medienplattform\/wp-content\/uploads\/MG_5393-1-500x500.jpg)\"><\/div><div class=\"tg-item-image\" style=\"background-image: url(https:\/\/medienplattform.wmk-karlsruhe.de\/wmk-karlsruhe-de-medienplattform\/wp-content\/uploads\/MG_5385-1-500x500.jpg)\"><\/div><div class=\"tg-item-image\" style=\"background-image: url(https:\/\/medienplattform.wmk-karlsruhe.de\/wmk-karlsruhe-de-medienplattform\/wp-content\/uploads\/MG_5390-1-500x500.jpg)\"><\/div><div class=\"tg-item-image\" style=\"background-image: url(https:\/\/medienplattform.wmk-karlsruhe.de\/wmk-karlsruhe-de-medienplattform\/wp-content\/uploads\/MG_5378-1-500x500.jpg)\"><\/div><\/div><\/div><div class=\"tg-item-overlay\"><\/div><div class=\"tg-item-content\"><div class=\"tg-center-holder\"><div class=\"tg-center-inner\"><a class=\"tg-item-link\" href=\"https:\/\/medienplattform.wmk-karlsruhe.de\/wmk-karlsruhe-de-medienplattform\/ausgeschoepftes-papier-alternativen-fuer-den-wald\/\" target=\"_self\"><\/a><span class=\"tg-item-date\">3. Oktober 2016<\/span><h2 class=\"tg-item-title\"><a href=\"https:\/\/medienplattform.wmk-karlsruhe.de\/wmk-karlsruhe-de-medienplattform\/ausgeschoepftes-papier-alternativen-fuer-den-wald\/\" target=\"_self\">Ausgesch\u00f6pftes Papier \u2013 Alternativen f\u00fcr den Wald<\/a><\/h2><\/div><\/div><\/div><\/div><\/div><\/article><!-- The Grid item #48 --><article class=\"tg-item tg-post-1741 lome f21\" data-row=\"1\" data-col=\"1\"><div class=\"tg-item-inner\"><div class=\"tg-item-media-holder tg-light\"><div class=\"tg-item-media-inner\"><div class=\"tg-item-gallery-holder\"><img loading=\"lazy\" decoding=\"async\" class=\"tg-item-image first-image show\" alt=\"\" width=\"500\" height=\"500\" src=\"https:\/\/medienplattform.wmk-karlsruhe.de\/wmk-karlsruhe-de-medienplattform\/wp-content\/uploads\/MG_5390-1-500x500.jpg\"><div class=\"tg-item-image\" style=\"background-image: url(https:\/\/medienplattform.wmk-karlsruhe.de\/wmk-karlsruhe-de-medienplattform\/wp-content\/uploads\/MG_5392-1-500x500.jpg)\"><\/div><div class=\"tg-item-image\" style=\"background-image: url(https:\/\/medienplattform.wmk-karlsruhe.de\/wmk-karlsruhe-de-medienplattform\/wp-content\/uploads\/MG_5389-1-500x500.jpg)\"><\/div><div class=\"tg-item-image\" style=\"background-image: url(https:\/\/medienplattform.wmk-karlsruhe.de\/wmk-karlsruhe-de-medienplattform\/wp-content\/uploads\/MG_5393-1-500x500.jpg)\"><\/div><div class=\"tg-item-image\" style=\"background-image: url(https:\/\/medienplattform.wmk-karlsruhe.de\/wmk-karlsruhe-de-medienplattform\/wp-content\/uploads\/MG_5388-1-500x500.jpg)\"><\/div><div class=\"tg-item-image\" style=\"background-image: url(https:\/\/medienplattform.wmk-karlsruhe.de\/wmk-karlsruhe-de-medienplattform\/wp-content\/uploads\/MG_5378-1-500x500.jpg)\"><\/div><div class=\"tg-item-image\" style=\"background-image: url(https:\/\/medienplattform.wmk-karlsruhe.de\/wmk-karlsruhe-de-medienplattform\/wp-content\/uploads\/MG_5387-1-500x500.jpg)\"><\/div><div class=\"tg-item-image\" style=\"background-image: url(https:\/\/medienplattform.wmk-karlsruhe.de\/wmk-karlsruhe-de-medienplattform\/wp-content\/uploads\/MG_5385-1-500x500.jpg)\"><\/div><div class=\"tg-item-image\" style=\"background-image: url(https:\/\/medienplattform.wmk-karlsruhe.de\/wmk-karlsruhe-de-medienplattform\/wp-content\/uploads\/MG_5384-1-500x500.jpg)\"><\/div><div class=\"tg-item-image\" style=\"background-image: url(https:\/\/medienplattform.wmk-karlsruhe.de\/wmk-karlsruhe-de-medienplattform\/wp-content\/uploads\/MG_5383-1-500x500.jpg)\"><\/div><\/div><\/div><div class=\"tg-item-overlay\"><\/div><div class=\"tg-item-content\"><div class=\"tg-center-holder\"><div class=\"tg-center-inner\"><a class=\"tg-item-link\" href=\"https:\/\/medienplattform.wmk-karlsruhe.de\/wmk-karlsruhe-de-medienplattform\/wichtig-ist-es-wieder-aufzustehen\/\" target=\"_self\"><\/a><span class=\"tg-item-date\">2. Oktober 2016<\/span><h2 class=\"tg-item-title\"><a href=\"https:\/\/medienplattform.wmk-karlsruhe.de\/wmk-karlsruhe-de-medienplattform\/wichtig-ist-es-wieder-aufzustehen\/\" target=\"_self\">Wichtig ist es, wieder aufzustehen<\/a><\/h2><\/div><\/div><\/div><\/div><\/div><\/article><!-- The Grid item #49 --><article class=\"tg-item tg-post-1743 lome f21\" data-row=\"1\" data-col=\"1\"><div class=\"tg-item-inner\"><div class=\"tg-item-media-holder tg-light\"><div class=\"tg-item-media-inner\"><div class=\"tg-item-gallery-holder\"><img loading=\"lazy\" decoding=\"async\" class=\"tg-item-image first-image show\" alt=\"\" width=\"500\" height=\"500\" src=\"https:\/\/medienplattform.wmk-karlsruhe.de\/wmk-karlsruhe-de-medienplattform\/wp-content\/uploads\/MG_5389-1-500x500.jpg\"><div class=\"tg-item-image\" style=\"background-image: url(https:\/\/medienplattform.wmk-karlsruhe.de\/wmk-karlsruhe-de-medienplattform\/wp-content\/uploads\/MG_5392-1-500x500.jpg)\"><\/div><div class=\"tg-item-image\" style=\"background-image: url(https:\/\/medienplattform.wmk-karlsruhe.de\/wmk-karlsruhe-de-medienplattform\/wp-content\/uploads\/MG_5378-1-500x500.jpg)\"><\/div><div class=\"tg-item-image\" style=\"background-image: url(https:\/\/medienplattform.wmk-karlsruhe.de\/wmk-karlsruhe-de-medienplattform\/wp-content\/uploads\/MG_5385-1-500x500.jpg)\"><\/div><div class=\"tg-item-image\" style=\"background-image: url(https:\/\/medienplattform.wmk-karlsruhe.de\/wmk-karlsruhe-de-medienplattform\/wp-content\/uploads\/MG_5388-1-500x500.jpg)\"><\/div><div class=\"tg-item-image\" style=\"background-image: url(https:\/\/medienplattform.wmk-karlsruhe.de\/wmk-karlsruhe-de-medienplattform\/wp-content\/uploads\/MG_5384-1-500x500.jpg)\"><\/div><div class=\"tg-item-image\" style=\"background-image: url(https:\/\/medienplattform.wmk-karlsruhe.de\/wmk-karlsruhe-de-medienplattform\/wp-content\/uploads\/MG_5387-1-500x500.jpg)\"><\/div><\/div><\/div><div class=\"tg-item-overlay\"><\/div><div class=\"tg-item-content\"><div class=\"tg-center-holder\"><div class=\"tg-center-inner\"><a class=\"tg-item-link\" href=\"https:\/\/medienplattform.wmk-karlsruhe.de\/wmk-karlsruhe-de-medienplattform\/magazine-abseits-des-mainstreams\/\" target=\"_self\"><\/a><span class=\"tg-item-date\">1. Oktober 2016<\/span><h2 class=\"tg-item-title\"><a href=\"https:\/\/medienplattform.wmk-karlsruhe.de\/wmk-karlsruhe-de-medienplattform\/magazine-abseits-des-mainstreams\/\" target=\"_self\">Magazine abseits des Mainstreams<\/a><\/h2><\/div><\/div><\/div><\/div><\/div><\/article><!-- The Grid item #50 --><article class=\"tg-item tg-post-1342 lome f22\" data-row=\"1\" data-col=\"1\"><div class=\"tg-item-inner\"><div class=\"tg-item-media-holder tg-light\"><div class=\"tg-item-media-inner\"><img loading=\"lazy\" decoding=\"async\" class=\"tg-item-image\" alt=\"\" width=\"500\" height=\"500\" src=\"https:\/\/medienplattform.wmk-karlsruhe.de\/wmk-karlsruhe-de-medienplattform\/wp-content\/uploads\/WMK-WAS-1-500x500.jpg\"><\/div><div class=\"tg-item-overlay\"><\/div><div class=\"tg-item-content\"><div class=\"tg-center-holder\"><div class=\"tg-center-inner\"><a class=\"tg-item-link\" href=\"https:\/\/medienplattform.wmk-karlsruhe.de\/wmk-karlsruhe-de-medienplattform\/ist-der-laaaaaaaag\/\" target=\"_self\"><\/a><span class=\"tg-item-date\">4. August 2016<\/span><h2 class=\"tg-item-title\"><a href=\"https:\/\/medienplattform.wmk-karlsruhe.de\/wmk-karlsruhe-de-medienplattform\/ist-der-laaaaaaaag\/\" target=\"_self\">Ist der laaaaaaaag!<\/a><\/h2><\/div><\/div><\/div><\/div><\/div><\/article><!-- The Grid item #51 --><article class=\"tg-item tg-post-477 lome f22\" data-row=\"1\" data-col=\"1\"><div class=\"tg-item-inner\"><div class=\"tg-item-media-holder tg-light\"><div class=\"tg-item-media-inner\"><img loading=\"lazy\" decoding=\"async\" class=\"tg-item-image\" alt=\"\" width=\"500\" height=\"500\" src=\"https:\/\/medienplattform.wmk-karlsruhe.de\/wmk-karlsruhe-de-medienplattform\/wp-content\/uploads\/WMK-WAS-3-500x500.jpg\"><\/div><div class=\"tg-item-overlay\"><\/div><div class=\"tg-item-content\"><div class=\"tg-center-holder\"><div class=\"tg-center-inner\"><a class=\"tg-item-link\" href=\"https:\/\/medienplattform.wmk-karlsruhe.de\/wmk-karlsruhe-de-medienplattform\/aus-einar-wird-lili\/\" target=\"_self\"><\/a><span class=\"tg-item-date\">4. August 2016<\/span><h2 class=\"tg-item-title\"><a href=\"https:\/\/medienplattform.wmk-karlsruhe.de\/wmk-karlsruhe-de-medienplattform\/aus-einar-wird-lili\/\" target=\"_self\">Aus Einar wird Lili<\/a><\/h2><\/div><\/div><\/div><\/div><\/div><\/article><!-- The Grid item #52 --><article class=\"tg-item tg-post-1359 lome f22\" data-row=\"1\" data-col=\"1\"><div class=\"tg-item-inner\"><div class=\"tg-item-media-holder tg-light\"><div class=\"tg-item-media-inner\"><img loading=\"lazy\" decoding=\"async\" class=\"tg-item-image\" alt=\"\" width=\"500\" height=\"500\" src=\"https:\/\/medienplattform.wmk-karlsruhe.de\/wmk-karlsruhe-de-medienplattform\/wp-content\/uploads\/WMK-WAS-4-500x500.jpg\"><\/div><div class=\"tg-item-overlay\"><\/div><div class=\"tg-item-content\"><div class=\"tg-center-holder\"><div class=\"tg-center-inner\"><a class=\"tg-item-link\" href=\"https:\/\/medienplattform.wmk-karlsruhe.de\/wmk-karlsruhe-de-medienplattform\/die-obergrenzen-respektieren\/\" target=\"_self\"><\/a><span class=\"tg-item-date\">4. August 2016<\/span><h2 class=\"tg-item-title\"><a href=\"https:\/\/medienplattform.wmk-karlsruhe.de\/wmk-karlsruhe-de-medienplattform\/die-obergrenzen-respektieren\/\" target=\"_self\">Die Obergrenzen respektieren \u2026<\/a><\/h2><\/div><\/div><\/div><\/div><\/div><\/article><!-- The Grid item #53 --><article class=\"tg-item tg-post-2018 lome f22\" data-row=\"1\" data-col=\"1\"><div class=\"tg-item-inner\"><div class=\"tg-item-media-holder tg-light\"><div class=\"tg-item-media-inner\"><img loading=\"lazy\" decoding=\"async\" class=\"tg-item-image\" alt=\"\" width=\"500\" height=\"500\" src=\"https:\/\/medienplattform.wmk-karlsruhe.de\/wmk-karlsruhe-de-medienplattform\/wp-content\/uploads\/WMK-WAS-4-500x500.jpg\"><\/div><div class=\"tg-item-overlay\"><\/div><div class=\"tg-item-content\"><div class=\"tg-center-holder\"><div class=\"tg-center-inner\"><a class=\"tg-item-link\" href=\"https:\/\/medienplattform.wmk-karlsruhe.de\/wmk-karlsruhe-de-medienplattform\/und-mit-der-untergrenze-die-sau-rauslassen\/\" target=\"_self\"><\/a><span class=\"tg-item-date\">4. August 2016<\/span><h2 class=\"tg-item-title\"><a href=\"https:\/\/medienplattform.wmk-karlsruhe.de\/wmk-karlsruhe-de-medienplattform\/und-mit-der-untergrenze-die-sau-rauslassen\/\" target=\"_self\">\u2026 und mit der Untergrenze die Sau rauslassen<\/a><\/h2><\/div><\/div><\/div><\/div><\/div><\/article><!-- The Grid item #54 --><article class=\"tg-item tg-post-1361 lome f22\" data-row=\"1\" data-col=\"1\"><div class=\"tg-item-inner\"><div class=\"tg-item-media-holder tg-light\"><div class=\"tg-item-media-inner\"><img loading=\"lazy\" decoding=\"async\" class=\"tg-item-image\" alt=\"\" width=\"500\" height=\"500\" src=\"https:\/\/medienplattform.wmk-karlsruhe.de\/wmk-karlsruhe-de-medienplattform\/wp-content\/uploads\/gch_kit_wiss5-500x500.jpg\"><\/div><div class=\"tg-item-overlay\"><\/div><div class=\"tg-item-content\"><div class=\"tg-center-holder\"><div class=\"tg-center-inner\"><a class=\"tg-item-link\" href=\"https:\/\/medienplattform.wmk-karlsruhe.de\/wmk-karlsruhe-de-medienplattform\/fauch\/\" target=\"_self\"><\/a><span class=\"tg-item-date\">4. August 2016<\/span><h2 class=\"tg-item-title\"><a href=\"https:\/\/medienplattform.wmk-karlsruhe.de\/wmk-karlsruhe-de-medienplattform\/fauch\/\" target=\"_self\">Fauch!<\/a><\/h2><\/div><\/div><\/div><\/div><\/div><\/article><!-- The Grid item #55 --><article class=\"tg-item tg-post-1357 lome f22\" data-row=\"1\" data-col=\"1\"><div class=\"tg-item-inner\"><div class=\"tg-item-media-holder tg-light\"><div class=\"tg-item-media-inner\"><img loading=\"lazy\" decoding=\"async\" class=\"tg-item-image\" alt=\"\" width=\"500\" height=\"500\" src=\"https:\/\/medienplattform.wmk-karlsruhe.de\/wmk-karlsruhe-de-medienplattform\/wp-content\/uploads\/grenzen-der-woche-1-500x500.jpg\"><\/div><div class=\"tg-item-overlay\"><\/div><div class=\"tg-item-content\"><div class=\"tg-center-holder\"><div class=\"tg-center-inner\"><a class=\"tg-item-link\" href=\"https:\/\/medienplattform.wmk-karlsruhe.de\/wmk-karlsruhe-de-medienplattform\/grenzen-der-woche\/\" target=\"_self\"><\/a><span class=\"tg-item-date\">4. August 2016<\/span><h2 class=\"tg-item-title\"><a href=\"https:\/\/medienplattform.wmk-karlsruhe.de\/wmk-karlsruhe-de-medienplattform\/grenzen-der-woche\/\" target=\"_self\">Grenzen der Woche<\/a><\/h2><\/div><\/div><\/div><\/div><\/div><\/article><!-- The Grid item #56 --><article class=\"tg-item tg-post-2050 lome f22\" data-row=\"1\" data-col=\"1\"><div class=\"tg-item-inner\"><div class=\"tg-item-media-holder tg-light\"><div class=\"tg-item-media-inner\"><img loading=\"lazy\" decoding=\"async\" class=\"tg-item-image\" alt=\"\" width=\"500\" height=\"500\" src=\"https:\/\/medienplattform.wmk-karlsruhe.de\/wmk-karlsruhe-de-medienplattform\/wp-content\/uploads\/wo-das-leben-ueberall-an-grenzen-stoesst-500x500.jpg\"><\/div><div class=\"tg-item-overlay\"><\/div><div class=\"tg-item-content\"><div class=\"tg-center-holder\"><div class=\"tg-center-inner\"><a class=\"tg-item-link\" href=\"https:\/\/medienplattform.wmk-karlsruhe.de\/wmk-karlsruhe-de-medienplattform\/wo-das-leben-ueberall-an-grenzen-stoesst\/\" target=\"_self\"><\/a><span class=\"tg-item-date\">4. August 2016<\/span><h2 class=\"tg-item-title\"><a href=\"https:\/\/medienplattform.wmk-karlsruhe.de\/wmk-karlsruhe-de-medienplattform\/wo-das-leben-ueberall-an-grenzen-stoesst\/\" target=\"_self\">Wo das Leben \u00fcberall an Grenzen st\u00f6\u00dft<\/a><\/h2><\/div><\/div><\/div><\/div><\/div><\/article><!-- The Grid item #57 --><article class=\"tg-item tg-post-2054 lome f22\" data-row=\"1\" data-col=\"1\"><div class=\"tg-item-inner\"><div class=\"tg-item-media-holder tg-light\"><div class=\"tg-item-media-inner\"><img loading=\"lazy\" decoding=\"async\" class=\"tg-item-image\" alt=\"\" width=\"500\" height=\"500\" src=\"https:\/\/medienplattform.wmk-karlsruhe.de\/wmk-karlsruhe-de-medienplattform\/wp-content\/uploads\/Grenzueberschreiter-500x500.jpg\"><\/div><div class=\"tg-item-overlay\"><\/div><div class=\"tg-item-content\"><div class=\"tg-center-holder\"><div class=\"tg-center-inner\"><a class=\"tg-item-link\" href=\"https:\/\/medienplattform.wmk-karlsruhe.de\/wmk-karlsruhe-de-medienplattform\/der-grenzueberschreiter\/\" target=\"_self\"><\/a><span class=\"tg-item-date\">4. August 2016<\/span><h2 class=\"tg-item-title\"><a href=\"https:\/\/medienplattform.wmk-karlsruhe.de\/wmk-karlsruhe-de-medienplattform\/der-grenzueberschreiter\/\" target=\"_self\">Der Grenz\u00fcberschreiter<\/a><\/h2><\/div><\/div><\/div><\/div><\/div><\/article><!-- The Grid item #58 --><article class=\"tg-item tg-post-2482 lome f57\" data-row=\"1\" data-col=\"1\"><div class=\"tg-item-inner\"><div class=\"tg-item-media-holder tg-light\"><div class=\"tg-item-media-inner\"><img loading=\"lazy\" decoding=\"async\" class=\"tg-item-image\" alt=\"\" width=\"500\" height=\"500\" src=\"https:\/\/medienplattform.wmk-karlsruhe.de\/wmk-karlsruhe-de-medienplattform\/wp-content\/uploads\/wmk-mp-ev-katerstimmung-500x500.jpg\"><\/div><div class=\"tg-item-overlay\"><\/div><div class=\"tg-item-content\"><div class=\"tg-center-holder\"><div class=\"tg-center-inner\"><a class=\"tg-item-link\" href=\"https:\/\/medienplattform.wmk-karlsruhe.de\/wmk-karlsruhe-de-medienplattform\/katerstimmung\/\" target=\"_self\"><\/a><span class=\"tg-item-date\">27. M\u00e4rz 2016<\/span><h2 class=\"tg-item-title\"><a href=\"https:\/\/medienplattform.wmk-karlsruhe.de\/wmk-karlsruhe-de-medienplattform\/katerstimmung\/\" target=\"_self\">Katerstimmung<\/a><\/h2><\/div><\/div><\/div><\/div><\/div><\/article><!-- The Grid item #59 --><article class=\"tg-item tg-post-1610 lome f54\" data-row=\"1\" data-col=\"1\"><div class=\"tg-item-inner\"><div class=\"tg-item-media-holder tg-light\"><div class=\"tg-item-media-inner\"><div class=\"tg-item-gallery-holder\"><img loading=\"lazy\" decoding=\"async\" class=\"tg-item-image first-image show\" alt=\"\" width=\"500\" height=\"500\" src=\"https:\/\/medienplattform.wmk-karlsruhe.de\/wmk-karlsruhe-de-medienplattform\/wp-content\/uploads\/WMK-DB-JannetteJareb-01-500x500.jpg\"><div class=\"tg-item-image\" style=\"background-image: url(https:\/\/medienplattform.wmk-karlsruhe.de\/wmk-karlsruhe-de-medienplattform\/wp-content\/uploads\/WMK-DB-FlorianGiek-02-500x500.jpg)\"><\/div><div class=\"tg-item-image\" style=\"background-image: url(https:\/\/medienplattform.wmk-karlsruhe.de\/wmk-karlsruhe-de-medienplattform\/wp-content\/uploads\/WMK-DB-LauraBittner-05-2-500x500.jpg)\"><\/div><div class=\"tg-item-image\" style=\"background-image: url(https:\/\/medienplattform.wmk-karlsruhe.de\/wmk-karlsruhe-de-medienplattform\/wp-content\/uploads\/WMK-DB-AndreThielen-01-500x500.jpg)\"><\/div><div class=\"tg-item-image\" style=\"background-image: url(https:\/\/medienplattform.wmk-karlsruhe.de\/wmk-karlsruhe-de-medienplattform\/wp-content\/uploads\/WMK-DB-RominaRuoss-01-500x500.jpg)\"><\/div><div class=\"tg-item-image\" style=\"background-image: url(https:\/\/medienplattform.wmk-karlsruhe.de\/wmk-karlsruhe-de-medienplattform\/wp-content\/uploads\/WMK-DB-CarolineTriebler-06-500x500.jpg)\"><\/div><div class=\"tg-item-image\" style=\"background-image: url(https:\/\/medienplattform.wmk-karlsruhe.de\/wmk-karlsruhe-de-medienplattform\/wp-content\/uploads\/WMK-DB-TimKostenzer-07-500x500.jpg)\"><\/div><\/div><\/div><div class=\"tg-item-overlay\"><\/div><div class=\"tg-item-content\"><div class=\"tg-center-holder\"><div class=\"tg-center-inner\"><a class=\"tg-item-link\" href=\"http:\/\/digitalebilder.wmk-karlsruhe.de\/masterklasse1\/\" target=\"_blank\"><\/a><span class=\"tg-item-date\">1. M\u00e4rz 2016<\/span><h2 class=\"tg-item-title\"><a href=\"http:\/\/digitalebilder.wmk-karlsruhe.de\/masterklasse1\/\" target=\"_blank\">Masterklasse I (2015\/16)<\/a><\/h2><\/div><\/div><\/div><\/div><\/div><\/article><!-- The Grid item #60 --><article class=\"tg-item tg-post-192 lome f16\" data-row=\"1\" data-col=\"1\"><div class=\"tg-item-inner\"><div class=\"tg-item-media-holder tg-light\"><div class=\"tg-item-media-inner\"><img loading=\"lazy\" decoding=\"async\" class=\"tg-item-image\" alt=\"\" width=\"500\" height=\"500\" src=\"https:\/\/medienplattform.wmk-karlsruhe.de\/wp-content\/uploads\/beck.jpg\"><\/div><div class=\"tg-item-overlay\"><\/div><div class=\"tg-item-content\"><div class=\"tg-center-holder\"><div class=\"tg-center-inner\"><a class=\"tg-item-link\" href=\"https:\/\/medienplattform.wmk-karlsruhe.de\/wmk-karlsruhe-de-medienplattform\/prof-dr-gerald-beck\/\" target=\"_self\"><\/a><span class=\"tg-item-date\">27. Januar 2016<\/span><h2 class=\"tg-item-title\"><a href=\"https:\/\/medienplattform.wmk-karlsruhe.de\/wmk-karlsruhe-de-medienplattform\/prof-dr-gerald-beck\/\" target=\"_self\">Im Interview: Prof. Dr. Gerald Beck<\/a><\/h2><\/div><\/div><\/div><\/div><\/div><\/article><!-- The Grid item #61 --><article class=\"tg-item tg-post-207 lome f16\" data-row=\"1\" data-col=\"1\"><div class=\"tg-item-inner\"><div class=\"tg-item-media-holder tg-light\"><div class=\"tg-item-media-inner\"><img loading=\"lazy\" decoding=\"async\" class=\"tg-item-image\" alt=\"\" width=\"500\" height=\"500\" src=\"https:\/\/medienplattform.wmk-karlsruhe.de\/wp-content\/uploads\/kienhues.jpg\"><\/div><div class=\"tg-item-overlay\"><\/div><div class=\"tg-item-content\"><div class=\"tg-center-holder\"><div class=\"tg-center-inner\"><a class=\"tg-item-link\" href=\"https:\/\/medienplattform.wmk-karlsruhe.de\/wmk-karlsruhe-de-medienplattform\/dr-dorothe-kienhues\/\" target=\"_self\"><\/a><span class=\"tg-item-date\">20. Januar 2016<\/span><h2 class=\"tg-item-title\"><a href=\"https:\/\/medienplattform.wmk-karlsruhe.de\/wmk-karlsruhe-de-medienplattform\/dr-dorothe-kienhues\/\" target=\"_self\">Im Interview: Dr. Dorothe Kienhues<\/a><\/h2><\/div><\/div><\/div><\/div><\/div><\/article><!-- The Grid item #62 --><article class=\"tg-item tg-post-209 lome f16\" data-row=\"1\" data-col=\"1\"><div class=\"tg-item-inner\"><div class=\"tg-item-media-holder tg-light\"><div class=\"tg-item-media-inner\"><img loading=\"lazy\" decoding=\"async\" class=\"tg-item-image\" alt=\"\" width=\"500\" height=\"500\" src=\"https:\/\/medienplattform.wmk-karlsruhe.de\/wp-content\/uploads\/arnold.jpg\"><\/div><div class=\"tg-item-overlay\"><\/div><div class=\"tg-item-content\"><div class=\"tg-center-holder\"><div class=\"tg-center-inner\"><a class=\"tg-item-link\" href=\"https:\/\/medienplattform.wmk-karlsruhe.de\/wmk-karlsruhe-de-medienplattform\/prof-dr-markus-arnold\/\" target=\"_self\"><\/a><span class=\"tg-item-date\">13. Januar 2016<\/span><h2 class=\"tg-item-title\"><a href=\"https:\/\/medienplattform.wmk-karlsruhe.de\/wmk-karlsruhe-de-medienplattform\/prof-dr-markus-arnold\/\" target=\"_self\">Im Interview: Prof. Dr. Markus Arnold<\/a><\/h2><\/div><\/div><\/div><\/div><\/div><\/article><!-- The Grid item #63 --><article class=\"tg-item tg-post-211 lome f16\" data-row=\"1\" data-col=\"1\"><div class=\"tg-item-inner\"><div class=\"tg-item-media-holder tg-light\"><div class=\"tg-item-media-inner\"><img loading=\"lazy\" decoding=\"async\" class=\"tg-item-image\" alt=\"\" width=\"500\" height=\"500\" src=\"https:\/\/medienplattform.wmk-karlsruhe.de\/wp-content\/uploads\/luethje.jpg\"><\/div><div class=\"tg-item-overlay\"><\/div><div class=\"tg-item-content\"><div class=\"tg-center-holder\"><div class=\"tg-center-inner\"><a class=\"tg-item-link\" href=\"https:\/\/medienplattform.wmk-karlsruhe.de\/wmk-karlsruhe-de-medienplattform\/dr-corinna-luethje\/\" target=\"_self\"><\/a><span class=\"tg-item-date\">16. Dezember 2015<\/span><h2 class=\"tg-item-title\"><a href=\"https:\/\/medienplattform.wmk-karlsruhe.de\/wmk-karlsruhe-de-medienplattform\/dr-corinna-luethje\/\" target=\"_self\">Im Interview: Dr. Corinna L\u00fcthje<\/a><\/h2><\/div><\/div><\/div><\/div><\/div><\/article><!-- The Grid item #64 --><article class=\"tg-item tg-post-213 lome f16\" data-row=\"1\" data-col=\"1\"><div class=\"tg-item-inner\"><div class=\"tg-item-media-holder tg-light\"><div class=\"tg-item-media-inner\"><img loading=\"lazy\" decoding=\"async\" class=\"tg-item-image\" alt=\"\" width=\"500\" height=\"500\" src=\"https:\/\/medienplattform.wmk-karlsruhe.de\/wp-content\/uploads\/jungwirth.jpg\"><\/div><div class=\"tg-item-overlay\"><\/div><div class=\"tg-item-content\"><div class=\"tg-center-holder\"><div class=\"tg-center-inner\"><a class=\"tg-item-link\" href=\"https:\/\/medienplattform.wmk-karlsruhe.de\/wmk-karlsruhe-de-medienplattform\/prof-dr-helmut-jungwirth\/\" target=\"_self\"><\/a><span class=\"tg-item-date\">9. Dezember 2015<\/span><h2 class=\"tg-item-title\"><a href=\"https:\/\/medienplattform.wmk-karlsruhe.de\/wmk-karlsruhe-de-medienplattform\/prof-dr-helmut-jungwirth\/\" target=\"_self\">Im Interview: Prof. Dr. Helmut Jungwirth<\/a><\/h2><\/div><\/div><\/div><\/div><\/div><\/article><!-- The Grid item #65 --><article class=\"tg-item tg-post-215 lome f16\" data-row=\"1\" data-col=\"1\"><div class=\"tg-item-inner\"><div class=\"tg-item-media-holder tg-light\"><div class=\"tg-item-media-inner\"><img loading=\"lazy\" decoding=\"async\" class=\"tg-item-image\" alt=\"\" width=\"500\" height=\"500\" src=\"https:\/\/medienplattform.wmk-karlsruhe.de\/wp-content\/uploads\/janich.jpg\"><\/div><div class=\"tg-item-overlay\"><\/div><div class=\"tg-item-content\"><div class=\"tg-center-holder\"><div class=\"tg-center-inner\"><a class=\"tg-item-link\" href=\"https:\/\/medienplattform.wmk-karlsruhe.de\/wmk-karlsruhe-de-medienplattform\/prof-dr-nina-janich\/\" target=\"_self\"><\/a><span class=\"tg-item-date\">2. Dezember 2015<\/span><h2 class=\"tg-item-title\"><a href=\"https:\/\/medienplattform.wmk-karlsruhe.de\/wmk-karlsruhe-de-medienplattform\/prof-dr-nina-janich\/\" target=\"_self\">Im Interview: Prof. Dr. Nina Janich<\/a><\/h2><\/div><\/div><\/div><\/div><\/div><\/article><!-- The Grid item #66 --><article class=\"tg-item tg-post-217 lome f16\" data-row=\"1\" data-col=\"1\"><div class=\"tg-item-inner\"><div class=\"tg-item-media-holder tg-light\"><div class=\"tg-item-media-inner\"><img loading=\"lazy\" decoding=\"async\" class=\"tg-item-image\" alt=\"\" width=\"500\" height=\"500\" src=\"https:\/\/medienplattform.wmk-karlsruhe.de\/wp-content\/uploads\/scheufele.jpg\"><\/div><div class=\"tg-item-overlay\"><\/div><div class=\"tg-item-content\"><div class=\"tg-center-holder\"><div class=\"tg-center-inner\"><a class=\"tg-item-link\" href=\"https:\/\/medienplattform.wmk-karlsruhe.de\/wmk-karlsruhe-de-medienplattform\/prof-dr-dietram-scheufele\/\" target=\"_self\"><\/a><span class=\"tg-item-date\">25. November 2015<\/span><h2 class=\"tg-item-title\"><a href=\"https:\/\/medienplattform.wmk-karlsruhe.de\/wmk-karlsruhe-de-medienplattform\/prof-dr-dietram-scheufele\/\" target=\"_self\">Im Interview: Prof. Dr. Dietram Scheufele<\/a><\/h2><\/div><\/div><\/div><\/div><\/div><\/article><!-- The Grid item #67 --><article class=\"tg-item tg-post-219 lome f16\" data-row=\"1\" data-col=\"1\"><div class=\"tg-item-inner\"><div class=\"tg-item-media-holder tg-light\"><div class=\"tg-item-media-inner\"><img loading=\"lazy\" decoding=\"async\" class=\"tg-item-image\" alt=\"\" width=\"500\" height=\"500\" src=\"https:\/\/medienplattform.wmk-karlsruhe.de\/wp-content\/uploads\/stollfuss.jpg\"><\/div><div class=\"tg-item-overlay\"><\/div><div class=\"tg-item-content\"><div class=\"tg-center-holder\"><div class=\"tg-center-inner\"><a class=\"tg-item-link\" href=\"https:\/\/medienplattform.wmk-karlsruhe.de\/wmk-karlsruhe-de-medienplattform\/dr-sven-stollfuss\/\" target=\"_self\"><\/a><span class=\"tg-item-date\">18. November 2015<\/span><h2 class=\"tg-item-title\"><a href=\"https:\/\/medienplattform.wmk-karlsruhe.de\/wmk-karlsruhe-de-medienplattform\/dr-sven-stollfuss\/\" target=\"_self\">Im Interview: Dr. Sven Stollfu\u00df<\/a><\/h2><\/div><\/div><\/div><\/div><\/div><\/article><!-- The Grid item #68 --><article class=\"tg-item tg-post-221 lome f16\" data-row=\"1\" data-col=\"1\"><div class=\"tg-item-inner\"><div class=\"tg-item-media-holder tg-light\"><div class=\"tg-item-media-inner\"><img loading=\"lazy\" decoding=\"async\" class=\"tg-item-image\" alt=\"\" width=\"500\" height=\"500\" src=\"https:\/\/medienplattform.wmk-karlsruhe.de\/wp-content\/uploads\/dernbach.jpg\"><\/div><div class=\"tg-item-overlay\"><\/div><div class=\"tg-item-content\"><div class=\"tg-center-holder\"><div class=\"tg-center-inner\"><a class=\"tg-item-link\" href=\"https:\/\/medienplattform.wmk-karlsruhe.de\/wmk-karlsruhe-de-medienplattform\/prof-dr-beatrice-dernbach\/\" target=\"_self\"><\/a><span class=\"tg-item-date\">11. November 2015<\/span><h2 class=\"tg-item-title\"><a href=\"https:\/\/medienplattform.wmk-karlsruhe.de\/wmk-karlsruhe-de-medienplattform\/prof-dr-beatrice-dernbach\/\" target=\"_self\">Im Interview: Prof. Dr. Beatrice Dernbach<\/a><\/h2><\/div><\/div><\/div><\/div><\/div><\/article><!-- The Grid item #69 --><article class=\"tg-item tg-post-229 lome f14\" data-row=\"1\" data-col=\"1\"><div class=\"tg-item-inner\"><div class=\"tg-item-media-holder tg-light\"><div class=\"tg-item-media-inner\"><img loading=\"lazy\" decoding=\"async\" class=\"tg-item-image\" alt=\"\" width=\"500\" height=\"500\" src=\"https:\/\/medienplattform.wmk-karlsruhe.de\/wmk-karlsruhe-de-medienplattform\/wp-content\/uploads\/BaumUndBogen-3-500x500.jpg\"><\/div><div class=\"tg-item-overlay\"><\/div><div class=\"tg-item-content\"><div class=\"tg-center-holder\"><div class=\"tg-center-inner\"><a class=\"tg-item-link\" href=\"https:\/\/medienplattform.wmk-karlsruhe.de\/scrollytellings\/baum-und-bogen\/\" target=\"_blank\"><\/a><span class=\"tg-item-date\">3. Februar 2015<\/span><h2 class=\"tg-item-title\"><a href=\"https:\/\/medienplattform.wmk-karlsruhe.de\/scrollytellings\/baum-und-bogen\/\" target=\"_blank\">Baum und Bogen<\/a><\/h2><\/div><\/div><\/div><\/div><\/div><\/article><!-- The Grid item #70 --><article class=\"tg-item tg-post-380 lome f14\" data-row=\"1\" data-col=\"1\"><div class=\"tg-item-inner\"><div class=\"tg-item-media-holder tg-light\"><div class=\"tg-item-media-inner\"><img loading=\"lazy\" decoding=\"async\" class=\"tg-item-image\" alt=\"\" width=\"500\" height=\"500\" src=\"https:\/\/medienplattform.wmk-karlsruhe.de\/wmk-karlsruhe-de-medienplattform\/wp-content\/uploads\/2015\/03\/scrolly-500x500.png\"><\/div><div class=\"tg-item-overlay\"><\/div><div class=\"tg-item-content\"><div class=\"tg-center-holder\"><div class=\"tg-center-inner\"><a class=\"tg-item-link\" href=\"https:\/\/medienplattform.wmk-karlsruhe.de\/scrollytellings\/mehr-als-worte\/\" target=\"_blank\"><\/a><span class=\"tg-item-date\">2. Februar 2015<\/span><h2 class=\"tg-item-title\"><a href=\"https:\/\/medienplattform.wmk-karlsruhe.de\/scrollytellings\/mehr-als-worte\/\" target=\"_blank\">Mehr als Worte<\/a><\/h2><\/div><\/div><\/div><\/div><\/div><\/article><!-- The Grid item #71 --><article class=\"tg-item tg-post-231 lome f14\" data-row=\"1\" data-col=\"1\"><div class=\"tg-item-inner\"><div class=\"tg-item-media-holder tg-light\"><div class=\"tg-item-media-inner\"><img loading=\"lazy\" decoding=\"async\" class=\"tg-item-image\" alt=\"\" width=\"500\" height=\"500\" src=\"https:\/\/medienplattform.wmk-karlsruhe.de\/wmk-karlsruhe-de-medienplattform\/wp-content\/uploads\/anka-500x500.jpg\"><\/div><div class=\"tg-item-overlay\"><\/div><div class=\"tg-item-content\"><div class=\"tg-center-holder\"><div class=\"tg-center-inner\"><a class=\"tg-item-link\" href=\"https:\/\/medienplattform.wmk-karlsruhe.de\/scrollytellings\/anka\/\" target=\"_blank\"><\/a><span class=\"tg-item-date\">1. Februar 2015<\/span><h2 class=\"tg-item-title\"><a href=\"https:\/\/medienplattform.wmk-karlsruhe.de\/scrollytellings\/anka\/\" target=\"_blank\">Ein Bild sagt mehr als 1000 Zahlen<\/a><\/h2><\/div><\/div><\/div><\/div><\/div><\/article><!-- The Grid item #72 --><article class=\"tg-item tg-post-466 lome f13\" data-row=\"1\" data-col=\"1\"><div class=\"tg-item-inner\"><div class=\"tg-item-media-holder tg-light\"><div class=\"tg-item-media-inner\"><div class=\"tg-item-gallery-holder\"><img loading=\"lazy\" decoding=\"async\" class=\"tg-item-image first-image show\" alt=\"\" width=\"500\" height=\"300\" src=\"https:\/\/medienplattform.wmk-karlsruhe.de\/wmk-karlsruhe-de-medienplattform\/wp-content\/uploads\/Smartphone_Beitrag03-750x300-500x300.png\"><div class=\"tg-item-image\" style=\"background-image: url(https:\/\/medienplattform.wmk-karlsruhe.de\/wmk-karlsruhe-de-medienplattform\/wp-content\/uploads\/Trigema_klein-540x350-500x350.jpg)\"><\/div><div class=\"tg-item-image\" style=\"background-image: url(https:\/\/medienplattform.wmk-karlsruhe.de\/wmk-karlsruhe-de-medienplattform\/wp-content\/uploads\/SoLaWi-Beitragsbild.png)\"><\/div><div class=\"tg-item-image\" style=\"background-image: url(https:\/\/medienplattform.wmk-karlsruhe.de\/wmk-karlsruhe-de-medienplattform\/wp-content\/uploads\/KAsharing_Beitragsbild.png)\"><\/div><div class=\"tg-item-image\" style=\"background-image: url(https:\/\/medienplattform.wmk-karlsruhe.de\/wmk-karlsruhe-de-medienplattform\/wp-content\/uploads\/BEITRAGSBILD.png)\"><\/div><div class=\"tg-item-image\" style=\"background-image: url(https:\/\/medienplattform.wmk-karlsruhe.de\/wmk-karlsruhe-de-medienplattform\/wp-content\/uploads\/sei-haltbar-logo-500x500.jpg)\"><\/div><div class=\"tg-item-image\" style=\"background-image: url(https:\/\/medienplattform.wmk-karlsruhe.de\/wmk-karlsruhe-de-medienplattform\/wp-content\/uploads\/BWB_2-540x350-500x350.png)\"><\/div><\/div><\/div><div class=\"tg-item-overlay\"><\/div><div class=\"tg-item-content\"><div class=\"tg-center-holder\"><div class=\"tg-center-inner\"><a class=\"tg-item-link\" href=\"http:\/\/sei-haltbar.de\" target=\"_blank\"><\/a><span class=\"tg-item-date\">1. August 2014<\/span><h2 class=\"tg-item-title\"><a href=\"http:\/\/sei-haltbar.de\" target=\"_blank\">Sei-haltbar \u2013 Das Projekt<\/a><\/h2><\/div><\/div><\/div><\/div><\/div><\/article><\/div><\/div><!-- The Grid Wrapper End -->\n<h1>Andere Projekte<\/h1>\n<!-- The Grid Plugin Version 2.1.0 --><!-- The Grid Wrapper Start --><div class=\"tg-grid-wrapper tg-txt\" id=\"grid-1685\" data-version=\"2.1.0\"><!-- The Grid Styles --><style class=\"tg-grid-styles\" type=\"text\/css\" scoped>#grid-1685{margin-bottom:30px}#grid-1685 .tg-nav-color:not(.dots):not(.tg-dropdown-value):not(.tg-dropdown-title):hover,#grid-1685 .tg-nav-color:hover .tg-nav-color,#grid-1685 .tg-page-number.tg-page-current,#grid-1685 .tg-filter.tg-filter-active span{color:#007bea}#grid-1685 .tg-filter:before,#grid-1685 .tg-filter.tg-filter-active:before{color:#000000}#grid-1685 .tg-dropdown-holder,#grid-1685 .tg-search-inner,#grid-1685 .tg-sorter-order{border:1px solid #AAAAAA}#grid-1685 .tg-search-clear,#grid-1685 .tg-search-clear:hover{border:none;border-left:1px solid #AAAAAA}.tg-txt .tg-nav-font,.tg-txt input[type=text].tg-search{font-size:14px;font-weight:600}.tg-txt .tg-search::-webkit-input-placeholder{font-size:14px}.tg-txt .tg-search::-moz-placeholder{font-size:14px}.tg-txt .tg-search:-ms-input-placeholder{font-size:14px}.tg-txt .tg-icon-left-arrow:before{content:\"\\e604\";font-size:32px;font-weight:100}.tg-txt .tg-icon-right-arrow:before{content:\"\\e602\";font-size:32px;font-weight:100}.tg-txt .tg-icon-dropdown-open:before,.tg-txt .tg-icon-sorter-down:before{content:\"\\e60a\"}.tg-txt .tg-icon-sorter-up:before{content:\"\\e609\"}.tg-txt .tg-search-clear:before{content:\"\\e611\";font-weight:300}.tg-txt .tg-search-icon:before{content:\"\\e62e\";font-size:16px;font-weight:600}#grid-1685 .tg-nav-color,#grid-1685 .tg-search-icon:hover:before,#grid-1685 .tg-search-icon:hover input,#grid-1685 .tg-disabled:hover .tg-icon-left-arrow,#grid-1685 .tg-disabled:hover .tg-icon-right-arrow,#grid-1685 .tg-dropdown-title.tg-nav-color:hover{color:#000000}#grid-1685 input.tg-search:hover{color:#000000 !important}#grid-1685 input.tg-search::-webkit-input-placeholder{color:#000000}#grid-1685 input.tg-search::-moz-placeholder{color:#000000;opacity:1}#grid-1685 input.tg-search:-ms-input-placeholder{color:#000000}.grid-1685 .tg-dropdown-item{color:#777777;background:#ffffff}.grid-1685 .tg-filter-active,.grid-1685 .tg-dropdown-item:hover{color:#444444;background:#f5f6fa}#grid-1685 .tg-slider-bullets li.tg-active-item span{background:#59585b}#grid-1685 .tg-slider-bullets li span{background:#DDDDDD}#grid-1685 .tg-grid-area-top1{margin-left:-10px;padding-bottom:10px;text-align:left}.lome a,.lome a:active,.lome a:focus,.lome .tg-cats-holder,.lome .tg-item-title{text-decoration:none;border:none;-webkit-box-shadow:none;box-shadow:none;-webkit-transition:opacity 0.25s ease,color 0.25s ease,-webkit-transform 0.3s ease-in-out;-moz-transition:opacity 0.25s ease,color 0.25s ease,-moz-transform 0.3s ease-in-out;-ms-transition:opacity 0.25s ease,color 0.25s ease,-ms-transform 0.3s ease-in-out;-o-transition:opacity 0.25s ease,color 0.25s ease,-o-transform 0.3s ease-in-out;transition:opacity 0.25s ease,color 0.25s ease,transform 0.3s ease-in-out}.lome.tg-item{overflow:hidden}.lome .tg-center-holder{text-align:center}.lome .tg-item-content,.lome .tg-item-media-holder,.lome .tg-item-overlay{position:absolute;display:block;top:0;left:0;bottom:0;right:0}.lome:hover .tg-item-overlay{opacity:0.1}.lome .tg-item-content{margin:22px}.lome .tg-item-link{position:absolute;display:block;top:-500%;left:-22px;right:-22px;height:1000%}.lome .tg-item-title,.lome .tg-item-title a{position:relative;display:block;font-size:20px;line-height:26px;font-weight:600;margin:0 !important;padding:0 !important;text-transform:uppercase}.tg-layout-justified .lome .tg-item-title,.tg-layout-justified .lome .tg-item-title a{font-size:14px;line-height:18px}.lome .tg-item-title{margin:10px 0 0 0!important}.lome .tg-item-date{position:relative;display:block;font-size:14px;line-height:16px;margin:0;padding:0;font-style:italic}.tg-layout-justified .lome .tg-item-date{font-size:12px;line-height:16px}.lome .tg-media-button{position:absolute;display:block;bottom:0;right:0;width:20px;height:20px;cursor:pointer;text-align:center}.lome .tg-cats-holder a:hover,.lome .tg-media-button:hover{opacity:0.75}.lome .tg-media-button i{position:relative;display:block;width:20px;height:20px;font-size:18px;line-height:20px;cursor:pointer}.lome .tg-media-button .tg-icon-add{font-size:28px}.lome .mejs-overlay-play{display:none !important}.tg-item .tg-dark div,.tg-item .tg-dark h1,.tg-item .tg-dark h1 a,.tg-item .tg-dark h2,.tg-item .tg-dark h2 a,.tg-item .tg-dark h3,.tg-item .tg-dark h3 a,.tg-item .tg-dark h4,.tg-item .tg-dark h4 a,.tg-item .tg-dark h5,.tg-item .tg-dark h5 a,.tg-item .tg-dark h6,.tg-item .tg-dark h6 a,.tg-item .tg-dark a,.tg-item .tg-dark a.tg-link-url,.tg-item .tg-dark i,.tg-item .tg-dark .tg-media-button,.tg-item .tg-dark .tg-item-price span{color:#444444;fill:#444444;stroke:#444444;border-color:#444444}.tg-item .tg-dark p,.tg-item .tg-dark ol,.tg-item .tg-dark ul,.tg-item .tg-dark li{color:#777777;fill:#777777;stroke:#777777;border-color:#777777}.tg-item .tg-dark span,.tg-item .tg-dark .no-liked .to-heart-icon path,.tg-item .tg-dark .empty-heart .to-heart-icon path,.tg-item .tg-dark .tg-item-comment i,.tg-item .tg-dark .tg-item-price del span{color:#999999;fill:#999999;stroke:#999999;border-color:#999999}.tg-item .tg-light div,.tg-item .tg-light h1,.tg-item .tg-light h1 a,.tg-item .tg-light h2,.tg-item .tg-light h2 a,.tg-item .tg-light h3,.tg-item .tg-light h3 a,.tg-item .tg-light h4,.tg-item .tg-light h4 a,.tg-item .tg-light h5,.tg-item .tg-light h5 a,.tg-item .tg-light h6,.tg-item .tg-light h6 a,.tg-item .tg-light a,.tg-item .tg-light a.tg-link-url,.tg-item .tg-light i,.tg-item .tg-light .tg-media-button,.tg-item .tg-light .tg-item-price span{color:#ffffff;fill:#ffffff;stroke:#ffffff;border-color:#ffffff}.tg-item .tg-light p,.tg-item .tg-light ol,.tg-item .tg-light ul,.tg-item .tg-light li{color:#f6f6f6;fill:#f6f6f6;stroke:#f6f6f6;border-color:#f6f6f6}.tg-item .tg-light span,.tg-item .tg-light .no-liked .to-heart-icon path,.tg-item .tg-light .empty-heart .to-heart-icon path,.tg-item .tg-light .tg-item-comment i,.tg-item .tg-light .tg-item-price del span{color:#f5f5f5;fill:#f5f5f5;stroke:#f5f5f5;border-color:#f5f5f5}#grid-1685 .tg-item-content-holder{background-color:#0a0a0a}#grid-1685 .tg-item-overlay{background-color:rgba(0,123,255,0.6)}.tg-grid-holder{padding:30px 0 40px 0}.lome .tg-item-date{display:none}.tg-layout-justified .lome .tg-item-title,.tg-layout-justified .lome .tg-item-title a{letter-spacing:0px;font-size:1em;line-height:1.5;text-transform:none;font-weight:400}.tg-filter-name{padding:0px 5px 0px 10px}.tg-txt .tg-nav-font{text-transform:none;font-size:28px;font-weight:300;line-height:1.4}.flex-control-nav{bottom:10px}.flex-control-nav a{display:block;width:10px;height:10px;background-color:#000000;border-radius:10em;opacity:0.4;-webkit-transition:opacity 0.3s ease;transition:opacity 0.3s ease}<\/style><!-- The Grid Item Sizer --><div class=\"tg-grid-sizer\"><\/div><!-- The Grid Gutter Sizer --><div class=\"tg-gutter-sizer\"><\/div><!-- The Grid Items Holder --><div class=\"tg-grid-holder tg-layout-justified\"  data-name=\"projekte\"  data-style=\"justified\" data-row=\"1\" data-layout=\"vertical\" data-rtl=\"\" data-fitrows=\"\" data-filtercomb=\"\" data-filterlogic=\"AND\" data-filterload =\"\" data-sortbyload =\"\" data-orderload =\"true\" data-fullwidth=\"\" data-fullheight=\"null\" data-gutters=\"[[320,15],[480,10],[768,10],[980,10],[1280,10],[9999,10]]\" data-slider='{\"itemNav\":\"null\",\"swingSpeed\":0.1,\"cycleBy\":\"null\",\"cycle\":5000,\"startAt\":1}' data-ratio=\"1.17\" data-cols=\"[[320,&quot;1&quot;],[480,&quot;2&quot;],[768,&quot;3&quot;],[980,&quot;4&quot;],[1280,&quot;4&quot;],[9999,&quot;4&quot;]]\" data-rows=\"[[320,300],[480,220],[768,220],[980,220],[1280,240],[9999,240]]\" data-animation=\"{&quot;name&quot;:&quot;Fade in&quot;,&quot;visible&quot;:&quot;&quot;,&quot;hidden&quot;:&quot;&quot;}\" data-transition=\"300ms\" data-ajaxmethod=\"\" data-ajaxdelay=\"100\" data-preloader=\"\" data-itemdelay=\"100\" data-gallery=\"1\" data-ajax=\"\"><!-- The Grid item #1 --><article class=\"tg-item tg-post-3138 lome\" data-row=\"1\" data-col=\"1\"><div class=\"tg-item-inner\"><div class=\"tg-item-media-holder tg-light\"><div class=\"tg-item-media-inner\"><img loading=\"lazy\" decoding=\"async\" class=\"tg-item-image\" alt=\"\" width=\"480\" height=\"480\" src=\"https:\/\/medienplattform.wmk-karlsruhe.de\/wmk-karlsruhe-de-medienplattform\/wp-content\/uploads\/Kurs-Social-Media-Bock-auf-Karlsruhe.png\"><\/div><div class=\"tg-item-overlay\" style=\"background-color:rgba(206,104,2,0.8)\"><\/div><div class=\"tg-item-content\"><div class=\"tg-center-holder\"><div class=\"tg-center-inner\"><a class=\"tg-item-link\" href=\"https:\/\/medienplattform.wmk-karlsruhe.de\/wmk-karlsruhe-de-medienplattform\/bock-auf-einblick-in-die-arbeit-einer-social-media-redaktion\/\" target=\"_self\"><\/a><span class=\"tg-item-date\">18. September 2023<\/span><h2 class=\"tg-item-title\"><a href=\"https:\/\/medienplattform.wmk-karlsruhe.de\/wmk-karlsruhe-de-medienplattform\/bock-auf-einblick-in-die-arbeit-einer-social-media-redaktion\/\" target=\"_self\">BOCK auf Einblick in die Arbeit einer Social-Media-Redaktion?<\/a><\/h2><\/div><\/div><\/div><\/div><\/div><\/article><!-- The Grid item #2 --><article class=\"tg-item tg-post-3133 lome\" data-row=\"1\" data-col=\"1\"><div class=\"tg-item-inner\"><div class=\"tg-item-media-holder tg-light\"><div class=\"tg-item-media-inner\"><img loading=\"lazy\" decoding=\"async\" class=\"tg-item-image\" alt=\"\" width=\"480\" height=\"480\" src=\"https:\/\/medienplattform.wmk-karlsruhe.de\/wmk-karlsruhe-de-medienplattform\/wp-content\/uploads\/Traktor.png\"><\/div><div class=\"tg-item-overlay\" style=\"background-color:rgba(198,1,97,0.8)\"><\/div><div class=\"tg-item-content\"><div class=\"tg-center-holder\"><div class=\"tg-center-inner\"><a class=\"tg-item-link\" href=\"https:\/\/medienplattform.wmk-karlsruhe.de\/wmk-karlsruhe-de-medienplattform\/pfas-ein-gift-fuer-alles\/\" target=\"_self\"><\/a><span class=\"tg-item-date\">31. August 2023<\/span><h2 class=\"tg-item-title\"><a href=\"https:\/\/medienplattform.wmk-karlsruhe.de\/wmk-karlsruhe-de-medienplattform\/pfas-ein-gift-fuer-alles\/\" target=\"_self\">PFAS: Ein Gift f\u00fcr Alle(s)?<\/a><\/h2><\/div><\/div><\/div><\/div><\/div><\/article><!-- The Grid item #3 --><article class=\"tg-item tg-post-3124 lome\" data-row=\"1\" data-col=\"1\"><div class=\"tg-item-inner\"><div class=\"tg-item-media-holder tg-light\"><div class=\"tg-item-media-inner\"><img loading=\"lazy\" decoding=\"async\" class=\"tg-item-image\" alt=\"\" width=\"500\" height=\"500\" src=\"https:\/\/medienplattform.wmk-karlsruhe.de\/wmk-karlsruhe-de-medienplattform\/wp-content\/uploads\/Audiofeature-Bild-Quadrat-e1695820118100-500x500.png\"><\/div><div class=\"tg-item-overlay\" style=\"background-color:rgba(39,230,166,0.8)\"><\/div><div class=\"tg-item-content\"><div class=\"tg-center-holder\"><div class=\"tg-center-inner\"><a class=\"tg-item-link\" href=\"https:\/\/medienplattform.wmk-karlsruhe.de\/wmk-karlsruhe-de-medienplattform\/true-crime-podcasts\/\" target=\"_self\"><\/a><span class=\"tg-item-date\">24. August 2023<\/span><h2 class=\"tg-item-title\"><a href=\"https:\/\/medienplattform.wmk-karlsruhe.de\/wmk-karlsruhe-de-medienplattform\/true-crime-podcasts\/\" target=\"_self\">True-Crime-Podcasts<\/a><\/h2><\/div><\/div><\/div><\/div><\/div><\/article><!-- The Grid item #4 --><article class=\"tg-item tg-post-3109 lome\" data-row=\"1\" data-col=\"1\"><div class=\"tg-item-inner\"><div class=\"tg-item-media-holder tg-light\"><div class=\"tg-item-media-inner\"><img loading=\"lazy\" decoding=\"async\" class=\"tg-item-image\" alt=\"Text: Hei\u00df hier. Aber waren Sie schon mal in Karlsruhe?\" width=\"500\" height=\"500\" src=\"https:\/\/medienplattform.wmk-karlsruhe.de\/wmk-karlsruhe-de-medienplattform\/wp-content\/uploads\/WMK-Medienplattform-Quadratisch-500x500.jpg\"><\/div><div class=\"tg-item-overlay\" style=\"background-color:rgba(255,140,5,0.8)\"><\/div><div class=\"tg-item-content\"><div class=\"tg-center-holder\"><div class=\"tg-center-inner\"><a class=\"tg-item-link\" href=\"https:\/\/medienplattform.wmk-karlsruhe.de\/wmk-karlsruhe-de-medienplattform\/hitze-hochburg-karlsruhe\/\" target=\"_self\"><\/a><span class=\"tg-item-date\">13. Juli 2023<\/span><h2 class=\"tg-item-title\"><a href=\"https:\/\/medienplattform.wmk-karlsruhe.de\/wmk-karlsruhe-de-medienplattform\/hitze-hochburg-karlsruhe\/\" target=\"_self\">Hitze Hochburg Karlsruhe<\/a><\/h2><\/div><\/div><\/div><\/div><\/div><\/article><!-- The Grid item #5 --><article class=\"tg-item tg-post-3084 lome\" data-row=\"1\" data-col=\"1\"><div class=\"tg-item-inner\"><div class=\"tg-item-media-holder tg-light\"><div class=\"tg-item-media-inner\"><img loading=\"lazy\" decoding=\"async\" class=\"tg-item-image\" alt=\"\" width=\"500\" height=\"500\" src=\"https:\/\/medienplattform.wmk-karlsruhe.de\/wmk-karlsruhe-de-medienplattform\/wp-content\/uploads\/ima_ccf68bd-500x500.jpeg\"><\/div><div class=\"tg-item-overlay\" style=\"background-color:rgba(87,0,193,0.8)\"><\/div><div class=\"tg-item-content\"><div class=\"tg-center-holder\"><div class=\"tg-center-inner\"><a class=\"tg-item-link\" href=\"https:\/\/medienplattform.wmk-karlsruhe.de\/wmk-karlsruhe-de-medienplattform\/digitale-medienpraxis-familienhoerbuch-ggmbh\/\" target=\"_self\"><\/a><span class=\"tg-item-date\">13. Juni 2023<\/span><h2 class=\"tg-item-title\"><a href=\"https:\/\/medienplattform.wmk-karlsruhe.de\/wmk-karlsruhe-de-medienplattform\/digitale-medienpraxis-familienhoerbuch-ggmbh\/\" target=\"_self\">Digitale Medienpraxis Familienh\u00f6rbuch gGmbH<\/a><\/h2><\/div><\/div><\/div><\/div><\/div><\/article><!-- The Grid item #6 --><article class=\"tg-item tg-post-3019 lome\" data-row=\"1\" data-col=\"1\"><div class=\"tg-item-inner\"><div class=\"tg-item-media-holder tg-light\"><div class=\"tg-item-media-inner\"><img loading=\"lazy\" decoding=\"async\" class=\"tg-item-image\" alt=\"\" width=\"500\" height=\"500\" src=\"https:\/\/medienplattform.wmk-karlsruhe.de\/wmk-karlsruhe-de-medienplattform\/wp-content\/uploads\/sultan-birhimeoglu-04-500x500.jpg\"><\/div><div class=\"tg-item-overlay\" style=\"background-color:rgba(18,97,98,0.8)\"><\/div><div class=\"tg-item-content\"><div class=\"tg-center-holder\"><div class=\"tg-center-inner\"><a class=\"tg-item-link\" href=\"https:\/\/medienplattform.wmk-karlsruhe.de\/wmk-karlsruhe-de-medienplattform\/veganismusundprep\/\" target=\"_self\"><\/a><span class=\"tg-item-date\">27. Dezember 2022<\/span><h2 class=\"tg-item-title\"><a href=\"https:\/\/medienplattform.wmk-karlsruhe.de\/wmk-karlsruhe-de-medienplattform\/veganismusundprep\/\" target=\"_self\">Veganismus &amp; PrEP<\/a><\/h2><\/div><\/div><\/div><\/div><\/div><\/article><!-- The Grid item #7 --><article class=\"tg-item tg-post-2897 lome\" data-row=\"1\" data-col=\"1\"><div class=\"tg-item-inner\"><div class=\"tg-item-media-holder tg-light\"><div class=\"tg-item-media-inner\"><img loading=\"lazy\" decoding=\"async\" class=\"tg-item-image\" alt=\"\" width=\"500\" height=\"500\" src=\"https:\/\/medienplattform.wmk-karlsruhe.de\/wmk-karlsruhe-de-medienplattform\/wp-content\/uploads\/software02-500x500.jpg\"><\/div><div class=\"tg-item-overlay\" style=\"background-color:rgba(230,30,0,0.8)\"><\/div><div class=\"tg-item-content\"><div class=\"tg-center-holder\"><div class=\"tg-center-inner\"><a class=\"tg-item-link\" href=\"https:\/\/medienplattform.wmk-karlsruhe.de\/wmk-karlsruhe-de-medienplattform\/softwarekatastrophen-wie-konnte-das-nur-passieren\/\" target=\"_blank\"><\/a><span class=\"tg-item-date\">27. Dezember 2022<\/span><h2 class=\"tg-item-title\"><a href=\"https:\/\/medienplattform.wmk-karlsruhe.de\/wmk-karlsruhe-de-medienplattform\/softwarekatastrophen-wie-konnte-das-nur-passieren\/\" target=\"_blank\">Softwarekatastrophen &#8211; wie konnte das nur passieren?<\/a><\/h2><\/div><\/div><\/div><\/div><\/div><\/article><!-- The Grid item #8 --><article class=\"tg-item tg-post-3045 lome\" data-row=\"1\" data-col=\"1\"><div class=\"tg-item-inner\"><div class=\"tg-item-media-holder tg-light\"><div class=\"tg-item-media-inner\"><img loading=\"lazy\" decoding=\"async\" class=\"tg-item-image\" alt=\"\" width=\"500\" height=\"500\" src=\"https:\/\/medienplattform.wmk-karlsruhe.de\/wmk-karlsruhe-de-medienplattform\/wp-content\/uploads\/J1001989-500x500.jpg\"><\/div><div class=\"tg-item-overlay\" style=\"background-color:rgba(162,216,0,0.8)\"><\/div><div class=\"tg-item-content\"><div class=\"tg-center-holder\"><div class=\"tg-center-inner\"><a class=\"tg-item-link\" href=\"https:\/\/medienplattform.wmk-karlsruhe.de\/wmk-karlsruhe-de-medienplattform\/interviews-mit-gsi-fair-forschenden\/\" target=\"_self\"><\/a><span class=\"tg-item-date\">26. Dezember 2022<\/span><h2 class=\"tg-item-title\"><a href=\"https:\/\/medienplattform.wmk-karlsruhe.de\/wmk-karlsruhe-de-medienplattform\/interviews-mit-gsi-fair-forschenden\/\" target=\"_self\">Interviews mit GSI\/FAIR-Forschenden<\/a><\/h2><\/div><\/div><\/div><\/div><\/div><\/article><!-- The Grid item #9 --><article class=\"tg-item tg-post-2985 lome\" data-row=\"1\" data-col=\"1\"><div class=\"tg-item-inner\"><div class=\"tg-item-media-holder tg-light\"><div class=\"tg-item-media-inner\"><img loading=\"lazy\" decoding=\"async\" class=\"tg-item-image\" alt=\"\" width=\"500\" height=\"500\" src=\"https:\/\/medienplattform.wmk-karlsruhe.de\/wmk-karlsruhe-de-medienplattform\/wp-content\/uploads\/Bildschirmfoto-2022-08-25-um-10.42.39-500x500.png\"><\/div><div class=\"tg-item-overlay\" style=\"background-color:rgba(232,185,0,0.8)\"><\/div><div class=\"tg-item-content\"><div class=\"tg-center-holder\"><div class=\"tg-center-inner\"><a class=\"tg-item-link\" href=\"https:\/\/medienplattform.wmk-karlsruhe.de\/wmk-karlsruhe-de-medienplattform\/pfas-in-mittelbaden-ein-vergessener-skandal\/\" target=\"_self\"><\/a><span class=\"tg-item-date\">25. August 2022<\/span><h2 class=\"tg-item-title\"><a href=\"https:\/\/medienplattform.wmk-karlsruhe.de\/wmk-karlsruhe-de-medienplattform\/pfas-in-mittelbaden-ein-vergessener-skandal\/\" target=\"_self\">PFAS in Mittelbaden \u2013\u00a0Ein vergessener Skandal?<\/a><\/h2><\/div><\/div><\/div><\/div><\/div><\/article><!-- The Grid item #10 --><article class=\"tg-item tg-post-2973 lome\" data-row=\"1\" data-col=\"1\"><div class=\"tg-item-inner\"><div class=\"tg-item-media-holder tg-light\"><div class=\"tg-item-media-inner\"><img loading=\"lazy\" decoding=\"async\" class=\"tg-item-image\" alt=\"Das Wort &quot;Krisenstimmung&quot; vor einem d\u00fcstern Hintergrund\" width=\"500\" height=\"500\" src=\"https:\/\/medienplattform.wmk-karlsruhe.de\/wmk-karlsruhe-de-medienplattform\/wp-content\/uploads\/podcast_krisenstimmung-500x500.jpg\"><\/div><div class=\"tg-item-overlay\" style=\"background-color:rgba(160,160,160,0.8)\"><\/div><div class=\"tg-item-content\"><div class=\"tg-center-holder\"><div class=\"tg-center-inner\"><a class=\"tg-item-link\" href=\"https:\/\/medienplattform.wmk-karlsruhe.de\/wmk-karlsruhe-de-medienplattform\/krisenstimmung\/\" target=\"_self\"><\/a><span class=\"tg-item-date\">8. September 2021<\/span><h2 class=\"tg-item-title\"><a href=\"https:\/\/medienplattform.wmk-karlsruhe.de\/wmk-karlsruhe-de-medienplattform\/krisenstimmung\/\" target=\"_self\">Krisenstimmung<\/a><\/h2><\/div><\/div><\/div><\/div><\/div><\/article><!-- The Grid item #11 --><article class=\"tg-item tg-post-2966 lome\" data-row=\"1\" data-col=\"1\"><div class=\"tg-item-inner\"><div class=\"tg-item-media-holder tg-light\"><div class=\"tg-item-media-inner\"><img loading=\"lazy\" decoding=\"async\" class=\"tg-item-image\" alt=\"\" width=\"500\" height=\"500\" src=\"https:\/\/medienplattform.wmk-karlsruhe.de\/wmk-karlsruhe-de-medienplattform\/wp-content\/uploads\/Visionen-erschaffen_Header-scaled-1-500x500.jpg\"><\/div><div class=\"tg-item-overlay\" style=\"background-color:rgba(221,153,51,0.8)\"><\/div><div class=\"tg-item-content\"><div class=\"tg-center-holder\"><div class=\"tg-center-inner\"><a class=\"tg-item-link\" href=\"https:\/\/medienplattform.wmk-karlsruhe.de\/wmk-karlsruhe-de-medienplattform\/back-to-future\/\" target=\"_self\"><\/a><span class=\"tg-item-date\">11. August 2021<\/span><h2 class=\"tg-item-title\"><a href=\"https:\/\/medienplattform.wmk-karlsruhe.de\/wmk-karlsruhe-de-medienplattform\/back-to-future\/\" target=\"_self\">Back to Future<\/a><\/h2><\/div><\/div><\/div><\/div><\/div><\/article><!-- The Grid item #12 --><article class=\"tg-item tg-post-2951 lome\" data-row=\"1\" data-col=\"1\"><div class=\"tg-item-inner\"><div class=\"tg-item-media-holder tg-light\"><div class=\"tg-item-media-inner\"><img loading=\"lazy\" decoding=\"async\" class=\"tg-item-image\" alt=\"\" width=\"500\" height=\"500\" src=\"https:\/\/medienplattform.wmk-karlsruhe.de\/wmk-karlsruhe-de-medienplattform\/wp-content\/uploads\/traeume_1-500x500.png\"><\/div><div class=\"tg-item-overlay\" style=\"background-color:rgba(43,177,255,0.8)\"><\/div><div class=\"tg-item-content\"><div class=\"tg-center-holder\"><div class=\"tg-center-inner\"><a class=\"tg-item-link\" href=\"https:\/\/medienplattform.wmk-karlsruhe.de\/wmk-karlsruhe-de-medienplattform\/traeume-orte-der-unbegrenzen-moeglichkeiten\/\" target=\"_self\"><\/a><span class=\"tg-item-date\">26. Juli 2021<\/span><h2 class=\"tg-item-title\"><a href=\"https:\/\/medienplattform.wmk-karlsruhe.de\/wmk-karlsruhe-de-medienplattform\/traeume-orte-der-unbegrenzen-moeglichkeiten\/\" target=\"_self\">Tr\u00e4ume &#8211; Orte der unbegrenzten M\u00f6glichkeiten<\/a><\/h2><\/div><\/div><\/div><\/div><\/div><\/article><!-- The Grid item #13 --><article class=\"tg-item tg-post-2941 lome\" data-row=\"1\" data-col=\"1\"><div class=\"tg-item-inner\"><div class=\"tg-item-media-holder tg-light\"><div class=\"tg-item-media-inner\"><img loading=\"lazy\" decoding=\"async\" class=\"tg-item-image\" alt=\"Mit Plastikm\u00fcll verschmutztes Gew\u00e4sser. Im Hintergrund sind Schornsteine einer Fabrik zu sehen.\" width=\"500\" height=\"500\" src=\"https:\/\/medienplattform.wmk-karlsruhe.de\/wmk-karlsruhe-de-medienplattform\/wp-content\/uploads\/pexels-yogendra-singh-2480807-500x500.jpg\"><\/div><div class=\"tg-item-overlay\" style=\"background-color:rgba(211,65,55,0.8)\"><\/div><div class=\"tg-item-content\"><div class=\"tg-center-holder\"><div class=\"tg-center-inner\"><a class=\"tg-item-link\" href=\"https:\/\/medienplattform.wmk-karlsruhe.de\/wmk-karlsruhe-de-medienplattform\/per-und-polyfluorierte-chemikalien-fluch-oder-segen-der-modernen-zeit\/\" target=\"_self\"><\/a><span class=\"tg-item-date\">2. Juli 2021<\/span><h2 class=\"tg-item-title\"><a href=\"https:\/\/medienplattform.wmk-karlsruhe.de\/wmk-karlsruhe-de-medienplattform\/per-und-polyfluorierte-chemikalien-fluch-oder-segen-der-modernen-zeit\/\" target=\"_self\">Per- und polyfluorierte Chemikalien \u2013 Fluch oder Segen der modernen Zeit?<\/a><\/h2><\/div><\/div><\/div><\/div><\/div><\/article><!-- The Grid item #14 --><article class=\"tg-item tg-post-2927 lome\" data-row=\"1\" data-col=\"1\"><div class=\"tg-item-inner\"><div class=\"tg-item-media-holder tg-light\"><div class=\"tg-item-media-inner\"><img loading=\"lazy\" decoding=\"async\" class=\"tg-item-image\" alt=\"\" width=\"500\" height=\"500\" src=\"https:\/\/medienplattform.wmk-karlsruhe.de\/wmk-karlsruhe-de-medienplattform\/wp-content\/uploads\/wmk-wildnis-500x500.png\"><\/div><div class=\"tg-item-overlay\" style=\"background-color:rgba(0,123,33,0.8)\"><\/div><div class=\"tg-item-content\"><div class=\"tg-center-holder\"><div class=\"tg-center-inner\"><a class=\"tg-item-link\" href=\"https:\/\/medienplattform.wmk-karlsruhe.de\/wmk-karlsruhe-de-medienplattform\/eine-spur-wilder\/\" target=\"_self\"><\/a><span class=\"tg-item-date\">3. November 2020<\/span><h2 class=\"tg-item-title\"><a href=\"https:\/\/medienplattform.wmk-karlsruhe.de\/wmk-karlsruhe-de-medienplattform\/eine-spur-wilder\/\" target=\"_self\">Wildnis vor der Haust\u00fcr<\/a><\/h2><\/div><\/div><\/div><\/div><\/div><\/article><!-- The Grid item #15 --><article class=\"tg-item tg-post-2882 lome\" data-row=\"1\" data-col=\"1\"><div class=\"tg-item-inner\"><div class=\"tg-item-media-holder tg-light\"><div class=\"tg-item-media-inner\"><img loading=\"lazy\" decoding=\"async\" class=\"tg-item-image\" alt=\"\" width=\"500\" height=\"500\" src=\"https:\/\/medienplattform.wmk-karlsruhe.de\/wmk-karlsruhe-de-medienplattform\/wp-content\/uploads\/qz_podcast_cover_20200107_720-500x500.jpg\"><\/div><div class=\"tg-item-overlay\" style=\"background-color:rgba(20,0,160,0.7)\"><\/div><div class=\"tg-item-content\"><div class=\"tg-center-holder\"><div class=\"tg-center-inner\"><a class=\"tg-item-link\" href=\"https:\/\/medienplattform.wmk-karlsruhe.de\/wmk-karlsruhe-de-medienplattform\/labor-zukunft-forschung-ohne-kittel\/\" target=\"_self\"><\/a><span class=\"tg-item-date\">16. September 2020<\/span><h2 class=\"tg-item-title\"><a href=\"https:\/\/medienplattform.wmk-karlsruhe.de\/wmk-karlsruhe-de-medienplattform\/labor-zukunft-forschung-ohne-kittel\/\" target=\"_self\">Labor Zukunft \u2013 Forschung ohne Kittel<\/a><\/h2><\/div><\/div><\/div><\/div><\/div><\/article><!-- The Grid item #16 --><article class=\"tg-item tg-post-2716 lome\" data-row=\"1\" data-col=\"1\"><div class=\"tg-item-inner\"><div class=\"tg-item-media-holder tg-light\"><div class=\"tg-item-media-inner\"><div class=\"tg-item-gallery-holder\"><img loading=\"lazy\" decoding=\"async\" class=\"tg-item-image first-image show\" alt=\"\" width=\"500\" height=\"500\" src=\"https:\/\/medienplattform.wmk-karlsruhe.de\/wmk-karlsruhe-de-medienplattform\/wp-content\/uploads\/42583894725_5ed325ba93_o-500x500.jpg\"><div class=\"tg-item-image\" style=\"background-image: url(https:\/\/medienplattform.wmk-karlsruhe.de\/wmk-karlsruhe-de-medienplattform\/wp-content\/uploads\/Kalikokrebs-Adam-Schnabler-500x500.jpg)\"><\/div><div class=\"tg-item-image\" style=\"background-image: url(https:\/\/medienplattform.wmk-karlsruhe.de\/wmk-karlsruhe-de-medienplattform\/wp-content\/uploads\/Bild-500x500.jpg)\"><\/div><div class=\"tg-item-image\" style=\"background-image: url(https:\/\/medienplattform.wmk-karlsruhe.de\/wmk-karlsruhe-de-medienplattform\/wp-content\/uploads\/Blockbebauung_Oststadt-500x500.jpg)\"><\/div><div class=\"tg-item-image\" style=\"background-image: url()\"><\/div><div class=\"tg-item-image\" style=\"background-image: url(https:\/\/medienplattform.wmk-karlsruhe.de\/wmk-karlsruhe-de-medienplattform\/wp-content\/uploads\/Dr.-Andreas-Sch\u00e4fer-500x500.jpeg)\"><\/div><div class=\"tg-item-image\" style=\"background-image: url(https:\/\/medienplattform.wmk-karlsruhe.de\/wmk-karlsruhe-de-medienplattform\/wp-content\/uploads\/IMG_1462-500x500.jpg)\"><\/div><\/div><\/div><div class=\"tg-item-overlay\" style=\"background-color:rgba(0,160,64,0.7)\"><\/div><div class=\"tg-item-content\"><div class=\"tg-center-holder\"><div class=\"tg-center-inner\"><a class=\"tg-item-link\" href=\"https:\/\/medienplattform.wmk-karlsruhe.de\/wmk-karlsruhe-de-medienplattform\/handeln-statt-diskutieren-klimawandel-in-karlsruhe\/\" target=\"_self\"><\/a><span class=\"tg-item-date\">5. September 2019<\/span><h2 class=\"tg-item-title\"><a href=\"https:\/\/medienplattform.wmk-karlsruhe.de\/wmk-karlsruhe-de-medienplattform\/handeln-statt-diskutieren-klimawandel-in-karlsruhe\/\" target=\"_self\">Handeln statt Diskutieren &#8211; Klimawandel in Karlsruhe<\/a><\/h2><\/div><\/div><\/div><\/div><\/div><\/article><!-- The Grid item #17 --><article class=\"tg-item tg-post-2642 lome\" data-row=\"1\" data-col=\"1\"><div class=\"tg-item-inner\"><div class=\"tg-item-media-holder tg-light\"><div class=\"tg-item-media-inner\"><div class=\"tg-item-gallery-holder\"><img loading=\"lazy\" decoding=\"async\" class=\"tg-item-image first-image show\" alt=\"\" width=\"500\" height=\"500\" src=\"https:\/\/medienplattform.wmk-karlsruhe.de\/wmk-karlsruhe-de-medienplattform\/wp-content\/uploads\/campusgefl\u00fcster11-1024x683-e1695821999576-500x500.jpg\"><div class=\"tg-item-image\" style=\"background-image: url(https:\/\/medienplattform.wmk-karlsruhe.de\/wmk-karlsruhe-de-medienplattform\/wp-content\/uploads\/20180612_134747-1024x768-500x500.jpg)\"><\/div><div class=\"tg-item-image\" style=\"background-image: url(https:\/\/medienplattform.wmk-karlsruhe.de\/wmk-karlsruhe-de-medienplattform\/wp-content\/uploads\/Foto-1-1024x768-500x500.jpg)\"><\/div><\/div><\/div><div class=\"tg-item-overlay\" style=\"background-color:rgba(244,146,0,0.7)\"><\/div><div class=\"tg-item-content\"><div class=\"tg-center-holder\"><div class=\"tg-center-inner\"><a class=\"tg-item-link\" href=\"https:\/\/medienplattform.wmk-karlsruhe.de\/wmk-karlsruhe-de-medienplattform\/studieren-in-karlsruhe\/\" target=\"_self\"><\/a><span class=\"tg-item-date\">24. Mai 2019<\/span><h2 class=\"tg-item-title\"><a href=\"https:\/\/medienplattform.wmk-karlsruhe.de\/wmk-karlsruhe-de-medienplattform\/studieren-in-karlsruhe\/\" target=\"_self\">Studieren in Karlsruhe<\/a><\/h2><\/div><\/div><\/div><\/div><\/div><\/article><!-- The Grid item #18 --><article class=\"tg-item tg-post-2574 lome\" data-row=\"1\" data-col=\"1\"><div class=\"tg-item-inner\"><div class=\"tg-item-media-holder tg-light\"><div class=\"tg-item-media-inner\"><img loading=\"lazy\" decoding=\"async\" class=\"tg-item-image\" alt=\"\" width=\"500\" height=\"500\" src=\"https:\/\/medienplattform.wmk-karlsruhe.de\/wmk-karlsruhe-de-medienplattform\/wp-content\/uploads\/beitragsbild-gesundheitssystem-500x500.png\"><\/div><div class=\"tg-item-overlay\" style=\"background-color:rgba(0,130,75,0.7)\"><\/div><div class=\"tg-item-content\"><div class=\"tg-center-holder\"><div class=\"tg-center-inner\"><a class=\"tg-item-link\" href=\"https:\/\/medienplattform.wmk-karlsruhe.de\/wmk-karlsruhe-de-medienplattform\/deutsches-gesundheitssystem\/\" target=\"_self\"><\/a><span class=\"tg-item-date\">11. Mai 2019<\/span><h2 class=\"tg-item-title\"><a href=\"https:\/\/medienplattform.wmk-karlsruhe.de\/wmk-karlsruhe-de-medienplattform\/deutsches-gesundheitssystem\/\" target=\"_self\">Deutsches Gesundheitssystem<\/a><\/h2><\/div><\/div><\/div><\/div><\/div><\/article><!-- The Grid item #19 --><article class=\"tg-item tg-post-1628 lome\" data-row=\"1\" data-col=\"1\"><div class=\"tg-item-inner\"><div class=\"tg-item-media-holder tg-light\"><div class=\"tg-item-media-inner\"><div class=\"tg-item-gallery-holder\"><img loading=\"lazy\" decoding=\"async\" class=\"tg-item-image first-image show\" alt=\"\" width=\"400\" height=\"400\" src=\"https:\/\/medienplattform.wmk-karlsruhe.de\/wmk-karlsruhe-de-medienplattform\/wp-content\/uploads\/beitragsbild-digitale-bilder.jpg\"><div class=\"tg-item-image\" style=\"background-image: url(https:\/\/medienplattform.wmk-karlsruhe.de\/wmk-karlsruhe-de-medienplattform\/wp-content\/uploads\/WMK-DB-larissa-berlinghof-500x400.jpg)\"><\/div><div class=\"tg-item-image\" style=\"background-image: url(https:\/\/medienplattform.wmk-karlsruhe.de\/wmk-karlsruhe-de-medienplattform\/wp-content\/uploads\/sultan-birhimeoglu-500x200.jpg)\"><\/div><div class=\"tg-item-image\" style=\"background-image: url(https:\/\/medienplattform.wmk-karlsruhe.de\/wmk-karlsruhe-de-medienplattform\/wp-content\/uploads\/WMK-DB-celine-haas-500x400.jpg)\"><\/div><div class=\"tg-item-image\" style=\"background-image: url(https:\/\/medienplattform.wmk-karlsruhe.de\/wmk-karlsruhe-de-medienplattform\/wp-content\/uploads\/WMK-DB-joshua-wurm-500x400.jpg)\"><\/div><div class=\"tg-item-image\" style=\"background-image: url(https:\/\/medienplattform.wmk-karlsruhe.de\/wmk-karlsruhe-de-medienplattform\/wp-content\/uploads\/WMK-DB-nikolai-promies2-500x400.jpg)\"><\/div><div class=\"tg-item-image\" style=\"background-image: url(https:\/\/medienplattform.wmk-karlsruhe.de\/wmk-karlsruhe-de-medienplattform\/wp-content\/uploads\/WMK-DB-dominik-palluch-KWS-500x400.jpg)\"><\/div><div class=\"tg-item-image\" style=\"background-image: url(https:\/\/medienplattform.wmk-karlsruhe.de\/wmk-karlsruhe-de-medienplattform\/wp-content\/uploads\/nina-kneule-500x200.jpg)\"><\/div><div class=\"tg-item-image\" style=\"background-image: url(https:\/\/medienplattform.wmk-karlsruhe.de\/wmk-karlsruhe-de-medienplattform\/wp-content\/uploads\/WMK-DB-mariya-grygoryan3-500x400.jpg)\"><\/div><div class=\"tg-item-image\" style=\"background-image: url(https:\/\/medienplattform.wmk-karlsruhe.de\/wmk-karlsruhe-de-medienplattform\/wp-content\/uploads\/WMK-DB-franziska-becker-500x400.jpg)\"><\/div><div class=\"tg-item-image\" style=\"background-image: url(https:\/\/medienplattform.wmk-karlsruhe.de\/wmk-karlsruhe-de-medienplattform\/wp-content\/uploads\/julia-goldstein-500x200.jpg)\"><\/div><div class=\"tg-item-image\" style=\"background-image: url(https:\/\/medienplattform.wmk-karlsruhe.de\/wmk-karlsruhe-de-medienplattform\/wp-content\/uploads\/WMK-DB-TimKostenzer-07-500x500.jpg)\"><\/div><div class=\"tg-item-image\" style=\"background-image: url(https:\/\/medienplattform.wmk-karlsruhe.de\/wmk-karlsruhe-de-medienplattform\/wp-content\/uploads\/WMK-DB-RominaRuoss-01-500x500.jpg)\"><\/div><div class=\"tg-item-image\" style=\"background-image: url(https:\/\/medienplattform.wmk-karlsruhe.de\/wmk-karlsruhe-de-medienplattform\/wp-content\/uploads\/WMK-DB-JannetteJareb-01-500x500.jpg)\"><\/div><div class=\"tg-item-image\" style=\"background-image: url(https:\/\/medienplattform.wmk-karlsruhe.de\/wmk-karlsruhe-de-medienplattform\/wp-content\/uploads\/WMK-DB-FlorianGiek-02-500x500.jpg)\"><\/div><div class=\"tg-item-image\" style=\"background-image: url(https:\/\/medienplattform.wmk-karlsruhe.de\/wmk-karlsruhe-de-medienplattform\/wp-content\/uploads\/WMK-DB-AndreThielen-01-500x500.jpg)\"><\/div><div class=\"tg-item-image\" style=\"background-image: url(https:\/\/medienplattform.wmk-karlsruhe.de\/wmk-karlsruhe-de-medienplattform\/wp-content\/uploads\/WMK-DB-LauraBittner-05-2-500x500.jpg)\"><\/div><div class=\"tg-item-image\" style=\"background-image: url(https:\/\/medienplattform.wmk-karlsruhe.de\/wmk-karlsruhe-de-medienplattform\/wp-content\/uploads\/WMK-DB-tim-bornkessel-500x400.jpg)\"><\/div><div class=\"tg-item-image\" style=\"background-image: url(https:\/\/medienplattform.wmk-karlsruhe.de\/wmk-karlsruhe-de-medienplattform\/wp-content\/uploads\/ludwig-kasten-500x200.jpg)\"><\/div><div class=\"tg-item-image\" style=\"background-image: url(https:\/\/medienplattform.wmk-karlsruhe.de\/wmk-karlsruhe-de-medienplattform\/wp-content\/uploads\/daniel-heinold-500x200.jpg)\"><\/div><\/div><\/div><div class=\"tg-item-overlay\" style=\"background-color:rgba(200,180,10,0.7)\"><\/div><div class=\"tg-item-content\"><div class=\"tg-center-holder\"><div class=\"tg-center-inner\"><a class=\"tg-item-link\" href=\"https:\/\/medienplattform.wmk-karlsruhe.de\/wmk-karlsruhe-de-medienplattform\/digitale-bilder\/\" target=\"_self\"><\/a><span class=\"tg-item-date\">1. M\u00e4rz 2018<\/span><h2 class=\"tg-item-title\"><a href=\"https:\/\/medienplattform.wmk-karlsruhe.de\/wmk-karlsruhe-de-medienplattform\/digitale-bilder\/\" target=\"_self\">Digitale Bilder<\/a><\/h2><\/div><\/div><\/div><\/div><\/div><\/article><!-- The Grid item #20 --><article class=\"tg-item tg-post-2438 lome\" data-row=\"1\" data-col=\"1\"><div class=\"tg-item-inner\"><div class=\"tg-item-media-holder tg-light\"><div class=\"tg-item-media-inner\"><div class=\"tg-item-gallery-holder\"><img loading=\"lazy\" decoding=\"async\" class=\"tg-item-image first-image show\" alt=\"\" width=\"500\" height=\"500\" src=\"https:\/\/medienplattform.wmk-karlsruhe.de\/wmk-karlsruhe-de-medienplattform\/wp-content\/uploads\/WMK-Teaser-Multiple-Sklerose-500x500.jpg\"><\/div><\/div><div class=\"tg-item-overlay\" style=\"background-color:rgba(30,0,142,0.7)\"><\/div><div class=\"tg-item-content\"><div class=\"tg-center-holder\"><div class=\"tg-center-inner\"><a class=\"tg-item-link\" href=\"https:\/\/medienplattform.wmk-karlsruhe.de\/wmk-karlsruhe-de-medienplattform\/die-krankheit-der-1000-gesichter\/\" target=\"_blank\"><\/a><span class=\"tg-item-date\">1. August 2017<\/span><h2 class=\"tg-item-title\"><a href=\"https:\/\/medienplattform.wmk-karlsruhe.de\/wmk-karlsruhe-de-medienplattform\/die-krankheit-der-1000-gesichter\/\" target=\"_blank\">Die Krankheit der 1000 Gesichter<\/a><\/h2><\/div><\/div><\/div><\/div><\/div><\/article><!-- The Grid item #21 --><article class=\"tg-item tg-post-1655 lome\" data-row=\"1\" data-col=\"1\"><div class=\"tg-item-inner\"><div class=\"tg-item-media-holder tg-light\"><div class=\"tg-item-media-inner\"><div class=\"tg-item-gallery-holder\"><img loading=\"lazy\" decoding=\"async\" class=\"tg-item-image first-image show\" alt=\"\" width=\"500\" height=\"500\" src=\"https:\/\/medienplattform.wmk-karlsruhe.de\/wmk-karlsruhe-de-medienplattform\/wp-content\/uploads\/gch_kit_wiss3-xl-500x500.jpg\"><div class=\"tg-item-image\" style=\"background-image: url(https:\/\/medienplattform.wmk-karlsruhe.de\/wmk-karlsruhe-de-medienplattform\/wp-content\/uploads\/gch_kit_wiss4-500x500.jpg)\"><\/div><div class=\"tg-item-image\" style=\"background-image: url(https:\/\/medienplattform.wmk-karlsruhe.de\/wmk-karlsruhe-de-medienplattform\/wp-content\/uploads\/gch_kit_wiss2-500x500.jpg)\"><\/div><div class=\"tg-item-image\" style=\"background-image: url(https:\/\/medienplattform.wmk-karlsruhe.de\/wmk-karlsruhe-de-medienplattform\/wp-content\/uploads\/gch_kit_wiss1-500x500.jpg)\"><\/div><\/div><\/div><div class=\"tg-item-overlay\" style=\"background-color:rgba(255,76,0,0.7)\"><\/div><div class=\"tg-item-content\"><div class=\"tg-center-holder\"><div class=\"tg-center-inner\"><a class=\"tg-item-link\" href=\"https:\/\/medienplattform.wmk-karlsruhe.de\/wmk-karlsruhe-de-medienplattform\/wissen-am-sonntag\/\" target=\"_self\"><\/a><span class=\"tg-item-date\">1. August 2016<\/span><h2 class=\"tg-item-title\"><a href=\"https:\/\/medienplattform.wmk-karlsruhe.de\/wmk-karlsruhe-de-medienplattform\/wissen-am-sonntag\/\" target=\"_self\">Wissen am Sonntag<\/a><\/h2><\/div><\/div><\/div><\/div><\/div><\/article><!-- The Grid item #22 --><article class=\"tg-item tg-post-2488 lome\" data-row=\"1\" data-col=\"1\"><div class=\"tg-item-inner\"><div class=\"tg-item-media-holder tg-light\"><div class=\"tg-item-media-inner\"><div class=\"tg-item-gallery-holder\"><img loading=\"lazy\" decoding=\"async\" class=\"tg-item-image first-image show\" alt=\"\" width=\"500\" height=\"500\" src=\"https:\/\/medienplattform.wmk-karlsruhe.de\/wmk-karlsruhe-de-medienplattform\/wp-content\/uploads\/wmk-mp-ev-herbst-500x500.jpg\"><div class=\"tg-item-image\" style=\"background-image: url(https:\/\/medienplattform.wmk-karlsruhe.de\/wmk-karlsruhe-de-medienplattform\/wp-content\/uploads\/wmk-mp-ev-katerstimmung-500x500.jpg)\"><\/div><div class=\"tg-item-image\" style=\"background-image: url(https:\/\/medienplattform.wmk-karlsruhe.de\/wmk-karlsruhe-de-medienplattform\/wp-content\/uploads\/wmk-mp-ev-muskelkater-500x500.jpg)\"><\/div><div class=\"tg-item-image\" style=\"background-image: url(https:\/\/medienplattform.wmk-karlsruhe.de\/wmk-karlsruhe-de-medienplattform\/wp-content\/uploads\/wmk-mp-ev-radioaktivitaet-500x500.jpg)\"><\/div><\/div><\/div><div class=\"tg-item-overlay\" style=\"background-color:rgba(252,42,0,0.7)\"><\/div><div class=\"tg-item-content\"><div class=\"tg-center-holder\"><div class=\"tg-center-inner\"><a class=\"tg-item-link\" href=\"https:\/\/medienplattform.wmk-karlsruhe.de\/wmk-karlsruhe-de-medienplattform\/erklaervideos\/\" target=\"_self\"><\/a><span class=\"tg-item-date\">1. M\u00e4rz 2016<\/span><h2 class=\"tg-item-title\"><a href=\"https:\/\/medienplattform.wmk-karlsruhe.de\/wmk-karlsruhe-de-medienplattform\/erklaervideos\/\" target=\"_self\">Erkl\u00e4rvideos<\/a><\/h2><\/div><\/div><\/div><\/div><\/div><\/article><!-- The Grid item #23 --><article class=\"tg-item tg-post-1642 lome\" data-row=\"1\" data-col=\"1\"><div class=\"tg-item-inner\"><div class=\"tg-item-media-holder tg-light\"><div class=\"tg-item-media-inner\"><div class=\"tg-item-gallery-holder\"><img loading=\"lazy\" decoding=\"async\" class=\"tg-item-image first-image show\" alt=\"\" width=\"500\" height=\"500\" src=\"https:\/\/medienplattform.wmk-karlsruhe.de\/wmk-karlsruhe-de-medienplattform\/wp-content\/uploads\/MG_5378-500x500.jpg\"><div class=\"tg-item-image\" style=\"background-image: url(https:\/\/medienplattform.wmk-karlsruhe.de\/wmk-karlsruhe-de-medienplattform\/wp-content\/uploads\/MG_5384-500x500.jpg)\"><\/div><div class=\"tg-item-image\" style=\"background-image: url(https:\/\/medienplattform.wmk-karlsruhe.de\/wmk-karlsruhe-de-medienplattform\/wp-content\/uploads\/MG_5392-500x500.jpg)\"><\/div><div class=\"tg-item-image\" style=\"background-image: url(https:\/\/medienplattform.wmk-karlsruhe.de\/wmk-karlsruhe-de-medienplattform\/wp-content\/uploads\/MG_5389-500x500.jpg)\"><\/div><div class=\"tg-item-image\" style=\"background-image: url(https:\/\/medienplattform.wmk-karlsruhe.de\/wmk-karlsruhe-de-medienplattform\/wp-content\/uploads\/MG_5385-500x500.jpg)\"><\/div><\/div><\/div><div class=\"tg-item-overlay\" style=\"background-color:rgba(170,10,230,0.7)\"><\/div><div class=\"tg-item-content\"><div class=\"tg-center-holder\"><div class=\"tg-center-inner\"><a class=\"tg-item-link\" href=\"https:\/\/medienplattform.wmk-karlsruhe.de\/wmk-karlsruhe-de-medienplattform\/printerest\/\" target=\"_self\"><\/a><span class=\"tg-item-date\">1. M\u00e4rz 2016<\/span><h2 class=\"tg-item-title\"><a href=\"https:\/\/medienplattform.wmk-karlsruhe.de\/wmk-karlsruhe-de-medienplattform\/printerest\/\" target=\"_self\">Printerest<\/a><\/h2><\/div><\/div><\/div><\/div><\/div><\/article><!-- The Grid item #24 --><article class=\"tg-item tg-post-1649 lome\" data-row=\"1\" data-col=\"1\"><div class=\"tg-item-inner\"><div class=\"tg-item-media-holder tg-light\"><div class=\"tg-item-media-inner\"><div class=\"tg-item-gallery-holder\"><img loading=\"lazy\" decoding=\"async\" class=\"tg-item-image first-image show\" alt=\"\" width=\"381\" height=\"388\" src=\"https:\/\/medienplattform.wmk-karlsruhe.de\/wmk-karlsruhe-de-medienplattform\/wp-content\/uploads\/stollfuss.jpg\"><div class=\"tg-item-image\" style=\"background-image: url(https:\/\/medienplattform.wmk-karlsruhe.de\/wmk-karlsruhe-de-medienplattform\/wp-content\/uploads\/janich-500x375.jpg)\"><\/div><div class=\"tg-item-image\" style=\"background-image: url(https:\/\/medienplattform.wmk-karlsruhe.de\/wmk-karlsruhe-de-medienplattform\/wp-content\/uploads\/scheufele-500x500.jpg)\"><\/div><div class=\"tg-item-image\" style=\"background-image: url(https:\/\/medienplattform.wmk-karlsruhe.de\/wmk-karlsruhe-de-medienplattform\/wp-content\/uploads\/kienhues.jpg)\"><\/div><div class=\"tg-item-image\" style=\"background-image: url(https:\/\/medienplattform.wmk-karlsruhe.de\/wmk-karlsruhe-de-medienplattform\/wp-content\/uploads\/jungwirth-500x500.jpg)\"><\/div><div class=\"tg-item-image\" style=\"background-image: url(https:\/\/medienplattform.wmk-karlsruhe.de\/wmk-karlsruhe-de-medienplattform\/wp-content\/uploads\/luethje.jpg)\"><\/div><div class=\"tg-item-image\" style=\"background-image: url(https:\/\/medienplattform.wmk-karlsruhe.de\/wmk-karlsruhe-de-medienplattform\/wp-content\/uploads\/arnold-500x500.jpg)\"><\/div><div class=\"tg-item-image\" style=\"background-image: url(https:\/\/medienplattform.wmk-karlsruhe.de\/wmk-karlsruhe-de-medienplattform\/wp-content\/uploads\/dernbach.jpg)\"><\/div><div class=\"tg-item-image\" style=\"background-image: url(https:\/\/medienplattform.wmk-karlsruhe.de\/wmk-karlsruhe-de-medienplattform\/wp-content\/uploads\/beck.jpg)\"><\/div><\/div><\/div><div class=\"tg-item-overlay\" style=\"background-color:rgba(0,123,234,0.8)\"><\/div><div class=\"tg-item-content\"><div class=\"tg-center-holder\"><div class=\"tg-center-inner\"><a class=\"tg-item-link\" href=\"https:\/\/medienplattform.wmk-karlsruhe.de\/wmk-karlsruhe-de-medienplattform\/scicomm\/\" target=\"_self\"><\/a><span class=\"tg-item-date\">1. August 2015<\/span><h2 class=\"tg-item-title\"><a href=\"https:\/\/medienplattform.wmk-karlsruhe.de\/wmk-karlsruhe-de-medienplattform\/scicomm\/\" target=\"_self\">SciComm<\/a><\/h2><\/div><\/div><\/div><\/div><\/div><\/article><!-- The Grid item #25 --><article class=\"tg-item tg-post-1651 lome\" data-row=\"1\" data-col=\"1\"><div class=\"tg-item-inner\"><div class=\"tg-item-media-holder tg-light\"><div class=\"tg-item-media-inner\"><div class=\"tg-item-gallery-holder\"><img loading=\"lazy\" decoding=\"async\" class=\"tg-item-image first-image show\" alt=\"\" width=\"500\" height=\"500\" src=\"https:\/\/medienplattform.wmk-karlsruhe.de\/wmk-karlsruhe-de-medienplattform\/wp-content\/uploads\/2015\/03\/scrolly-500x500.png\"><div class=\"tg-item-image\" style=\"background-image: url(https:\/\/medienplattform.wmk-karlsruhe.de\/wmk-karlsruhe-de-medienplattform\/wp-content\/uploads\/BaumUndBogen-2-500x500.jpg)\"><\/div><\/div><\/div><div class=\"tg-item-overlay\" style=\"background-color:rgba(206,0,0,0.8)\"><\/div><div class=\"tg-item-content\"><div class=\"tg-center-holder\"><div class=\"tg-center-inner\"><a class=\"tg-item-link\" href=\"https:\/\/medienplattform.wmk-karlsruhe.de\/wmk-karlsruhe-de-medienplattform\/scrollytelling\/\" target=\"_self\"><\/a><span class=\"tg-item-date\">1. M\u00e4rz 2015<\/span><h2 class=\"tg-item-title\"><a href=\"https:\/\/medienplattform.wmk-karlsruhe.de\/wmk-karlsruhe-de-medienplattform\/scrollytelling\/\" target=\"_self\">Scrollytelling<\/a><\/h2><\/div><\/div><\/div><\/div><\/div><\/article><!-- The Grid item #26 --><article class=\"tg-item tg-post-1653 lome\" data-row=\"1\" data-col=\"1\"><div class=\"tg-item-inner\"><div class=\"tg-item-media-holder tg-light\"><div class=\"tg-item-media-inner\"><div class=\"tg-item-gallery-holder\"><img loading=\"lazy\" decoding=\"async\" class=\"tg-item-image first-image show\" alt=\"\" width=\"350\" height=\"350\" src=\"https:\/\/medienplattform.wmk-karlsruhe.de\/wmk-karlsruhe-de-medienplattform\/wp-content\/uploads\/Beitragsbild-sei-haltbar.png\"><div class=\"tg-item-image\" style=\"background-image: url(https:\/\/medienplattform.wmk-karlsruhe.de\/wmk-karlsruhe-de-medienplattform\/wp-content\/uploads\/Smartphone_Beitrag03-750x300-500x300.png)\"><\/div><div class=\"tg-item-image\" style=\"background-image: url(https:\/\/medienplattform.wmk-karlsruhe.de\/wmk-karlsruhe-de-medienplattform\/wp-content\/uploads\/SoLaWi-Beitragsbild.png)\"><\/div><div class=\"tg-item-image\" style=\"background-image: url(https:\/\/medienplattform.wmk-karlsruhe.de\/wmk-karlsruhe-de-medienplattform\/wp-content\/uploads\/sei-haltbar-logo-500x500.jpg)\"><\/div><div class=\"tg-item-image\" style=\"background-image: url(https:\/\/medienplattform.wmk-karlsruhe.de\/wmk-karlsruhe-de-medienplattform\/wp-content\/uploads\/Trigema_klein-540x350-500x350.jpg)\"><\/div><\/div><\/div><div class=\"tg-item-overlay\" style=\"background-color:rgba(35,178,0,0.7)\"><\/div><div class=\"tg-item-content\"><div class=\"tg-center-holder\"><div class=\"tg-center-inner\"><a class=\"tg-item-link\" href=\"https:\/\/medienplattform.wmk-karlsruhe.de\/wmk-karlsruhe-de-medienplattform\/sei-haltbar\/\" target=\"_self\"><\/a><span class=\"tg-item-date\">1. August 2014<\/span><h2 class=\"tg-item-title\"><a href=\"https:\/\/medienplattform.wmk-karlsruhe.de\/wmk-karlsruhe-de-medienplattform\/sei-haltbar\/\" target=\"_self\">Sei-Haltbar<\/a><\/h2><\/div><\/div><\/div><\/div><\/div><\/article><\/div><\/div><!-- The Grid Wrapper End -->\n","protected":false},"excerpt":{"rendered":"<p>Von Jana-Romina Bulling und Elena Pattberg &#8212; 25. August 2016 E-Books, E-Journale und E-Newspaper: Warum werden Printmedien ins Digitale \u00fcberf\u00fchrt? Sind gedruckte B\u00fccher, Zeitschriften und Zeitungen nicht mehr gut genug? Die Antwort vieler Online-Bef\u00fcrworter ist: \u00bbJa! Niemand braucht mehr Print!\u00ab Aber wie erkl\u00e4rt sich dann, dass die Deutschen jedes Jahr immer noch \u00fcber drei Milliarden <a href=\"https:\/\/medienplattform.wmk-karlsruhe.de\/wmk-karlsruhe-de-medienplattform\/sei-haltbar\/\" class=\"more-link\">&hellip; <span class=\"screen-reader-text\">Sei-Haltbar weiterlesen<\/span><\/a><\/p>\n","protected":false},"author":6,"featured_media":0,"comment_status":"closed","ping_status":"closed","sticky":false,"template":"","format":"standard","meta":{"footnotes":""},"categories":[21],"tags":[],"class_list":{"0":"post-1736","1":"post","2":"type-post","3":"status-publish","4":"format-standard","6":"category-printerest","7":"entry"},"_links":{"self":[{"href":"https:\/\/medienplattform.wmk-karlsruhe.de\/wmk-karlsruhe-de-medienplattform\/wp-json\/wp\/v2\/posts\/1736"}],"collection":[{"href":"https:\/\/medienplattform.wmk-karlsruhe.de\/wmk-karlsruhe-de-medienplattform\/wp-json\/wp\/v2\/posts"}],"about":[{"href":"https:\/\/medienplattform.wmk-karlsruhe.de\/wmk-karlsruhe-de-medienplattform\/wp-json\/wp\/v2\/types\/post"}],"author":[{"embeddable":true,"href":"https:\/\/medienplattform.wmk-karlsruhe.de\/wmk-karlsruhe-de-medienplattform\/wp-json\/wp\/v2\/users\/6"}],"replies":[{"embeddable":true,"href":"https:\/\/medienplattform.wmk-karlsruhe.de\/wmk-karlsruhe-de-medienplattform\/wp-json\/wp\/v2\/comments?post=1736"}],"version-history":[{"count":28,"href":"https:\/\/medienplattform.wmk-karlsruhe.de\/wmk-karlsruhe-de-medienplattform\/wp-json\/wp\/v2\/posts\/1736\/revisions"}],"predecessor-version":[{"id":2335,"href":"https:\/\/medienplattform.wmk-karlsruhe.de\/wmk-karlsruhe-de-medienplattform\/wp-json\/wp\/v2\/posts\/1736\/revisions\/2335"}],"wp:attachment":[{"href":"https:\/\/medienplattform.wmk-karlsruhe.de\/wmk-karlsruhe-de-medienplattform\/wp-json\/wp\/v2\/media?parent=1736"}],"wp:term":[{"taxonomy":"category","embeddable":true,"href":"https:\/\/medienplattform.wmk-karlsruhe.de\/wmk-karlsruhe-de-medienplattform\/wp-json\/wp\/v2\/categories?post=1736"},{"taxonomy":"post_tag","embeddable":true,"href":"https:\/\/medienplattform.wmk-karlsruhe.de\/wmk-karlsruhe-de-medienplattform\/wp-json\/wp\/v2\/tags?post=1736"}],"curies":[{"name":"wp","href":"https:\/\/api.w.org\/{rel}","templated":true}]}}